{"id":6084,"date":"2023-06-16T15:40:20","date_gmt":"2023-06-16T15:40:20","guid":{"rendered":"https:\/\/sinasefesm.com\/?p=6084"},"modified":"2023-06-16T15:40:20","modified_gmt":"2023-06-16T15:40:20","slug":"gtpec-primeiro-dia-debate-temas-gerais-ligados-a-educacao","status":"publish","type":"post","link":"https:\/\/sinasefesm.com\/index.php\/2023\/06\/16\/gtpec-primeiro-dia-debate-temas-gerais-ligados-a-educacao\/","title":{"rendered":"GTPEC: primeiro dia debate temas gerais ligados \u00e0 educa\u00e7\u00e3o"},"content":{"rendered":"\n<p>Na \u00faltima quinta-feira, 15 de junho, teve in\u00edcio, em Bras\u00edlia-DF, o Grupo de Trabalho de Pol\u00edticas Educacionais e Culturais (GTPEC) do Sinasefe, no qual foi apresentada a atual conjuntura das pol\u00edticas educacionais brasileiras e a proposta de Semin\u00e1rio Nacional de Educa\u00e7\u00e3o (SNE).&nbsp;<\/p>\n\n\n\n<p>Para dar in\u00edcio \u00e0s atividades do primeiro dia, o Secret\u00e1rio de Pol\u00edticas Educacionais e Culturais do Sindicato Nacional, Jo\u00e3o Cichaczewski, destacou a import\u00e2ncia de se realizar debates acerca da educa\u00e7\u00e3o, pois \u00e9 um assunto que extrapola os limites do Sinasefe: <em>\u2018\u2019sa\u00edmos de nossos guetos corporativos para uma perspectiva de que p<\/em><a href=\"https:\/\/www.mensnikeairmaxoutlet.com\/womens-nike-air-max\/\"><strong>women&#8217;s  nike air max<\/strong><\/a> <a href=\"https:\/\/www.adidaspromocodeonline.com\/adidas-shoe-sales\/\"><strong>adidas  shoe sales<\/strong><\/a> <a href=\"https:\/\/www.iairjordansneakers.com\/nike-air-jordan-1-lost-and-found\/\"><strong>nike  air jordan 1 retro<\/strong><\/a> <a href=\"https:\/\/www.nikeairmax270sale.com\/nike-air-max-for-sale\/\"><strong>nike air  max 270 women&#8217;s sale<\/strong><\/a> <a href=\"https:\/\/www.shopnflfantasy.com\/nfl-shop-near-me\/\"><strong>nfl pro  shop<\/strong><\/a> <a href=\"https:\/\/www.casamexicanabellevue.com\/best-human-hair-wigs-for-black-females\/\"><strong>wigs  online<\/strong><\/a> <a href=\"https:\/\/www.iyeezyboostadidas.com\/\"><strong>adidas  yeezy boost 350 v2 bone<\/strong><\/a> <a href=\"https:\/\/www.onlineadidasfactoryoutlet.com\/adidas-promo-code\/\"><strong>adidas  sale<\/strong><\/a> <a href=\"https:\/\/www.jerseyscustomforsale.com\/customized-baseball-jerseys\/\"><strong>custom  jerseys basketball<\/strong><\/a> <a href=\"http:\/\/chefbega.com\/custom-soccer-uniforms\/\"><strong>custom jersey  maker<\/strong><\/a> <a href=\"http:\/\/fansideastore.com\/custom-basketball-uniforms\/\"><strong>custom  basketball uniforms<\/strong><\/a> <a href=\"https:\/\/www.storeonlinewigs.com\/wig-outlet\/\"><strong>wig  outlet<\/strong><\/a> <a href=\"https:\/\/www.pembemavisekerler.com\/nike-air-max-270-womens-sale\/\"><strong>nike  air max for sale<\/strong><\/a> <a href=\"https:\/\/www.adidasyeezyoutletonline.com\/adidas-originals-store\/\"><strong>best  adidas running shoes<\/strong><\/a> <a href=\"https:\/\/freewaybambootattoo.com\/\"><strong>custom jerseys<\/strong><\/a> <em>ode e tem a potencialidade de fortalecer o movimento sindical e os movimentos sociais no geral.\u201d <\/em>Nesse sentido, o Secret\u00e1rio argumentou que o Brasil vem sofrendo desde 2016, de modo acelerado, uma s\u00e9rie de retrocessos no campo educacional, os quais fazem parte de um projeto burgu\u00eas: <em>\u2018\u2019[os retrocessos fazem parte] de um projeto pautado no momento da conjuntura do capitalismo caracterizado pela reestrutura\u00e7\u00e3o produtiva, pela flexibiliza\u00e7\u00e3o dos direitos, pela redu\u00e7\u00e3o do investimento em pol\u00edtica social que a gente chama de neoliberalismo.\u2019\u2019<\/em><\/p>\n\n\n\n<p>Em decorr\u00eancia dessa an\u00e1lise em torno dos projetos neoliberais da educa\u00e7\u00e3o, foram propostos 10 eixos de debate para o GTPEC, contidos nos <a href=\"https:\/\/sinasefe.org.br\/site\/conheca-o-caderno-de-textos-preliminares-do-gtpec\/\">Textos Preliminares<\/a>, listados abaixo.<\/p>\n\n\n\n<p>1. Ensino M\u00e9dio Integrado;<\/p>\n\n\n\n<p>2. Licenciaturas e forma\u00e7\u00e3o de professores;<\/p>\n\n\n\n<p>3. Educa\u00e7\u00e3o de Jovens e Adultos;<\/p>\n\n\n\n<p>4. Pesquisa e P\u00f3s-gradua\u00e7\u00e3o para al\u00e9m da inova\u00e7\u00e3o;<\/p>\n\n\n\n<p>5. Extens\u00e3o e Cultura;<\/p>\n\n\n\n<p>6. Gest\u00e3o democr\u00e1tica;<\/p>\n\n\n\n<p>7. Financiamento;<\/p>\n\n\n\n<p>8. Assist\u00eancia Estudantil, Acesso e Perman\u00eancia;<\/p>\n\n\n\n<p>9. Educa\u00e7\u00e3o do Campo e Pedagogia da Altern\u00e2ncia;<\/p>\n\n\n\n<p>10. Educa\u00e7\u00e3o inclusiva.<\/p>\n\n\n\n<p>Ainda durante a abertura do primeiro dia, o Secret\u00e1rio-Adjunto de Pol\u00edticas Educacionais e Culturais do Sinasefe, Manoel Porto J\u00fanior, comentou sobre a conjuntura pol\u00edtica do pa\u00eds em rela\u00e7\u00e3o \u00e0 educa\u00e7\u00e3o, que se encontra em um cen\u00e1rio melhor atualmente quando comparado ao governo Bolsonaro. Contudo, ainda agora na gest\u00e3o Lula, enfrenta entraves ligados \u00e0 falta de di\u00e1logo entre o Minist\u00e9rio da Educa\u00e7\u00e3o (MEC) e as entidades sindicais.<\/p>\n\n\n\n<p class=\"has-medium-font-size\"><strong>Interven\u00e7\u00e3o dos participantes<\/strong><\/p>\n\n\n\n<p>O evento foi marcado tamb\u00e9m pela participa\u00e7\u00e3o de mais de 15 sindicalizados nos debates, pautando principalmente as realidades particulares de suas pr\u00f3prias institui\u00e7\u00f5es de ensino e das lutas sindicais a n\u00edvel regional, refor\u00e7ando a necessidade de se combater desigualdades e opress\u00f5es no \u00e2mbito sindical e educacional. Somado a isso, houve debates acerca da situa\u00e7\u00e3o atual da Rede Federal de educa\u00e7\u00e3o, impactada pela Base Nacional Comum Curricular (BNCC), e a Reforma do Ensino M\u00e9dio na Educa\u00e7\u00e3o de Jovens e Adultos (EJA) e nos Planos Pedag\u00f3gicos de Curso (PPCs).<\/p>\n\n\n\n<figure class=\"wp-block-gallery has-nested-images columns-default is-cropped wp-block-gallery-1 is-layout-flex wp-block-gallery-is-layout-flex\">\n<figure class=\"wp-block-image size-large\"><img decoding=\"async\" data-id=\"6085\" src=\"https:\/\/sinasefesm.com\/wp-content\/uploads\/2023\/06\/20230615_163454-600x400-1.jpg\" alt=\"\" class=\"wp-image-6085\"\/><\/figure>\n\n\n\n<figure class=\"wp-block-image size-large\"><img decoding=\"async\" data-id=\"6086\" src=\"https:\/\/sinasefesm.com\/wp-content\/uploads\/2023\/06\/IMG_6177.jpg\" alt=\"\" class=\"wp-image-6086\"\/><\/figure>\n\n\n\n<figure class=\"wp-block-image size-large\"><img decoding=\"async\" data-id=\"6087\" src=\"https:\/\/sinasefesm.com\/wp-content\/uploads\/2023\/06\/20230615_172025-600x400-1.jpg\" alt=\"\" class=\"wp-image-6087\"\/><\/figure>\n\n\n\n<figure class=\"wp-block-image size-large\"><img decoding=\"async\" data-id=\"6088\" src=\"https:\/\/sinasefesm.com\/wp-content\/uploads\/2023\/06\/IMG_6179.jpg\" alt=\"\" class=\"wp-image-6088\"\/><\/figure>\n<\/figure>\n\n\n\n<p><strong>\u2018Reforma\u2019 do Ensino M\u00e9dio na Rede Federal<\/strong><\/p>\n\n\n\n<p>Contribuindo com os debates, o Coordenador Geral do Sinasefe Litoral-SC e professor estudioso das implica\u00e7\u00f5es da Reforma do Ensino M\u00e9dio nos Institutos Federais, Alessandro Paix\u00e3o, foi convidado a apresentar dados atualizados da realidade da Rede Federal, com base em sua pesquisa feita com 243 Planos Pedag\u00f3gicos de Cursos (PPCs). A partir desse panorama, Paix\u00e3o exp\u00f4s uma an\u00e1lise dos impactos relacionados \u00e0 carga hor\u00e1ria e \u00e0s limita\u00e7\u00f5es nas disciplinas de forma\u00e7\u00e3o b\u00e1sica: <em>\u201ccomo eu vou dizer que o meu ensino m\u00e9dio \u00e9 um ensino m\u00e9dio que abre possibilidades, quando eu estabele\u00e7o um limite da forma\u00e7\u00e3o geral? Esse \u00e9 o primeiro questionamento que a gente tem que fazer a partir da presen\u00e7a das 1800 horas. Ou seja, n\u00f3s n\u00e3o temos mais uma proposta de uma forma\u00e7\u00e3o integral, mas sim uma forma\u00e7\u00e3o limitada pelas 1800 horas da BNCC. Dentro da minha amostra, [por exemplo] a disciplina de artes se apresenta em apenas 8%, e n\u00f3s sabemos o que isso significa.\u201d<\/em><\/p>\n\n\n\n<p>Abaixo, confira na \u00edntegra a pesquisa do Coordenador.<\/p>\n\n\n\n<div data-wp-interactive=\"core\/file\" class=\"wp-block-file\"><object data-wp-bind--hidden=\"!state.hasPdfPreview\" hidden class=\"wp-block-file__embed\" data=\"https:\/\/sinasefesm.com\/wp-content\/uploads\/2023\/06\/20230615Alessandro_Tese_Rede_NEM_PPC.pdf\" type=\"application\/pdf\" style=\"width:100%;height:600px\" aria-label=\"Incorporado de Tese de Alessandro Paix\u00e3o.\"><\/object><a id=\"wp-block-file--media-066c4038-b1c2-4be3-80c5-c53c81478add\" href=\"https:\/\/sinasefesm.com\/wp-content\/uploads\/2023\/06\/20230615Alessandro_Tese_Rede_NEM_PPC.pdf\">Tese de Alessandro Paix\u00e3o<\/a><a href=\"https:\/\/sinasefesm.com\/wp-content\/uploads\/2023\/06\/20230615Alessandro_Tese_Rede_NEM_PPC.pdf\" class=\"wp-block-file__button wp-element-button\" download aria-describedby=\"wp-block-file--media-066c4038-b1c2-4be3-80c5-c53c81478add\">Baixar<\/a><\/div>\n\n\n\n<p>Ao final do primeiro dia de evento, houve a leitura da <a href=\"https:\/\/sinasefe.org.br\/site\/2o-enniq-confira-a-carta-final-e-os-encaminhamentos-aprovados\/\">Carta Final<\/a> do 2\u00ba Encontro Nacional de Negras, Negros, Ind\u00edgenas e Quilombolas (ENNIQ), assunto que ser\u00e1 pauta da 181\u00aa Plen\u00e1ria Nacional, marcada para acontecer dia 17 de junho.<\/p>\n\n\n\n<p>Siga acompanhando nosso site e redes sociais para conferir mais informa\u00e7\u00f5es sobre o GTPEC.<\/p>\n\n\n\n<hr class=\"wp-block-separator has-alpha-channel-opacity\"\/>\n\n\n\n<p><em>Texto: Laurent Keller<\/em><\/p>\n\n\n\n<p><em>Imagens: Sinasefe Nacional<\/em><\/p>\n\n\n\n<p><em>Edi\u00e7\u00e3o: Bruna Homrich<\/em><\/p>\n\n\n\n<p>.<\/p>\n","protected":false},"excerpt":{"rendered":"<p>Na \u00faltima quinta-feira, 15 de junho, teve in\u00edcio, em Bras\u00edlia-DF, o Grupo de Trabalho de Pol\u00edticas Educacionais e Culturais (GTPEC) do Sinasefe, no qual foi apresentada a atual conjuntura das pol\u00edticas educacionais brasileiras e a proposta de Semin\u00e1rio Nacional de Educa\u00e7\u00e3o (SNE).&nbsp; Para dar in\u00edcio \u00e0s atividades do primeiro dia, o Secret\u00e1rio de Pol\u00edticas Educacionais<\/p>\n","protected":false},"author":5,"featured_media":6090,"comment_status":"closed","ping_status":"closed","sticky":false,"template":"","format":"standard","meta":{"footnotes":""},"categories":[37,39,42],"tags":[116,145,155,207],"class_list":{"0":"post-6084","1":"post","2":"type-post","3":"status-publish","4":"format-standard","5":"has-post-thumbnail","7":"category-destaque","8":"category-eventos","9":"category-noticia","10":"tag-educacao","11":"tag-gtpec","12":"tag-institutos-federais","13":"tag-reforma-do-ensino-medio"},"_links":{"self":[{"href":"https:\/\/sinasefesm.com\/index.php\/wp-json\/wp\/v2\/posts\/6084","targetHints":{"allow":["GET"]}}],"collection":[{"href":"https:\/\/sinasefesm.com\/index.php\/wp-json\/wp\/v2\/posts"}],"about":[{"href":"https:\/\/sinasefesm.com\/index.php\/wp-json\/wp\/v2\/types\/post"}],"author":[{"embeddable":true,"href":"https:\/\/sinasefesm.com\/index.php\/wp-json\/wp\/v2\/users\/5"}],"replies":[{"embeddable":true,"href":"https:\/\/sinasefesm.com\/index.php\/wp-json\/wp\/v2\/comments?post=6084"}],"version-history":[{"count":0,"href":"https:\/\/sinasefesm.com\/index.php\/wp-json\/wp\/v2\/posts\/6084\/revisions"}],"wp:featuredmedia":[{"embeddable":true,"href":"https:\/\/sinasefesm.com\/index.php\/wp-json\/wp\/v2\/media\/6090"}],"wp:attachment":[{"href":"https:\/\/sinasefesm.com\/index.php\/wp-json\/wp\/v2\/media?parent=6084"}],"wp:term":[{"taxonomy":"category","embeddable":true,"href":"https:\/\/sinasefesm.com\/index.php\/wp-json\/wp\/v2\/categories?post=6084"},{"taxonomy":"post_tag","embeddable":true,"href":"https:\/\/sinasefesm.com\/index.php\/wp-json\/wp\/v2\/tags?post=6084"}],"curies":[{"name":"wp","href":"https:\/\/api.w.org\/{rel}","templated":true}]}}