{"id":6092,"date":"2023-06-16T23:11:08","date_gmt":"2023-06-16T23:11:08","guid":{"rendered":"https:\/\/sinasefesm.com\/?p=6092"},"modified":"2023-06-16T23:11:08","modified_gmt":"2023-06-16T23:11:08","slug":"gt-carreira-chega-ao-fim-com-deliberacoes-sobre-carreira-de-docentes-e-taes","status":"publish","type":"post","link":"https:\/\/sinasefesm.com\/index.php\/2023\/06\/16\/gt-carreira-chega-ao-fim-com-deliberacoes-sobre-carreira-de-docentes-e-taes\/","title":{"rendered":"GT Carreira chega ao fim com delibera\u00e7\u00f5es sobre carreira de docentes e TAEs"},"content":{"rendered":"\n<p>Nesta quinta-feira, 15, ocorreu, em Bras\u00edlia, o segundo e \u00faltimo dia do GT Carreira do Sinasefe, com debates sobre os destaques da malha docente e demais pontos relativos \u00e0 carreira do EBTT. Participaram do evento, representando o Sinasefe Santa Maria, o Coordenador Geral, Jos\u00e9 Ab\u00edlio de Freitas, e a Secret\u00e1ria de Comunica\u00e7\u00e3o e Forma\u00e7\u00e3o Pol\u00edtica, Miriane Fonseca. <\/p>\n\n\n\n<p>Tentou-se construir o m\u00e1ximo de converg\u00eancias entre as propostas de docentes e t\u00e9cnicos, visando \u00e0 elabora\u00e7\u00e3<a href=\"https:\/\/www.wigsoutletonline.com\/where-to-buy-good-wigs-online\/\"><strong>wig for sale<\/strong><\/a> <a href=\"http:\/\/cityoftheangelsmusic.com\/nike-air-max-97\/\"><strong>nike air max 97<\/strong><\/a> <a href=\"http:\/\/wmcateringandevents.com\/nike-air-jordan-mens\/\"><strong>nike air jordan mens shoes<\/strong><\/a> <a href=\"https:\/\/www.pembemavisekerler.com\/nike-air-max-90-sale\/\"><strong>nike air max 90 sale<\/strong><\/a> <a href=\"https:\/\/www.salescustomnfljerseys.com\/custom-nfl-jerseys\/\"><strong>cheap jerseys<\/strong><\/a> <a href=\"https:\/\/www.salenikeairmaxshoe.com\/nike-air-max-for-sale\/\"><strong>mens nike air max 90 sale<\/strong><\/a> <a href=\"https:\/\/www.nikeairjordan1sale.com\/jordan-shoes-online\/\"><strong>cheapest jordan 1<\/strong><\/a> <a href=\"https:\/\/www.nflplusshop.com\/nfl-pro-shop\/\"><strong>custom football jerseys<\/strong><\/a> <a href=\"https:\/\/www.wigsoutletonline.com\/cheap-wigs\/\"><strong>online wig store<\/strong><\/a> <a href=\"https:\/\/www.gluelesswigsshop.com\/cheap-human-hair-wigs\/\"><strong>cheap lace front wigs<\/strong><\/a> <a href=\"http:\/\/freewaybambootattoo.com\/nfl-shop-coupon\/\"><strong>nfl shop coupon<\/strong><\/a> <a href=\"https:\/\/chefbega.com\/\"><strong>team jersey<\/strong><\/a> <a href=\"http:\/\/fansideaonline.com\/customized-baseball-jerseys\/\"><strong>custom basketball jerseys<\/strong><\/a> <a href=\"https:\/\/www.lesbiantoysstore.com\/best-male-sex-toys\/\"><strong>male sex toys<\/strong><\/a> <a href=\"http:\/\/123reviewed.com\/nike-air-max-plus\/\"><strong>nike air max men&#8217;s<\/strong><\/a>o da proposta de Carreira \u00danica (que ser\u00e1 apresentada ao Andes-SN e \u00e0 Fasubra).<\/p>\n\n\n\n<p>Ficou aprovado que o SINASEFE defender\u00e1, para a carreira docente, 13 padr\u00f5es de vencimento, por n\u00edveis de classifica\u00e7\u00e3o, an\u00e1logo ao que foi aprovado no 1\u00ba dia do GT (14\/06) para a Carreira \u00danica.<\/p>\n\n\n\n<p>O GT tamb\u00e9m deliberou pela defesa da promo\u00e7\u00e3o (acelera\u00e7\u00e3o da progress\u00e3o) para os docentes (inclusive os que ainda estiverem em est\u00e1gio probat\u00f3rio) e pela luta para que esse direito seja estendido tamb\u00e9m aos t\u00e9cnico-administrativos.<\/p>\n\n\n\n<h2 class=\"wp-block-heading\"><strong>Pauta conjunta: docentes e TAEs<\/strong><\/h2>\n\n\n\n<p>Em vota\u00e7\u00f5es, ap\u00f3s longo debate com apresenta\u00e7\u00f5es de&nbsp;<a href=\"https:\/\/sinasefe.org.br\/site\/gt-carreira-confira-as-propostas-e-contribuicoes-enviadas-pelos-gts-locais\/\" target=\"_blank\" rel=\"noreferrer noopener\">propostas sobre malha salarial<\/a>&nbsp;pelas&nbsp;<a href=\"https:\/\/sinasefe.org.br\/site\/secoes-sindicais\/\" target=\"_blank\" rel=\"noreferrer noopener\">se\u00e7\u00f5es sindicais<\/a>, foi aprovado pelo GT que o SINASEFE defender\u00e1:<\/p>\n\n\n\n<ul class=\"wp-block-list\">\n<li>insterst\u00edcio para progress\u00e3o de 18 meses;<\/li>\n\n\n\n<li>piso de tr\u00eas sal\u00e1rios m\u00ednimos (R$ 3.960,00);<\/li>\n\n\n\n<li>malha salarial com 36 padr\u00f5es, conforme&nbsp;<a href=\"https:\/\/sinasefe.org.br\/site\/download\/propostas-para-o-gt-carreira-pcctae-sindsifce\/\" target=\"_blank\" rel=\"noreferrer noopener\">proposta apresentada pelo Sindsifce<\/a>&nbsp;\u2013 faltando o desdobramento da quest\u00e3o docente para inser\u00e7\u00e3o no n\u00edvel E;<\/li>\n\n\n\n<li>o fim da correla\u00e7\u00e3o indireta no percentual de qualifica\u00e7\u00e3o \u2013 que s\u00f3 existe para os t\u00e9cnicos na atual legisla\u00e7\u00e3o;<\/li>\n\n\n\n<li>os seguintes percentuais de qualifica\u00e7\u00e3o, para docentes e t\u00e9cnico-administrativos, dentro da proposta de Carreira \u00danica:<\/li>\n\n\n\n<li>doutorado \u2013 115%;<\/li>\n\n\n\n<li>mestrado \u2013 75%;<\/li>\n\n\n\n<li>especializa\u00e7\u00e3o \u2013 50%;<\/li>\n\n\n\n<li>aperfei\u00e7oamento \u2013 45% (s\u00f3 existe para os docentes na atual legisla\u00e7\u00e3o, mas o SINASEFE defender\u00e1 que seja v\u00e1lido tamb\u00e9m para os t\u00e9cnicos);<\/li>\n\n\n\n<li>gradua\u00e7\u00e3o \u2013 40%;<\/li>\n\n\n\n<li>m\u00e9dio e t\u00e9cnico \u2013 30%.<\/li>\n<\/ul>\n\n\n<div class=\"wp-block-image is-style-default\">\n<figure class=\"alignleft size-full\"><img decoding=\"async\" src=\"https:\/\/sinasefesm.com\/wp-content\/uploads\/2023\/06\/MIRI1-1.jpg\" alt=\"\" class=\"wp-image-6103\"\/><\/figure><\/div>\n\n\n<p>Foi aprovado tamb\u00e9m que o debate sobre os n\u00edveis de capacita\u00e7\u00e3o para os docentes ser\u00e1 remetido \u00e0s se\u00e7\u00f5es sindicais, para aprofundamento nas bases e posterior delibera\u00e7\u00e3o nos f\u00f3runs do SINASEFE; assim como com outras propostas que foram remetidas \u00e0 mesa do GT e n\u00e3o puderam ser debatidas entre os presentes pelo adiantar do hor\u00e1rio.<\/p>\n\n\n\n<p>\u201cO Sinasefe abra\u00e7a duas carreiras e concili\u00e1-las em uma tabela n\u00e3o \u00e9 uma tarefa f\u00e1cil, em virtude das atribui\u00e7\u00f5es de cada carreira. Mas estamos avan\u00e7ando\u201d, destacou Miriane Fonseca. <\/p>\n\n\n\n<p>O GT encerrou seus trabalhos \u00e0s 21h40min da quinta-feira e enviar\u00e1 seus encaminhamentos sistematizados para vota\u00e7\u00e3o e delibera\u00e7\u00e3o na 181\u00aa PLENA, que ocorre neste s\u00e1bado e domingo, dias 17 e 18 de junho, tamb\u00e9m na capital federal. <a rel=\"noreferrer noopener\" href=\"https:\/\/sinasefesm.com\/segunda-edicao-do-gt-carreira-do-sinasefe-ocorre-em-brasilia\/\" data-type=\"URL\" data-id=\"https:\/\/sinasefesm.com\/segunda-edicao-do-gt-carreira-do-sinasefe-ocorre-em-brasilia\/\" target=\"_blank\">Veja aqui como foi o primeiro dia do GT Carreira<\/a>.<\/p>\n\n\n<div class=\"wp-block-image is-style-rounded\">\n<figure class=\"aligncenter size-full is-resized\"><img fetchpriority=\"high\" decoding=\"async\" src=\"https:\/\/sinasefesm.com\/wp-content\/uploads\/2023\/06\/comissoes-2.jpg\" alt=\"\" class=\"wp-image-6099\" width=\"709\" height=\"472\"\/><\/figure><\/div>\n\n<div class=\"wp-block-image is-style-rounded\">\n<figure class=\"aligncenter size-full is-resized\"><img decoding=\"async\" src=\"https:\/\/sinasefesm.com\/wp-content\/uploads\/2023\/06\/mesa-1.jpg\" alt=\"\" class=\"wp-image-6100\" width=\"693\" height=\"462\"\/><\/figure><\/div>","protected":false},"excerpt":{"rendered":"<p>Nesta quinta-feira, 15, ocorreu, em Bras\u00edlia, o segundo e \u00faltimo dia do GT Carreira do Sinasefe, com debates sobre os destaques da malha docente e demais pontos relativos \u00e0 carreira do EBTT. Participaram do evento, representando o Sinasefe Santa Maria, o Coordenador Geral, Jos\u00e9 Ab\u00edlio de Freitas, e a Secret\u00e1ria de Comunica\u00e7\u00e3o e Forma\u00e7\u00e3o Pol\u00edtica,<\/p>\n","protected":false},"author":3,"featured_media":6093,"comment_status":"closed","ping_status":"closed","sticky":false,"template":"","format":"standard","meta":{"footnotes":""},"categories":[37,39,42,45],"tags":[],"class_list":{"0":"post-6092","1":"post","2":"type-post","3":"status-publish","4":"format-standard","5":"has-post-thumbnail","7":"category-destaque","8":"category-eventos","9":"category-noticia","10":"category-sindicato"},"_links":{"self":[{"href":"https:\/\/sinasefesm.com\/index.php\/wp-json\/wp\/v2\/posts\/6092","targetHints":{"allow":["GET"]}}],"collection":[{"href":"https:\/\/sinasefesm.com\/index.php\/wp-json\/wp\/v2\/posts"}],"about":[{"href":"https:\/\/sinasefesm.com\/index.php\/wp-json\/wp\/v2\/types\/post"}],"author":[{"embeddable":true,"href":"https:\/\/sinasefesm.com\/index.php\/wp-json\/wp\/v2\/users\/3"}],"replies":[{"embeddable":true,"href":"https:\/\/sinasefesm.com\/index.php\/wp-json\/wp\/v2\/comments?post=6092"}],"version-history":[{"count":0,"href":"https:\/\/sinasefesm.com\/index.php\/wp-json\/wp\/v2\/posts\/6092\/revisions"}],"wp:featuredmedia":[{"embeddable":true,"href":"https:\/\/sinasefesm.com\/index.php\/wp-json\/wp\/v2\/media\/6093"}],"wp:attachment":[{"href":"https:\/\/sinasefesm.com\/index.php\/wp-json\/wp\/v2\/media?parent=6092"}],"wp:term":[{"taxonomy":"category","embeddable":true,"href":"https:\/\/sinasefesm.com\/index.php\/wp-json\/wp\/v2\/categories?post=6092"},{"taxonomy":"post_tag","embeddable":true,"href":"https:\/\/sinasefesm.com\/index.php\/wp-json\/wp\/v2\/tags?post=6092"}],"curies":[{"name":"wp","href":"https:\/\/api.w.org\/{rel}","templated":true}]}}