{"id":6112,"date":"2023-06-17T15:49:15","date_gmt":"2023-06-17T15:49:15","guid":{"rendered":"https:\/\/sinasefesm.com\/?p=6112"},"modified":"2023-06-17T15:49:15","modified_gmt":"2023-06-17T15:49:15","slug":"gtpec-segundo-dia-de-evento-define-encaminhamentos-para-181a-plenaria-nacional","status":"publish","type":"post","link":"https:\/\/sinasefesm.com\/index.php\/2023\/06\/17\/gtpec-segundo-dia-de-evento-define-encaminhamentos-para-181a-plenaria-nacional\/","title":{"rendered":"GTPEC: segundo dia de evento define encaminhamentos para 181\u00aa Plen\u00e1ria Nacional"},"content":{"rendered":"\n<p>Ao longo de \u00faltima sexta-feira, 16 de junho, o Grupo de Trabalho de Pol\u00edticas Educacionais e Culturais (GTPEC) discutiu as pautas que ir\u00e3o compor o 11\u00ba Semin\u00e1rio Nacional de Educa\u00e7\u00e3o do Sinasefe e definiu os encaminhamentos para a 181\u00aa Plen\u00e1ria Nacional, marcada para ocorrer neste s\u00e1bado e domingo, dias 17 e 18 de junho. Em nome da se\u00e7\u00e3o sindical de Santa Maria, a Secret\u00e1ria de Comunica\u00e7\u00e3o e Forma\u00e7\u00e3o Pol\u00edtica Sindical, Miriane Fonseca, e o Coordenador Geral, Ab\u00edlio de Freitas, participaram das atividades do segundo dia de GT.<\/p>\n\n\n\n<p>Pela manh\u00e3, os participantes foram divididos em dez grupos para debater, de forma aprofundada, os eixos apresentados pelo <a href=\"https:\/\/sinasefe.org.br\/site\/conheca-o-caderno-de-textos-preliminares-do-gtpec\/\">Caderno de Textos Preliminares<\/a>, que inclui: 1- Ensino M\u00e9dio Integrado; 2- Licenciaturas e forma\u00e7\u00e3o de professores; 3- Educa\u00e7\u00e3o de Jovens e Adultos; 5- Extens\u00e3o e Cultura se reuniram no Sal\u00e3o Raffaello. Os eixos 6- Gest\u00e3o democr\u00e1tica; 8- Assist\u00eancia Estudantil, Acesso e Perman\u00eancia e 9- Educa\u00e7\u00e3o do Campo e Pedagogia da Altern\u00e2ncia se encontraram no sal\u00e3o Giotto e os Eixos 4-Pesquisa e P\u00f3s-gradua\u00e7\u00e3o para al\u00e9m da inova\u00e7\u00e3o; 7-Financiamento e 10- Educa\u00e7\u00e3o inclusiva se encontraram na cobertura do hotel. De acordo com Miriane, cada grupo possu\u00eda um relator e um coordenador, que eram escolhidos conforme os interesses de cada um dentro do grupo. A representante do Sinasefe, por exemplo, optou por ficar na \u00e1rea de forma\u00e7\u00e3o de professores.<a href=\"https:\/\/www.thecheapwigshop.com\/online-wig-store\/\"><strong>wigs online<\/strong><\/a> <a href=\"https:\/\/www.lesbiantoyslove.com\/best-sex-toys-for-couples\/\"><strong>adult sex toys<\/strong><\/a> <a href=\"https:\/\/123reviewed.com\/\"><strong>nike air max plus<\/strong><\/a> <a href=\"https:\/\/www.cheapjerseysonlineshop.com\/custom-jerseys-online\/\"><strong>custom jersey online<\/strong><\/a> <a href=\"https:\/\/www.cheaphumanhairwigsoutlet.com\/\"><strong>braided wigs<\/strong><\/a> <a href=\"https:\/\/www.jerseysforsale2023.com\/custom-hoodies-for-man\/\"><strong>custom hoodies<\/strong><\/a> <a href=\"https:\/\/www.shopnflfantasy.com\/super-bowl-57\/\"><strong>super bowl 57<\/strong><\/a> <a href=\"http:\/\/freewaybambootattoo.com\/nfl-shop\/\"><strong>cheap jerseys<\/strong><\/a> <a href=\"https:\/\/www.lesbiantoyslove.com\/cheap-sex-toys-for-men\/\"><strong>cheap sex toys<\/strong><\/a> <a href=\"http:\/\/pick1custom.com\/wig-for-sale-cheap-wig\/\"><strong>wigs store<\/strong><\/a> <a href=\"http:\/\/pick1custom.com\/wig-for-sale-cheap-wig\/\"><strong>wigs store<\/strong><\/a> <a href=\"https:\/\/www.nikeairmax270sale.com\/nike-air-max-new\/\"><strong>nike air max womens sale<\/strong><\/a> <a href=\"http:\/\/wmcateringandevents.com\/nike-air-jordan-women\/\"><strong>nike air jordan womens low<\/strong><\/a> <a href=\"https:\/\/www.cowboysnflfantasy.com\/\"><strong>Bengals jerseys<\/strong><\/a> <a href=\"https:\/\/www.iairjordansneakers.com\/nike-air-jordan-4\/\"><strong>nike air jordan 4<\/strong><\/a>Pela manh\u00e3, os participantes foram divididos em dez grupos para debater, de forma aprofundada, os eixos apresentados pelo <a href=\"https:\/\/sinasefe.org.br\/site\/conheca-o-caderno-de-textos-preliminares-do-gtpec\/\">Caderno de Textos Preliminares<\/a>, que inclui: 1- Ensino M\u00e9dio Integrado; 2- Licenciaturas e forma\u00e7\u00e3o de professores; 3- Educa\u00e7\u00e3o de Jovens e Adultos; 5- Extens\u00e3o e Cultura se reuniram no Sal\u00e3o Raffaello. Os eixos 6- Gest\u00e3o democr\u00e1tica; 8- Assist\u00eancia Estudantil, Acesso e Perman\u00eancia e 9- Educa\u00e7\u00e3o do Campo e Pedagogia da Altern\u00e2ncia se encontraram no sal\u00e3o Giotto e os Eixos 4-Pesquisa e P\u00f3s-gradua\u00e7\u00e3o para al\u00e9m da inova\u00e7\u00e3o; 7-Financiamento e 10- Educa\u00e7\u00e3o inclusiva se encontraram na cobertura do hotel. De acordo com Miriane, cada grupo possu\u00eda um relator e um coordenador, que eram escolhidos conforme os interesses de cada um dentro do grupo. A representante do Sinasefe, por exemplo, optou por ficar na \u00e1rea de forma\u00e7\u00e3o de professores.<\/p>\n\n\n\n<figure class=\"wp-block-image\"><img decoding=\"async\" src=\"https:\/\/lh6.googleusercontent.com\/-ObQ41u102n-RkcubIJVDuwPyfmqL4SYBE8CYstlxRsQDKpCAsFB7Zy-Cs5I8_qAOE3_-S9Dqcb7FkRJMVo_Elkfw-S1w5QrA8IynNHaBF6PXf2uWgknYcGPqG6x7HhKw-B4JZYnkuLqe1uoqq9CVA\" alt=\"\"\/><\/figure>\n\n\n\n<figure class=\"wp-block-image\"><img decoding=\"async\" src=\"https:\/\/lh3.googleusercontent.com\/p6joXKHtOrlBNEqrsn5YiX7Ii5dSyYPxNt49tPMtVrqORcvJlUZn70_lrpaqlogIz7-dmXqFvAHf8Ndu8Eymwy14k_BUNWXCwldEAiB2OAK1V9xDfNGbqWxHF-E8TG4o0klk-20iY5S4eWh9puYf7w\" alt=\"\"\/><\/figure>\n\n\n\n<p>Posteriormente, durante a tarde, aconteceram debates e aprova\u00e7\u00e3o das propostas de cada eixo para os pr\u00f3ximos passos no que tange \u00e0 atua\u00e7\u00e3o do sindicato nacional. Dentre os principais encaminhamentos desenvolvidos no GT, e que ser\u00e3o remetidos \u00e0 181\u00aa Plena, destacam-se:&nbsp;<\/p>\n\n\n\n<ul class=\"wp-block-list\">\n<li>Cria\u00e7\u00e3o de tr\u00eas novos eixos: extens\u00e3o, educa\u00e7\u00e3o infantil e ensino fundamental;<\/li>\n\n\n\n<li>Ensino nas Institui\u00e7\u00f5es Ligadas ao Minist\u00e9rio da Defesa;<\/li>\n\n\n\n<li>Alterado o nome do Eixo 8 para: perman\u00eancia estudantil;<\/li>\n\n\n\n<li>Abordar a Educa\u00e7\u00e3o \u00e0 Dist\u00e2ncia de modo transversal nos eixos;<\/li>\n\n\n\n<li>Apresentar ao MEC a reivindica\u00e7\u00e3o contra a restri\u00e7\u00e3o da presen\u00e7a de TAEs na coordena\u00e7\u00e3o de grupos de pesquisa e extens\u00e3o da Rede Federal;<\/li>\n\n\n\n<li>Cria\u00e7\u00e3o de redes e comit\u00eas contra o Novo Ensino M\u00e9dio (NEM);<\/li>\n\n\n\n<li>Calend\u00e1rio de lutas contra o NEM em conjunto com outras entidades (por exemplo a marcha organizada pela Apeoesp);<\/li>\n\n\n\n<li>Defender que a nova expans\u00e3o da Rede Federal seja voltada \u00e0s periferias;&nbsp;<\/li>\n\n\n\n<li>Apoio ao Projeto de Lei 2.601\/2023 como forma de luta t\u00e1tica e legislativa contra o NEM (projeto acaba com o teto de 1.800h da forma\u00e7\u00e3o b\u00e1sica, estabelece um piso de 2.400h da forma\u00e7\u00e3o b\u00e1sica; acaba com professor de \u2018not\u00f3rio saber\u2019 e acaba com os itiner\u00e1rios formativos e lista 13 \u00e1reas como obrigat\u00f3rias);<\/li>\n\n\n\n<li>Realizar o 11\u00ba Semin\u00e1rio de Educa\u00e7\u00e3o do SINASEFE precedendo o 35\u00ba Congresso do SINASEFE;<\/li>\n\n\n\n<li>Os textos do GTPEC devem conter elabora\u00e7\u00f5es te\u00f3ricas e proposi\u00e7\u00f5es pr\u00e1ticas;<\/li>\n\n\n\n<li>Assegurar a presen\u00e7a de TILSP nos eventos virtuais do SINASEFE;<\/li>\n\n\n\n<li>Solicitar a participa\u00e7\u00e3o do SINASEFE na Comiss\u00e3o Nacional de Educa\u00e7\u00e3o Bil\u00edngue de Surdos \u2013 CNEBS, institu\u00edda pela Portaria n\u00ba 993 23\/05\/2023;<\/li>\n\n\n\n<li>Cria\u00e7\u00e3o dos GTPEC nas se\u00e7\u00f5es sindicais;<\/li>\n\n\n\n<li>Criar um texto introdut\u00f3rio ao Caderno de Textos, contextualizando historicamente no \u00e2mbito da educa\u00e7\u00e3o de modo interseccional considerando a diversidade, as rela\u00e7\u00f5es \u00e9tnico-raciais e de g\u00eanero;<\/li>\n\n\n\n<li>Incluir no Caderno de Textos do GTPEC as delibera\u00e7\u00f5es relativas \u00e0s pol\u00edticas educacionais de eventos recentes do SINASEFE ( por exemplo: 3\u00ba ENMS, 14\u00ba ESCIME e 2\u00ba ENNIQ);<\/li>\n\n\n\n<li>Buscar meios jur\u00eddicos para resguardar os direitos de aposentadoria especial ainda que nos afastamentos para qualifica\u00e7\u00e3o;<\/li>\n\n\n\n<li>Apoiar a luta do Sinasefe Ifes contra a implementa\u00e7\u00e3o do NEM nos PPCs do Ifes, encaminhando den\u00fancia do assunto ao Conif, MEC e FDE.<\/li>\n<\/ul>\n\n\n\n<figure class=\"wp-block-image\"><img decoding=\"async\" src=\"https:\/\/lh4.googleusercontent.com\/W4BlSmYSLH_ocaFMmgcgjfFY3DEhUuF2crZcMPxuYOTZo-yP6hCUqs-4Vp1YR4ZKUOo6et9Vpr3na7VKVskl5rNw5hoJEwfgnCRA0j1ixUg8ZL75qYcfeOZdaRpQIE9JaCmftkS81hAP0IXAQ54ekg\" alt=\"\"\/><\/figure>\n\n\n\n<p>Somado a isso, a Coordenadora Geral do Sinasefe Nacional, Elenira Vilela, informou sobre a cria\u00e7\u00e3o do GT Interministerial para pol\u00edticas de preven\u00e7\u00e3o e enfrentamento da viol\u00eancia nas escolas. Ela destacou que o sindicato est\u00e1 aberto \u00e0s contribui\u00e7\u00f5es sobre o assunto advindas das se\u00e7\u00f5es sindicais, que podem ser enviadas via e-mail para dn@sinasefe.org.br com o assunto: GT interministerial para pol\u00edticas de preven\u00e7\u00e3o e enfrentamento da viol\u00eancia nas escolas.<\/p>\n\n\n\n<p>Na avalia\u00e7\u00e3o de Miriane, as din\u00e2micas do evento foram positivas para o avan\u00e7o da discuss\u00e3o de algumas pautas do sindicato: <em>\u2018\u2019avan\u00e7ou-se bastante durante a meia tarde de ontem [quinta-feira] e hoje [sexta-feira] o dia todo. Ent\u00e3o, foi bem bacana mesmo, foi bastante importante a participa\u00e7\u00e3o no evento para levarmos essas discuss\u00f5es para nossa base\u2019\u2019. <\/em>Em conson\u00e2ncia a esse pensamento, os integrantes da Dire\u00e7\u00e3o Nacional, Jo\u00e3o Cichaczewski e Manoel Porto, refor\u00e7aram a import\u00e2ncia de levar as discuss\u00f5es do GT para as bases, para que as pautas continuem a ser desenvolvidas.<\/p>\n\n\n\n<figure class=\"wp-block-image\"><img decoding=\"async\" src=\"https:\/\/lh5.googleusercontent.com\/ydpMerxGI9hNYu-ZO6wFMYoWznPFTYtaYT_VYfUR1FLurLHJ8e7GHZJsYASKdBudcS284ZVM0vRr6Fexlk4_gLCTdNOJPE_3jFc6bOHvuOUSpGd8eaYJgGenops0pkAQYi1-R5P-QaVR4tyADKXGLQ\" alt=\"\"\/><\/figure>\n\n\n\n<hr class=\"wp-block-separator has-alpha-channel-opacity\"\/>\n\n\n\n<p><em>Texto: Laurent Keller<\/em><\/p>\n\n\n\n<p><em>Imagens: Sinasefe Nacional<\/em><\/p>\n\n\n\n<p><em>Edi\u00e7\u00e3o: Bruna Homrich<\/em><\/p>\n","protected":false},"excerpt":{"rendered":"<p>Ao longo de \u00faltima sexta-feira, 16 de junho, o Grupo de Trabalho de Pol\u00edticas Educacionais e Culturais (GTPEC) discutiu as pautas que ir\u00e3o compor o 11\u00ba Semin\u00e1rio Nacional de Educa\u00e7\u00e3o do Sinasefe e definiu os encaminhamentos para a 181\u00aa Plen\u00e1ria Nacional, marcada para ocorrer neste s\u00e1bado e domingo, dias 17 e 18 de junho. Em<\/p>\n","protected":false},"author":5,"featured_media":6113,"comment_status":"closed","ping_status":"closed","sticky":false,"template":"","format":"standard","meta":{"footnotes":""},"categories":[37,39,42],"tags":[145,187],"class_list":{"0":"post-6112","1":"post","2":"type-post","3":"status-publish","4":"format-standard","5":"has-post-thumbnail","7":"category-destaque","8":"category-eventos","9":"category-noticia","10":"tag-gtpec","11":"tag-plenaria-nacional"},"_links":{"self":[{"href":"https:\/\/sinasefesm.com\/index.php\/wp-json\/wp\/v2\/posts\/6112","targetHints":{"allow":["GET"]}}],"collection":[{"href":"https:\/\/sinasefesm.com\/index.php\/wp-json\/wp\/v2\/posts"}],"about":[{"href":"https:\/\/sinasefesm.com\/index.php\/wp-json\/wp\/v2\/types\/post"}],"author":[{"embeddable":true,"href":"https:\/\/sinasefesm.com\/index.php\/wp-json\/wp\/v2\/users\/5"}],"replies":[{"embeddable":true,"href":"https:\/\/sinasefesm.com\/index.php\/wp-json\/wp\/v2\/comments?post=6112"}],"version-history":[{"count":0,"href":"https:\/\/sinasefesm.com\/index.php\/wp-json\/wp\/v2\/posts\/6112\/revisions"}],"wp:featuredmedia":[{"embeddable":true,"href":"https:\/\/sinasefesm.com\/index.php\/wp-json\/wp\/v2\/media\/6113"}],"wp:attachment":[{"href":"https:\/\/sinasefesm.com\/index.php\/wp-json\/wp\/v2\/media?parent=6112"}],"wp:term":[{"taxonomy":"category","embeddable":true,"href":"https:\/\/sinasefesm.com\/index.php\/wp-json\/wp\/v2\/categories?post=6112"},{"taxonomy":"post_tag","embeddable":true,"href":"https:\/\/sinasefesm.com\/index.php\/wp-json\/wp\/v2\/tags?post=6112"}],"curies":[{"name":"wp","href":"https:\/\/api.w.org\/{rel}","templated":true}]}}