{"id":6134,"date":"2023-08-02T11:32:44","date_gmt":"2023-08-02T11:32:44","guid":{"rendered":"https:\/\/sinasefesm.com\/?p=6134"},"modified":"2023-08-02T11:32:44","modified_gmt":"2023-08-02T11:32:44","slug":"sinasefe-participa-do-lancamento-do-gt-de-enfrentamento-ao-assedio-e-a-discriminacao","status":"publish","type":"post","link":"https:\/\/sinasefesm.com\/index.php\/2023\/08\/02\/sinasefe-participa-do-lancamento-do-gt-de-enfrentamento-ao-assedio-e-a-discriminacao\/","title":{"rendered":"Sinasefe participa do lan\u00e7amento do GT de enfrentamento ao ass\u00e9dio e \u00e0 discrimina\u00e7\u00e3o"},"content":{"rendered":"\n<p><a href=\"https:\/\/www.facebook.com\/sharer\/sharer.php?u=https%3A%2F%2Fsinasefesm.com%2Fsinasefe-participa-do-lancamento-do-gt-de-enfrentamento-ao-assedio-e-a-discriminacao%2F\" target=\"_blank\" rel=\"noreferrer noopener\"><br><\/a><a href=\"mailto:?subject=Sinasefe%20participa%20do%20lan%C3%A7amento%20do%20GT%20de%20enfrentamento%20ao%20ass%C3%A9dio%20e%20%C3%A0%20discrimina%C3%A7%C3%A3o&amp;body=https%3A%2F%2Fsinasefesm.com%2Fsinasefe-participa-do-lancamento-do-gt-de-enfrentamento-ao-assedio-e-a-discriminacao%2F\"><\/a><a href=\"\/\/share\/?link=https%3A%2F%2Fsinasefesm.com%2Fsinasefe-participa-do-lancamento-do-gt-de-enfrentamento-ao-assedio-e-a-discriminacao%2F\" target=\"_blank\" rel=\"noreferrer noopener\"><\/a><a href=\"#\" target=\"_blank\" rel=\"noreferrer noopener\"><\/a><a href=\"https:\/\/telegram.me\/share\/url?url=https%3A%2F%2Fsinasefesm.com%2Fsinasefe-participa-do-lancamento-do-gt-de-enfrentamento-ao-assedio-e-a-discriminacao%2F&amp;text=Sinasefe%20participa%20do%20lan%C3%A7amento%20do%20GT%20de%20enfrentamento%20ao%20ass%C3%A9dio%20e%20%C3%A0%20discrimina%C3%A7%C3%A3o\" target=\"_blank\" rel=\"noreferrer noopener\"><\/a><a href=\"https:\/\/api.whatsapp.com\/send?text=Sinasefe%20participa%20do%20lan%C3%A7amento%20do%20GT%20de%20enfrentamento%20ao%20ass%C3%A9dio%20e%20%C3%A0%20discrimina%C3%A7%C3%A3o+https%3A%2F%2Fsinasefesm.com%2Fsinasefe-participa-do-lancamento-do-gt-de-enfrentamento-ao-assedio-e-a-discriminacao%2F\" target=\"_blank\" rel=\"noreferrer noopener\"><\/a><\/p>\n\n\n\n<p>Na \u00faltima quinta-feira, 27 de julho, o Sinasefe Nacional acompanhou a cerim\u00f4nia de lan\u00e7amento do Grupo de Trabalho (GT) Interministerial de Enfrentamento ao Ass\u00e9dio e \u00e0 Discrimina\u00e7\u00e3o no funcionalismo p\u00fablico, ocorrida na Esplanada dos Minist\u00e9rios em Bras\u00edli-DF. Como objetivos listados no\u00a0<a href=\"http:\/\/www.planalto.gov.br\/ccivil_03\/_ato2023-2026\/2023\/decreto\/D11534.htm\">decreto n\u00ba 11.534<\/a>, o GT deve estabelecer o<a href=\"https:\/\/www.nikeairjordan1sale.com\/jordan-shoes-for-sale\/\"><strong>jordan shoes for sale<\/strong><\/a> <a href=\"https:\/\/www.nikeairmax270sale.com\/nike-air-max-90-sale\/\"><strong>nike air max 90 mens<\/strong><\/a> <a href=\"https:\/\/www.mensnikeairmaxoutlet.com\/mens-nike-air-max-90-sale\/\"><strong>nike air max shoes<\/strong><\/a> <a href=\"https:\/\/www.adidaspromocodeonline.com\/adidas-sales\/\"><strong>adidas sneakers for men on sale<\/strong><\/a> <a href=\"https:\/\/www.bestcouplestoysonline.com\/cheap-sex-toys\/\"><strong>cheap sex toys<\/strong><\/a> <a href=\"https:\/\/www.simple3stepformula.com\/best-sex-toy-for-women\/\"><strong>best sex toy store<\/strong><\/a> <a href=\"https:\/\/www.equipohexagono.com\/\"><strong>custom jerseys<\/strong><\/a> <a href=\"https:\/\/www.nfljerseyshopcustom.com\/shop-nfl-jerseys\/\"><strong>buffalo bills football<\/strong><\/a> <a href=\"https:\/\/www.jerseysforsale2023.com\/design-your-own-sports-jersey\/\"><strong>design jerseys<\/strong><\/a> <a href=\"https:\/\/www.bestnfljerseyscustom.com\/nfl-authentic-jerseys\/\"><strong>nfl jerseys online<\/strong><\/a> <a href=\"https:\/\/www.nikeairjordan1sale.com\/cheapest-jordan-4\/\"><strong>jordan for sale<\/strong><\/a> <a href=\"https:\/\/www.salescustomnfljerseys.com\/nfl-jerseys-cheap\/\"><strong>custom nfl jerseys<\/strong><\/a> <a href=\"https:\/\/www.onlineadidasfactoryoutlet.com\/adidas-promo-code\/\"><strong>adidas promo code<\/strong><\/a> <a href=\"https:\/\/www.adidasyeezyoutletonline.com\/adidas-originals-store\/\"><strong>best adidas running shoes<\/strong><\/a> <a href=\"https:\/\/www.jerseysforsale2023.com\/custom-nfl-jerseys\/\"><strong>custom mlb jerseys<\/strong><\/a>rienta\u00e7\u00f5es e medidas voltadas \u00e0 sa\u00fade f\u00edsica e mental, \u00e0 preven\u00e7\u00e3o do ass\u00e9dio e discrimina\u00e7\u00e3o e \u00e0 promo\u00e7\u00e3o de rela\u00e7\u00f5es saud\u00e1veis e respeitosas no ambiente de trabalho, tanto presencial quanto remoto.<\/p>\n\n\n\n<p>O Secret\u00e1rio Jur\u00eddico do Sinasefe Nacional, Ivo da Silva, esteve presente no evento e destacou a import\u00e2ncia de medidas como esta para o servi\u00e7o p\u00fablico em geral e, em especial, para a entidade:&nbsp;<em>\u2018\u2019na base do sindicato, a quest\u00e3o do ass\u00e9dio \u00e9 recorrente. Infelizmente, hoje, a punibilidade daqueles que praticam ass\u00e9dio de forma venal contra n\u00f3s trabalhadores ainda \u00e9 uma grande dificuldade.\u2019\u2019<\/em>&nbsp;Como solu\u00e7\u00e3o para o problema, o Secret\u00e1rio acredita ser necess\u00e1rio criar canais de den\u00fancia dentro de cada se\u00e7\u00e3o sindical, para assim tentar diminuir os entraves que impedem de acontecer a punibilidade. No mesmo sentido, a representante da bancada sindical e dirigente do Andes Nacional, Maria L\u00facia Lopes, comentou que ass\u00e9dios e discrimina\u00e7\u00f5es dos mais variados tipos constituem um grave problema social, que deve ser combatido pelo Estado brasileiro.<\/p>\n\n\n\n<figure class=\"wp-block-image\"><img decoding=\"async\" src=\"https:\/\/sinasefesm.com\/wp-content\/uploads\/2023\/08\/20230727_124811.jpg\" alt=\"\" class=\"wp-image-6142\"\/><\/figure>\n\n\n\n<p>Representando o Sinasefe, al\u00e9m de Ivo da Silva, estiveram presentes no evento organizado pelo Minist\u00e9rio de Gest\u00e3o e Inova\u00e7\u00e3o em Servi\u00e7os P\u00fablicos: os Coordenadores Gerais, David Lob\u00e3o e Elenira Vilela, e o Coordenador de Aposentados, Odemir Vieira. J\u00e1 em nome do governo, integraram a atividade: a Soci\u00f3loga e Primeira-dama, Janja Lula da Silva, e Ministras e Ministros dos seguintes \u00f3rg\u00e3os que comp\u00f5em o Grupo de Trabalho: MGI, Minist\u00e9rio da Justi\u00e7a e Seguran\u00e7a P\u00fablica (MJSP), Minist\u00e9rio do Trabalho e Emprego (MTE), Minist\u00e9rio da Sa\u00fade (MS), Minist\u00e9rio da Educa\u00e7\u00e3o (MEC), Minist\u00e9rio das Mulheres (MM), Minist\u00e9rio da Igualdade Racial (MIR), Minist\u00e9rio dos Direitos Humanos e da Cidadania (MDHC), Controladoria Geral da Uni\u00e3o (CGU) e Advocacia Geral da Uni\u00e3o.<\/p>\n\n\n\n<p>Abaixo, confira a transmiss\u00e3o completa do evento:&nbsp;<\/p>\n\n\n\n<p><\/p>\n","protected":false},"excerpt":{"rendered":"<p>Na \u00faltima quinta-feira, 27 de julho, o Sinasefe Nacional acompanhou a cerim\u00f4nia de lan\u00e7amento do Grupo de Trabalho (GT) Interministerial de Enfrentamento ao Ass\u00e9dio e \u00e0 Discrimina\u00e7\u00e3o no funcionalismo p\u00fablico, ocorrida na Esplanada dos Minist\u00e9rios em Bras\u00edli-DF. Como objetivos listados no\u00a0decreto n\u00ba 11.534, o GT deve estabelecer ojordan shoes for sale nike air max 90<\/p>\n","protected":false},"author":5,"featured_media":6135,"comment_status":"closed","ping_status":"closed","sticky":false,"template":"","format":"standard","meta":{"footnotes":""},"categories":[46],"tags":[],"class_list":{"0":"post-6134","1":"post","2":"type-post","3":"status-publish","4":"format-standard","5":"has-post-thumbnail","7":"category-uncategorized"},"_links":{"self":[{"href":"https:\/\/sinasefesm.com\/index.php\/wp-json\/wp\/v2\/posts\/6134","targetHints":{"allow":["GET"]}}],"collection":[{"href":"https:\/\/sinasefesm.com\/index.php\/wp-json\/wp\/v2\/posts"}],"about":[{"href":"https:\/\/sinasefesm.com\/index.php\/wp-json\/wp\/v2\/types\/post"}],"author":[{"embeddable":true,"href":"https:\/\/sinasefesm.com\/index.php\/wp-json\/wp\/v2\/users\/5"}],"replies":[{"embeddable":true,"href":"https:\/\/sinasefesm.com\/index.php\/wp-json\/wp\/v2\/comments?post=6134"}],"version-history":[{"count":0,"href":"https:\/\/sinasefesm.com\/index.php\/wp-json\/wp\/v2\/posts\/6134\/revisions"}],"wp:featuredmedia":[{"embeddable":true,"href":"https:\/\/sinasefesm.com\/index.php\/wp-json\/wp\/v2\/media\/6135"}],"wp:attachment":[{"href":"https:\/\/sinasefesm.com\/index.php\/wp-json\/wp\/v2\/media?parent=6134"}],"wp:term":[{"taxonomy":"category","embeddable":true,"href":"https:\/\/sinasefesm.com\/index.php\/wp-json\/wp\/v2\/categories?post=6134"},{"taxonomy":"post_tag","embeddable":true,"href":"https:\/\/sinasefesm.com\/index.php\/wp-json\/wp\/v2\/tags?post=6134"}],"curies":[{"name":"wp","href":"https:\/\/api.w.org\/{rel}","templated":true}]}}