{"id":6164,"date":"2023-08-11T23:43:58","date_gmt":"2023-08-11T23:43:58","guid":{"rendered":"https:\/\/sinasefesm.com\/?p=6164"},"modified":"2023-08-11T23:43:58","modified_gmt":"2023-08-11T23:43:58","slug":"servidores-taes-do-politecnico-paralisaram-em-defesa-da-carreira-e-do-reajuste","status":"publish","type":"post","link":"https:\/\/sinasefesm.com\/index.php\/2023\/08\/11\/servidores-taes-do-politecnico-paralisaram-em-defesa-da-carreira-e-do-reajuste\/","title":{"rendered":"Servidores TAEs do Polit\u00e9cnico paralisaram em defesa da carreira e do reajuste"},"content":{"rendered":"\n<p>A \u00faltima quinta-feira, 10 de agosto, foi definida como Dia Nacional de Lutas e Paralisa\u00e7\u00f5es das e dos servidores p\u00fablicos federais. Em todo o territ\u00f3rio nacional, registraram-se mobiliza\u00e7\u00f5es em defesa, especialmente, de uma carreira digna, de reajuste salarial e da revoga\u00e7\u00e3o do Novo Ensino M\u00e9dio. <\/p>\n\n\n\n<p>Na UFSM, as e os t\u00e9cnico-administrativos do Col\u00e9gio Polit\u00e9cnico aderiram massivamente ao chamado das entidades representativas dos servidores e servidoras da educa\u00e7\u00e3o federal (Sinasefe, ANDES-SN e Fasubra) e paralisaram as atividades de trabalho, destinando o dia para debates coletivos sobre a proposta de carreira que melhor contempla as demandas da categoria e tamb\u00e9m sobre itens da Campanha Salarial 2024 do funcionalismo.<\/p>\n\n\n\n<p>O tesoureiro geral do Sinasefe Santa Maria, Claudio Kelling, presente \u00e0 atividade, avaliou o dia de mobiliza\u00e7\u00e3o como muito v\u00e1lido e proveitoso. Ap\u00f3s se reunirem em frente ao Col\u00e9gio, relata o dirigente, as e os servidores dirigiram-se para o Audit\u00f3rio da unidade, onde debateram sobre as pautas que justificavam a paralisa\u00e7\u00e3o. L\u00e1, receberam o apoio da diretora, Marta Von Ende, e do vice-diretor, Moacir Bolzan.<\/p>\n\n\n\n<p>\u201cDestaquei que o Sinasefe Santa Maria apoia as lutas dos servidores e reivindica, junto a eles, o atendimento das reivindica\u00e7\u00f5es pelo governo, principalmente na Mesa Nacional de Negocia\u00e7\u00e3o, que est\u00e1 dif\u00edcil, pois o governo recebe o funcionalismo mas n\u00e3o toma providencia, n\u00e3o diz se vai dar aumento ou n\u00e3o\u201d, comenta Kelling, que tamb\u00e9m apresentou o plano de carreira dos TAEs constru\u00eddo pelo Sinasefe e entregue ao governo.<\/p>\n\n\n<div class=\"wp-block-image is-style-default\">\n<figure class=\"aligncenter size-full is-resized\"><img fetchpriority=\"high\" decoding=\"async\" src=\"https:\/\/sinasefesm.com\/wp-content\/uploads\/2023\/08\/WhatsApp-Image-2023-08-10-at-11.09.29.jpeg\" alt=\"\" class=\"wp-image-6166\" width=\"604\" height=\"340\"\/><\/figure><\/div>\n\n\n<p>Quem tamb\u00e9m considerou a mobiliza\u00e7\u00e3o no Polit\u00e9cnico como muito produtiva foi Hazael de Almeida, coordenador geral do Sinasefe Santa Maria. \u201cJ\u00e1 ficou a proposi\u00e7\u00e3o de construirmos mais momentos como esse para termos uma no\u00e7\u00e3o melhor de como est\u00e1 nossa carreira e de quais as perspectivas futuras em rela\u00e7\u00e3o a ela\u201d, pondera. Na parte da tarde, ele conta que as e os servidores assistiram a uma live sobre o arcabou\u00e7o fiscal e as consequ\u00eancias de sua poss\u00edvel aprova\u00e7\u00e3o.<\/p>\n\n\n\n<p>\u201cA nossa dire\u00e7\u00e3o [do Polit\u00e9cnico] est\u00e1 de parab\u00e9ns por nos oportunizar o espa\u00e7o. \u00c9 importante eles estarem alinhados conosco e saberem a import\u00e2ncia desses momentos\u201d, conclui o dirigente.<\/p>\n\n\n<div class=\"wp-block-image is-style-default\">\n<figure class=\"aligncenter size-full is-resized\"><img decoding=\"async\" src=\"https:\/\/sinasefesm.com\/wp-content\/uploads\/2023\/08\/WhatsApp-Image-2023-08-10-at-11.09.30-1.jpeg\" alt=\"\" class=\"wp-image-6167\" width=\"589\" height=\"331\"\/><\/figure><\/div>\n\n\n<h2 class=\"wp-block-heading\">Mesa Nacional<\/h2>\n\n\n\n<p>A escolha da data para a paralisa\u00e7\u00e3o justificou-se pelo fato de, na mesma quinta-feira, ter ocorrido o terceiro encontro da Mesa Nacional de Negocia\u00e7\u00e3o Permanente (MNNP) entre governo federal e servidores p\u00fablicos. No encontro foram debatidos principalmente quatro itens: recomposi\u00e7\u00e3o salarial, equipara\u00e7\u00e3o de benef\u00edcios, administra\u00e7\u00e3o das aposentadorias e abertura das Mesas Espec\u00edficas-Tempor\u00e1rias. Veja, abaixo, o saldo da reuni\u00e3o sobre cada um dos pontos:<\/p>\n\n\n\n<p><strong>&#8211; Recomposi\u00e7\u00e3o: <\/strong>os representantes do governo n\u00e3o apresentaram nenhuma proposta de \u00edndice, o que foi avaliado muito negativamente pelas entidades sindicais;<\/p>\n\n\n\n<p><strong>&#8211; Equipara\u00e7\u00e3o entre os benef\u00edcios dos servidores e servidoras do Poder Executivo com os dos demais Poderes (Legislativo e Judici\u00e1rio): <\/strong>o governo informou que est\u00e1 trabalhando na Lei de Diretrizes Or\u00e7ament\u00e1rias (LDO) para retirar a trava que impede o reajuste dos benef\u00edcios para al\u00e9m do per\u00edodo inflacion\u00e1rio. Mas, assim como no ponto da recomposi\u00e7\u00e3o salarial, tamb\u00e9m n\u00e3o foi apresentada nenhuma proposta concreta, o que foi igualmente considerado pelos sindicatos como bastante negativo;<\/p>\n\n\n\n<p><strong>&#8211; Administra\u00e7\u00e3o das aposentadorias:<\/strong> governo apresentou um desenho do \u00f3rg\u00e3o que ir\u00e1 administrar as aposentadorias. Em breve, o Sinasefe Nacional ir\u00e1 disponibilizar em seu site o desenho do \u00f3rg\u00e3o;<\/p>\n\n\n\n<p><strong>&#8211; Mesas Espec\u00edficas-Tempor\u00e1rias:<\/strong> mais de 60 pedidos para aberturas de Mesas Espec\u00edficas\/Tempor\u00e1rias foram apresentados pelas entidades sindicais. Diante disso, o Governo Federal est\u00e1 fazendo um estudo para atender essa demanda. Em 2023, 10 Mesas Espec\u00edficas\/Tempor\u00e1rias ser\u00e3o instaladas, com in\u00edcio previsto para 04 de setembro. Ser\u00e3o priorizadas as demandas que constam no Plano Plurianual (PPA), o que beneficia a carreira do PCCTAE \u2013 que ficou em terceiro lugar na consulta eletr\u00f4nica do Brasil Participativo, recebendo mais de 77 mil votos.<\/p>\n\n\n<div class=\"wp-block-image is-style-default\">\n<figure class=\"aligncenter size-full is-resized\"><img decoding=\"async\" src=\"https:\/\/sinasefesm.com\/wp-content\/uploads\/2023\/08\/366933619_276952384966758_2333565962824434632_n.jpg\" alt=\"\" class=\"wp-image-6168\" width=\"583\" height=\"327\"\/><\/figure><\/div>\n\n\n<p>Veja aqui a live nacional do Sinasefe ocorrida ap\u00f3s a reuni\u00e3o da MNNP.<\/p>\n\n\n\n<figure class=\"wp-block-embed is-type-video is-provider-youtube wp-block-embed-youtube wp-embed-aspect-16-9 wp-has-aspect-ratio\"><div class=\"wp-block-embed__wrapper\">\n<iframe title=\"Informes da Mesa Nacional de Negocia\u00e7\u00e3o Permanente de 10\/08\" width=\"768\" height=\"432\" src=\"https:\/\/www.youtube.com\/embed\/X9RMSW9-ebg?feature=oembed\" frameborder=\"0\" allow=\"accelerometer; autoplay; clipboard-write; encrypted-media; gyroscope; picture-in-picture; web-share\" referrerpolicy=\"strict-origin-when-cross-origin\" allowfullscreen><\/iframe>\n<\/div><\/figure>\n","protected":false},"excerpt":{"rendered":"<p>A \u00faltima quinta-feira, 10 de agosto, foi definida como Dia Nacional de Lutas e Paralisa\u00e7\u00f5es das e dos servidores p\u00fablicos federais. Em todo o territ\u00f3rio nacional, registraram-se mobiliza\u00e7\u00f5es em defesa, especialmente, de uma carreira digna, de reajuste salarial e da revoga\u00e7\u00e3o do Novo Ensino M\u00e9dio. Na UFSM, as e os t\u00e9cnico-administrativos do Col\u00e9gio Polit\u00e9cnico aderiram<\/p>\n","protected":false},"author":3,"featured_media":6165,"comment_status":"closed","ping_status":"closed","sticky":false,"template":"","format":"standard","meta":{"footnotes":""},"categories":[37,41,42,45],"tags":[],"class_list":{"0":"post-6164","1":"post","2":"type-post","3":"status-publish","4":"format-standard","5":"has-post-thumbnail","7":"category-destaque","8":"category-movimento","9":"category-noticia","10":"category-sindicato"},"_links":{"self":[{"href":"https:\/\/sinasefesm.com\/index.php\/wp-json\/wp\/v2\/posts\/6164","targetHints":{"allow":["GET"]}}],"collection":[{"href":"https:\/\/sinasefesm.com\/index.php\/wp-json\/wp\/v2\/posts"}],"about":[{"href":"https:\/\/sinasefesm.com\/index.php\/wp-json\/wp\/v2\/types\/post"}],"author":[{"embeddable":true,"href":"https:\/\/sinasefesm.com\/index.php\/wp-json\/wp\/v2\/users\/3"}],"replies":[{"embeddable":true,"href":"https:\/\/sinasefesm.com\/index.php\/wp-json\/wp\/v2\/comments?post=6164"}],"version-history":[{"count":0,"href":"https:\/\/sinasefesm.com\/index.php\/wp-json\/wp\/v2\/posts\/6164\/revisions"}],"wp:featuredmedia":[{"embeddable":true,"href":"https:\/\/sinasefesm.com\/index.php\/wp-json\/"}],"wp:attachment":[{"href":"https:\/\/sinasefesm.com\/index.php\/wp-json\/wp\/v2\/media?parent=6164"}],"wp:term":[{"taxonomy":"category","embeddable":true,"href":"https:\/\/sinasefesm.com\/index.php\/wp-json\/wp\/v2\/categories?post=6164"},{"taxonomy":"post_tag","embeddable":true,"href":"https:\/\/sinasefesm.com\/index.php\/wp-json\/wp\/v2\/tags?post=6164"}],"curies":[{"name":"wp","href":"https:\/\/api.w.org\/{rel}","templated":true}]}}