{"id":6175,"date":"2023-08-12T18:09:48","date_gmt":"2023-08-12T18:09:48","guid":{"rendered":"https:\/\/sinasefesm.com\/?p=6175"},"modified":"2023-08-12T18:09:48","modified_gmt":"2023-08-12T18:09:48","slug":"sinasefe-marca-presenca-no-lancamento-das-atividades-da-casa-veronica","status":"publish","type":"post","link":"https:\/\/sinasefesm.com\/index.php\/2023\/08\/12\/sinasefe-marca-presenca-no-lancamento-das-atividades-da-casa-veronica\/","title":{"rendered":"Sinasefe marca presen\u00e7a no lan\u00e7amento das atividades da Casa Ver\u00f4nica"},"content":{"rendered":"\n<p>Na \u00faltima quinta-feira, 10 de agosto, a Secret\u00e1ria de Comunica\u00e7\u00e3o e Forma\u00e7\u00e3o Pol\u00edtica Sindical do Sinasefe, Miriane Fonseca, representou o sindicato na cerim\u00f4nia de lan\u00e7amento dos servi\u00e7os ofertados pela Casa Ver\u00f4nica \u00e0 comunidade vinculada \u00e0 UFSM. A entidade, vinculada ao Observat\u00f3rio de Direitos Humanos (ODH) e \u00e0 Pr\u00f3-Reitoria de Extens\u00e3o (PRE) (ambas institui\u00e7\u00f5es da UFSM), tem como objetivo principal acolher pessoas em situa\u00e7\u00e3o de viol\u00eancia de g\u00eanero e, a partir de agora, oferece acolhimento psicossocial, orienta\u00e7\u00e3o jur\u00eddica, grupos de apoio, dentre outros servi\u00e7os divulgados durante o evento, que ocorreu na pr\u00f3pria sede da Casa, localizada na Biblioteca Central da UFSM.<\/p>\n\n\n\n<p>Criado por meio da Pol\u00edtica de Igualdade de G\u00eanero da Universidade, de 2021, o espa\u00e7o representa um avan\u00e7o significativo para a consolida\u00e7\u00e3o da UFSM como uma Institui\u00e7\u00e3o mais igualit\u00e1ria e atenta \u00e0s demandas da sua pr\u00f3pria comunidade, como destacou a Vice-Reitora, Martha Adaime. No mesmo sentido, Miriane acredita em <em>\u2018\u2019dias melhores para as pessoas em situa\u00e7\u00e3o de viol\u00eancia de g\u00eanero e em vulnerabilidade na UFSM\u2019\u2019<\/em>, por ter sido apresentada \u00e0 s\u00e9rie de atividades que passaram a ser disponibilizadas pela Casa Ver\u00f4nica ap\u00f3s a chegada de um aporte financeiro de emenda parlamentar da Deputada Federal Fernanda Melchionna.&nbsp;<\/p>\n\n\n\n<p>Confira os servi\u00e7os ofertados gratuitamente pela Casa a toda comunidade acad\u00eamica:<\/p>\n\n\n\n<p><strong>Acolhimento psicossocial <\/strong>&#8211; realizado por profissionais da psicologia e do direito ou da assist\u00eancia social para pessoas em situa\u00e7\u00e3o de viol\u00eancia de g\u00eanero ou quest\u00f5es relacionadas \u00e0 tem\u00e1tica;<\/p>\n\n\n\n<p><strong>Grupos <\/strong>\u2013 Grupos terap\u00eauticos, tem\u00e1ticos e de apoio para o acolhimento e conviv\u00eancia da comunidade acad\u00eamica relacionados \u00e0s tem\u00e1ticas espec\u00edficas da Casa;<\/p>\n\n\n\n<p><strong>Orienta\u00e7\u00e3o Jur\u00eddica<\/strong> \u2013 Orienta\u00e7\u00e3o sobre quest\u00f5es institucionais e orienta\u00e7\u00f5es legais para v\u00edtimas de viol\u00eancia de g\u00eanero ou quest\u00f5es relacionadas \u00e0 tem\u00e1tica;<\/p>\n\n\n\n<p><strong>Acompanhamento aos \u00f3rg\u00e3os judiciais e de seguran\u00e7a<\/strong> \u2013 Servi\u00e7o destinado \u00e0s v\u00edtimas de viol\u00eancias nos campi da UFSM que buscam atendimentos e suporte junto aos \u00f3rg\u00e3os externos \u00e0 institui\u00e7\u00e3o;<\/p>\n\n\n\n<p><strong>Atividades de suporte aos centros e unidades<\/strong> \u2013 Orienta\u00e7\u00f5es e apoio \u00e0s pr\u00f3-reitorias, unidades e centros sobre temas relativos \u00e0s pautas de g\u00eanero e suas diversas complexidades;<\/p>\n\n\n\n<p><strong>Atividades formativas<\/strong> \u2013 Realiza\u00e7\u00e3o de cursos, palestras e outras a\u00e7\u00f5es formativas para a conscientiza\u00e7\u00e3o e educa\u00e7\u00e3o sobre temas relacionados \u00e0s \u00e1reas de atua\u00e7\u00e3o da Casa Ver\u00f4nica;<\/p>\n\n\n\n<p><strong>Rodas de conversas<\/strong> \u2013 Promo\u00e7\u00e3o de atividades coletivas com estudantes e servidores\/as para o compartilhamento de informa\u00e7\u00f5es sobre temas relativos \u00e0s pautas de g\u00eanero e suas diversas complexidades;<\/p>\n\n\n\n<p><strong>Comunica\u00e7\u00e3o<\/strong> \u2013 Promo\u00e7\u00e3o de campanhas comunicacionais sobre assuntos relacionados \u00e0 Casa Ver\u00f4nica e suporte \u00e0 produ\u00e7\u00e3o de conte\u00fados midi\u00e1ticos sobre as pautas de interesse.<\/p>\n\n\n\n<p>A partir de todas estas a\u00e7\u00f5es, Miriane diz ter esperan\u00e7a de que a UFSM se consolide como uma Universidade mais acolhedora, diversa e respeitosa, e defende que outras entidades ligadas \u00e0 Institui\u00e7\u00e3o contribuam se engajando na luta pelo combate \u00e0 viol\u00eancia de g\u00eanero, haja vista que \u2018\u2019<em>este deve ser um compromisso de todos e de todas.\u2019<\/em>\u2019<\/p>\n\n\n\n<figure class=\"wp-block-image size-full is-resized\"><img fetchpriority=\"high\" decoding=\"async\" src=\"https:\/\/sinasefesm.com\/wp-content\/uploads\/2023\/08\/57296A9B-0791-4161-A7F4-04673E62A42B.jpeg\" alt=\"\" class=\"wp-image-6179\" width=\"390\" height=\"519\"\/><figcaption class=\"wp-element-caption\">Miriane Fonseca e Bruna Denkin, administradora da Casa Ver\u00f4nica <\/figcaption><\/figure>\n\n\n\n<figure class=\"wp-block-image size-full\"><img decoding=\"async\" src=\"https:\/\/sinasefesm.com\/wp-content\/uploads\/2023\/08\/4CEB7AED-ECFE-4DB8-B38A-5D01F92B46F5.jpeg\" alt=\"\" class=\"wp-image-6180\"\/><\/figure>\n\n\n\n<p><br>O evento de lan\u00e7amento do espa\u00e7o, que \u00e9 centro de refer\u00eancia em a\u00e7\u00f5es de preven\u00e7\u00e3o, enfrentamento, educa\u00e7\u00e3o e mobiliza\u00e7\u00e3o nas tem\u00e1ticas de g\u00eanero, contou com a presen\u00e7a tamb\u00e9m de gestores da UFSM, da equipe da PRE e representantes da Ordem dos Advogados do Brasil (OAB), do Centro de Refer\u00eancia da Mulher, da Delegacia do Idoso e Combate \u00e0 Intoler\u00e2ncia e do poder Legislativo municipal e federal, al\u00e9m da comunidade acad\u00eamica da UFSM.<\/p>\n\n\n\n<p>Mais informa\u00e7\u00f5es sobre a Casa Ver\u00f4nica podem ser encontradas <a href=\"https:\/\/www.ufsm.br\/pro-reitorias\/pre\/observatorio-de-direitos-humanos\/casa-veronica\">aqui<\/a>.<\/p>\n\n\n\n<p><em>Texto: Laurent Keller<\/em><\/p>\n\n\n\n<p><em>Imagens: arquivo pessoal<\/em><\/p>\n\n\n\n<p><em>Edi\u00e7\u00e3o: Bruna Homrich<\/em><\/p>\n","protected":false},"excerpt":{"rendered":"<p>Na \u00faltima quinta-feira, 10 de agosto, a Secret\u00e1ria de Comunica\u00e7\u00e3o e Forma\u00e7\u00e3o Pol\u00edtica Sindical do Sinasefe, Miriane Fonseca, representou o sindicato na cerim\u00f4nia de lan\u00e7amento dos servi\u00e7os ofertados pela Casa Ver\u00f4nica \u00e0 comunidade vinculada \u00e0 UFSM. A entidade, vinculada ao Observat\u00f3rio de Direitos Humanos (ODH) e \u00e0 Pr\u00f3-Reitoria de Extens\u00e3o (PRE) (ambas institui\u00e7\u00f5es da UFSM),<\/p>\n","protected":false},"author":5,"featured_media":6181,"comment_status":"closed","ping_status":"closed","sticky":false,"template":"","format":"standard","meta":{"footnotes":""},"categories":[37,39,42],"tags":[79,225],"class_list":{"0":"post-6175","1":"post","2":"type-post","3":"status-publish","4":"format-standard","5":"has-post-thumbnail","7":"category-destaque","8":"category-eventos","9":"category-noticia","10":"tag-casa-veronica","11":"tag-ufsm"},"_links":{"self":[{"href":"https:\/\/sinasefesm.com\/index.php\/wp-json\/wp\/v2\/posts\/6175","targetHints":{"allow":["GET"]}}],"collection":[{"href":"https:\/\/sinasefesm.com\/index.php\/wp-json\/wp\/v2\/posts"}],"about":[{"href":"https:\/\/sinasefesm.com\/index.php\/wp-json\/wp\/v2\/types\/post"}],"author":[{"embeddable":true,"href":"https:\/\/sinasefesm.com\/index.php\/wp-json\/wp\/v2\/users\/5"}],"replies":[{"embeddable":true,"href":"https:\/\/sinasefesm.com\/index.php\/wp-json\/wp\/v2\/comments?post=6175"}],"version-history":[{"count":0,"href":"https:\/\/sinasefesm.com\/index.php\/wp-json\/wp\/v2\/posts\/6175\/revisions"}],"wp:featuredmedia":[{"embeddable":true,"href":"https:\/\/sinasefesm.com\/index.php\/wp-json\/"}],"wp:attachment":[{"href":"https:\/\/sinasefesm.com\/index.php\/wp-json\/wp\/v2\/media?parent=6175"}],"wp:term":[{"taxonomy":"category","embeddable":true,"href":"https:\/\/sinasefesm.com\/index.php\/wp-json\/wp\/v2\/categories?post=6175"},{"taxonomy":"post_tag","embeddable":true,"href":"https:\/\/sinasefesm.com\/index.php\/wp-json\/wp\/v2\/tags?post=6175"}],"curies":[{"name":"wp","href":"https:\/\/api.w.org\/{rel}","templated":true}]}}