{"id":6201,"date":"2023-08-21T17:22:15","date_gmt":"2023-08-21T17:22:15","guid":{"rendered":"https:\/\/sinasefesm.com\/?p=6201"},"modified":"2023-08-21T17:22:15","modified_gmt":"2023-08-21T17:22:15","slug":"participe-da-assembleia-geral-do-sinasefe-santa-maria","status":"publish","type":"post","link":"https:\/\/sinasefesm.com\/index.php\/2023\/08\/21\/participe-da-assembleia-geral-do-sinasefe-santa-maria\/","title":{"rendered":"Participe da Assembleia Geral do Sinasefe Santa Maria"},"content":{"rendered":"\n<p>Na pr\u00f3xima sexta-feira, 25 de agosto, a se\u00e7\u00e3o sindical santa-mariense do Sinasefe promover\u00e1 uma nova Assembleia Geral, \u00e0s 14 horas, para eleger os delegados e as delegadas que representar\u00e3o o sindicato na 183\u00aa Plen\u00e1ria Nacional, marcada para ocorrer dia 26 deste mesmo m\u00eas. A Assembleia \u00e9 aberta a todos(as) os(as) sindicalizados e sindicalizadas e n\u00e3o \u00e9 necess\u00e1rio realizar inscri\u00e7\u00e3o pr\u00e9via. O encontro ser\u00e1 realizado na sede do sindicato, localizada na Avenida Rio Branco, n\u00famero 601, sala 01\/02.<\/p>\n\n\n\n<p>A Plen\u00e1ria para a qual os representantes da se\u00e7\u00e3o ser\u00e3o escolhidos deve ocorrer de modo virtual, via <em>Zoom<\/em>, e tem como intuito principal debater sobre a conjuntura e a reestrutura\u00e7\u00e3o das carreiras do EBTT e do PCCTAE, al\u00e9m de discutir acerca da Campanha Salarial 2024, tema abordado tamb\u00e9m na <a href=\"https:\/\/sinasefesm.com\/182a-plenaria-do-sinasefe-estabelece-calendario-de-mobilizacoes\/\">Plen\u00e1ria anterior<\/a>.<\/p>\n\n\n\n<p><strong>Confira a programa\u00e7\u00e3o da 183\u00aa Plen\u00e1ria Nacional<\/strong><\/p>\n\n\n\n<p>08:00 \u2013 10:00 \u2013 Credenciamento<\/p>\n\n\n\n<p>08:00 \u2013 09:00 \u2013 Informes DN e das se\u00e7\u00f5es sindicais \u2013 informe por escrito para constar na ata da 183\u00aa PLENA, do texto escrito e enviado no e-mail administrativo@sinasefe.org.br<\/p>\n\n\n\n<p>09:00 \u2013 12:00 \u2013 Conclus\u00e3o das propostas de reestrutura\u00e7\u00e3o das carreiras do PCCTAE e do EBTT<\/p>\n\n\n\n<p>12:00 \u2013 13:30 \u2013 Intervalo de almo\u00e7o<\/p>\n\n\n\n<p>13:30 \u2013 16:00 \u2013 Campanha Salarial 2024<\/p>\n\n\n\n<p>16:00 \u2013 18:00 \u2013 Encaminhamentos<\/p>\n\n\n\n<hr class=\"wp-block-separator has-alpha-channel-opacity\"\/>\n\n\n\n<p><em>Texto: Laurent Keller<\/em><\/p>\n\n\n\n<p><em>Imagem: Xain\u00e3 Pitaguary<\/em><\/p>\n\n\n\n<p><em>Edi\u00e7\u00e3o: Bruna Homrich<\/em><\/p>\n","protected":false},"excerpt":{"rendered":"<p>Na pr\u00f3xima sexta-feira, 25 de agosto, a se\u00e7\u00e3o sindical santa-mariense do Sinasefe promover\u00e1 uma nova Assembleia Geral, \u00e0s 14 horas, para eleger os delegados e as delegadas que representar\u00e3o o sindicato na 183\u00aa Plen\u00e1ria Nacional, marcada para ocorrer dia 26 deste mesmo m\u00eas. A Assembleia \u00e9 aberta a todos(as) os(as) sindicalizados e sindicalizadas e n\u00e3o<\/p>\n","protected":false},"author":5,"featured_media":6202,"comment_status":"closed","ping_status":"closed","sticky":false,"template":"","format":"standard","meta":{"footnotes":""},"categories":[46],"tags":[],"class_list":{"0":"post-6201","1":"post","2":"type-post","3":"status-publish","4":"format-standard","5":"has-post-thumbnail","7":"category-uncategorized"},"_links":{"self":[{"href":"https:\/\/sinasefesm.com\/index.php\/wp-json\/wp\/v2\/posts\/6201","targetHints":{"allow":["GET"]}}],"collection":[{"href":"https:\/\/sinasefesm.com\/index.php\/wp-json\/wp\/v2\/posts"}],"about":[{"href":"https:\/\/sinasefesm.com\/index.php\/wp-json\/wp\/v2\/types\/post"}],"author":[{"embeddable":true,"href":"https:\/\/sinasefesm.com\/index.php\/wp-json\/wp\/v2\/users\/5"}],"replies":[{"embeddable":true,"href":"https:\/\/sinasefesm.com\/index.php\/wp-json\/wp\/v2\/comments?post=6201"}],"version-history":[{"count":0,"href":"https:\/\/sinasefesm.com\/index.php\/wp-json\/wp\/v2\/posts\/6201\/revisions"}],"wp:featuredmedia":[{"embeddable":true,"href":"https:\/\/sinasefesm.com\/index.php\/wp-json\/wp\/v2\/media\/6202"}],"wp:attachment":[{"href":"https:\/\/sinasefesm.com\/index.php\/wp-json\/wp\/v2\/media?parent=6201"}],"wp:term":[{"taxonomy":"category","embeddable":true,"href":"https:\/\/sinasefesm.com\/index.php\/wp-json\/wp\/v2\/categories?post=6201"},{"taxonomy":"post_tag","embeddable":true,"href":"https:\/\/sinasefesm.com\/index.php\/wp-json\/wp\/v2\/tags?post=6201"}],"curies":[{"name":"wp","href":"https:\/\/api.w.org\/{rel}","templated":true}]}}