{"id":6204,"date":"2023-08-30T17:29:29","date_gmt":"2023-08-30T17:29:29","guid":{"rendered":"https:\/\/sinasefesm.com\/?p=6204"},"modified":"2023-08-30T17:29:29","modified_gmt":"2023-08-30T17:29:29","slug":"campanha-salarial-2024-e-pauta-central-da-183a-plenaria-nacional-do-sinasefe","status":"publish","type":"post","link":"https:\/\/sinasefesm.com\/index.php\/2023\/08\/30\/campanha-salarial-2024-e-pauta-central-da-183a-plenaria-nacional-do-sinasefe\/","title":{"rendered":"Campanha Salarial 2024 \u00e9 pauta central da 183\u00aa Plen\u00e1ria Nacional do Sinasefe"},"content":{"rendered":"\n<p>Realizada na \u00faltima ter\u00e7a-feira, 29 de agosto, em car\u00e1ter h\u00edbrido (<em>online<\/em> e presencialmente em Bras\u00edlia-DF), a 183\u00aa Plen\u00e1ria Nacional do Sinasefe reuniu 47 se\u00e7\u00f5es sindicais para discutir acerca da Campanha Salarial de 2024, da reestrutura\u00e7\u00e3o das carreiras de docentes e t\u00e9cnicos e da Mesa de Negocia\u00e7\u00e3o Permanente. Em nome da se\u00e7\u00e3o de Santa Maria, o Coordenador Geral, Hazael de Almeida, e a Secret\u00e1ria de Comunica\u00e7\u00e3o e Forma\u00e7\u00e3o Pol\u00edtica Sindical, Miriane Fonseca, participaram do evento atrav\u00e9s da plataforma <em>Zoom<\/em>.&nbsp;<\/p>\n\n\n<div class=\"wp-block-image\">\n<figure class=\"aligncenter size-full\"><img decoding=\"async\" src=\"https:\/\/sinasefesm.com\/wp-content\/uploads\/2023\/09\/20230829_154304.jpg\" alt=\"\" class=\"wp-image-6224\"\/><\/figure><\/div>\n\n\n<p>A respeito da reuni\u00e3o da Mesa Nacional de Negocia\u00e7\u00e3o Permanente (MNNP), feita tamb\u00e9m durante esta ter\u00e7a-feira no Minist\u00e9rio da Gest\u00e3o e da Inova\u00e7\u00e3o em Servi\u00e7os P\u00fablicos (MGI), o Governo Federal n\u00e3o apresentou nenhum \u00edndice de reajuste ao funcionalismo p\u00fablico para o pr\u00f3ximo ano, conforme relatou a Coordenadora Geral da Dire\u00e7\u00e3o Nacional (DN) do sindicato, Elenira Vilela. A representante do Sinasefe que acompanhou a reuni\u00e3o relatou que o Governo disp\u00f5e, at\u00e9 o momento, de R$1,5 bilh\u00e3o para amplia\u00e7\u00e3o de despesas com pessoal em 2024, mas n\u00e3o se comprometeu em anunciar um valor espec\u00edfico para o reajuste. Este adiamento n\u00e3o \u00e9 de agora: desde o encontro anterior, realizado dia 10 de agosto, os servidores aguardam por uma defini\u00e7\u00e3o do Governo Lula e n\u00e3o somente em rela\u00e7\u00e3o a quest\u00f5es financeiras. Por\u00e9m, mesmo assim, as pautas n\u00e3o progridem. Tal falta de responsabilidade tem causado indigna\u00e7\u00e3o entre os trabalhadores, inclusive na Secret\u00e1ria Miriane: \u2018\u2019<em>fiquei bastante preocupada com a quest\u00e3o com o governo<\/em>\u2019\u2019.&nbsp;<\/p>\n\n\n\n<figure class=\"wp-block-gallery has-nested-images columns-default is-cropped wp-block-gallery-1 is-layout-flex wp-block-gallery-is-layout-flex\"><div class=\"wp-block-image\">\n<figure class=\"aligncenter size-large\"><img decoding=\"async\" data-id=\"6225\" src=\"https:\/\/sinasefesm.com\/wp-content\/uploads\/2023\/08\/20230829_120633.jpg\" alt=\"\" class=\"wp-image-6225\"\/><\/figure><\/div>\n\n\n<figure class=\"wp-block-image size-large\"><img decoding=\"async\" data-id=\"6226\" src=\"https:\/\/sinasefesm.com\/wp-content\/uploads\/2023\/08\/IMG_7374.jpg\" alt=\"\" class=\"wp-image-6226\"\/><\/figure>\n<\/figure>\n\n\n\n<p>Por conta deste impasse, a Plen\u00e1ria se concentrou em discutir acerca da recomposi\u00e7\u00e3o salarial e de estrat\u00e9gias sindicais para reagir \u00e0 \u2018\u2019n\u00e3o proposta\u2019\u2019 recebida na reuni\u00e3o da MNNP, segundo explica Hazael de Almeida: \u2018\u2019<em>o debate sobre a recomposi\u00e7\u00e3o salarial foi dentro do que a gente j\u00e1 estava esperando. Surgiram v\u00e1rias teses e pensamentos em cima de como proceder e o que fazer caso houvesse aumento, caso n\u00e3o houvesse. Fez-se at\u00e9 o indicativo de greve, [mas] acabou n\u00e3o passando<\/em>\u2019\u2019.&nbsp;<\/p>\n\n\n\n<p>O que ficou acertado \u00e9 que as mobiliza\u00e7\u00f5es seguir\u00e3o acontecendo para al\u00e9m da data final, 31 de agosto, levantada pela Jornada de Lutas. Nesse sentido, a 183\u00aa Plen\u00e1ria destacou as seguintes datas:<\/p>\n\n\n\n<ul class=\"wp-block-list\">\n<li>31\/08 (quinta-feira): mobiliza\u00e7\u00f5es nos estados e no Distrito Federal; apresenta\u00e7\u00e3o feita pelo Governo Lula do Projeto de Lei Or\u00e7ament\u00e1ria Anual (PLOA) para 2024, que deve conter as verbas necess\u00e1rias para reestrutura\u00e7\u00e3o de carreiras, equipara\u00e7\u00e3o de aux\u00edlios e recomposi\u00e7\u00e3o salarial;<\/li>\n\n\n\n<li>04\/09 (segunda-feira): reuni\u00e3o da Mesa do Plano de Carreira dos Cargos T\u00e9cnico-Administrativos em Educa\u00e7\u00e3o (PCCTAE), que se dividir\u00e1 em duas Mesas (Mesa Tempor\u00e1ria, com impacto or\u00e7ament\u00e1rio e Mesa Setorial, sem impacto or\u00e7ament\u00e1rio).<\/li>\n<\/ul>\n\n\n\n<p>Para al\u00e9m destas atividades que j\u00e1 possuem data marcada, na pr\u00f3xima semana o Governo pretende apresentar um cronograma de funcionamento da MNNP, para vigorar at\u00e9 o final de 2023. E, como forma de seguir pressionando o Estado por respostas, o Sinasefe entrar\u00e1 em estado de alerta para mobilizar as bases e cham\u00e1-las para uma poss\u00edvel Plen\u00e1ria de emerg\u00eancia, de acordo com Miriane Fonseca. \u2018\u2019<em>A luta n\u00e3o termina no dia 31, vamos ter que seguir cada dia mais firmes e fortes<\/em>\u2019\u2019, refor\u00e7a a integrante da diretoria santa-marienses. Contudo, durante a Plen\u00e1ria ficou definido por meio de vota\u00e7\u00e3o que o Sinasefe n\u00e3o entrar\u00e1 em greve.<\/p>\n\n\n\n<p>Vale tamb\u00e9m comentar que, no pr\u00f3ximo encontro da Mesa Tempor\u00e1ria, que deve discutir acerca da Carreira PCCTAE, dois membros da CNS participar\u00e3o, junto \u00e0 coordena\u00e7\u00e3o geral de plant\u00e3o e \u00e0 coordena\u00e7\u00e3o de pessoal T\u00e9cnico-Administrativo em Educa\u00e7\u00e3o (TAE). Para a Mesa Tempor\u00e1ria de debates sobre a Carreira EBTT, a coordena\u00e7\u00e3o de pessoal docente e os membros da CND estar\u00e3o presentes.<\/p>\n\n\n\n<p>Demais decis\u00f5es levantadas durante a 183\u00aa Plen\u00e1ria Nacional podem ser conferidas <a href=\"https:\/\/sinasefe.org.br\/site\/183a-plenaria-nacional-confira-o-resumo-do-forum-hibrido\/\">aqui<\/a>.<\/p>\n\n\n\n<hr class=\"wp-block-separator has-alpha-channel-opacity\"\/>\n\n\n\n<p><em>Texto: Laurent Keller<\/em><\/p>\n\n\n\n<p><em>Imagens: Sinasefe Nacional<\/em><\/p>\n\n\n\n<p><em>Edi\u00e7\u00e3o: Bruna Homrich<\/em><\/p>\n","protected":false},"excerpt":{"rendered":"<p>Realizada na \u00faltima ter\u00e7a-feira, 29 de agosto, em car\u00e1ter h\u00edbrido (online e presencialmente em Bras\u00edlia-DF), a 183\u00aa Plen\u00e1ria Nacional do Sinasefe reuniu 47 se\u00e7\u00f5es sindicais para discutir acerca da Campanha Salarial de 2024, da reestrutura\u00e7\u00e3o das carreiras de docentes e t\u00e9cnicos e da Mesa de Negocia\u00e7\u00e3o Permanente. Em nome da se\u00e7\u00e3o de Santa Maria, o<\/p>\n","protected":false},"author":5,"featured_media":6205,"comment_status":"closed","ping_status":"closed","sticky":false,"template":"","format":"standard","meta":{"footnotes":""},"categories":[37,39,42],"tags":[71,187],"class_list":{"0":"post-6204","1":"post","2":"type-post","3":"status-publish","4":"format-standard","5":"has-post-thumbnail","7":"category-destaque","8":"category-eventos","9":"category-noticia","10":"tag-campanha-salarial-2024","11":"tag-plenaria-nacional"},"_links":{"self":[{"href":"https:\/\/sinasefesm.com\/index.php\/wp-json\/wp\/v2\/posts\/6204","targetHints":{"allow":["GET"]}}],"collection":[{"href":"https:\/\/sinasefesm.com\/index.php\/wp-json\/wp\/v2\/posts"}],"about":[{"href":"https:\/\/sinasefesm.com\/index.php\/wp-json\/wp\/v2\/types\/post"}],"author":[{"embeddable":true,"href":"https:\/\/sinasefesm.com\/index.php\/wp-json\/wp\/v2\/users\/5"}],"replies":[{"embeddable":true,"href":"https:\/\/sinasefesm.com\/index.php\/wp-json\/wp\/v2\/comments?post=6204"}],"version-history":[{"count":0,"href":"https:\/\/sinasefesm.com\/index.php\/wp-json\/wp\/v2\/posts\/6204\/revisions"}],"wp:featuredmedia":[{"embeddable":true,"href":"https:\/\/sinasefesm.com\/index.php\/wp-json\/wp\/v2\/media\/6205"}],"wp:attachment":[{"href":"https:\/\/sinasefesm.com\/index.php\/wp-json\/wp\/v2\/media?parent=6204"}],"wp:term":[{"taxonomy":"category","embeddable":true,"href":"https:\/\/sinasefesm.com\/index.php\/wp-json\/wp\/v2\/categories?post=6204"},{"taxonomy":"post_tag","embeddable":true,"href":"https:\/\/sinasefesm.com\/index.php\/wp-json\/wp\/v2\/tags?post=6204"}],"curies":[{"name":"wp","href":"https:\/\/api.w.org\/{rel}","templated":true}]}}