{"id":6228,"date":"2023-09-06T17:13:38","date_gmt":"2023-09-06T17:13:38","guid":{"rendered":"https:\/\/sinasefesm.com\/?p=6228"},"modified":"2023-09-06T17:13:38","modified_gmt":"2023-09-06T17:13:38","slug":"sinasefe-nacional-divulga-os-encaminhamentos-da-183a-plenaria-nacional","status":"publish","type":"post","link":"https:\/\/sinasefesm.com\/index.php\/2023\/09\/06\/sinasefe-nacional-divulga-os-encaminhamentos-da-183a-plenaria-nacional\/","title":{"rendered":"Sinasefe Nacional divulga os encaminhamentos da 183\u00aa Plen\u00e1ria Nacional"},"content":{"rendered":"\n<p>Ocorrida durante o dia 29 de agosto, a 183\u00aa edi\u00e7\u00e3o da Plen\u00e1ria Nacional, realizada de forma h\u00edbrida, em Bras\u00edlia-DF e na plataforma <em>Zoom<\/em>, discutiu principalmente acerca da Campanha Salarial de 2024 e contou com a participa\u00e7\u00e3o de dois representantes da se\u00e7\u00e3o sindical santa-mariense: o Coordenador Geral, Hazael de Almeida, e a Secret\u00e1ria de Comunica\u00e7\u00e3o e Forma\u00e7\u00e3o Pol\u00edtica Sindical, Miriane Fonseca. Na \u00faltima sexta-feira, primeiro de setembro, foram divulgados os encaminhamentos discutidos e elaborados durante o evento, confira abaixo.<\/p>\n\n\n\n<div data-wp-interactive=\"core\/file\" class=\"wp-block-file\"><object data-wp-bind--hidden=\"!state.hasPdfPreview\" hidden class=\"wp-block-file__embed\" data=\"https:\/\/sinasefesm.com\/wp-content\/uploads\/2023\/09\/encaminhamentos183plena.pdf\" type=\"application\/pdf\" style=\"width:100%;height:600px\" aria-label=\"Incorporado de encaminhamentos183plena.\"><\/object><a id=\"wp-block-file--media-d90ebf11-97e3-41e7-a2a3-35660dc99a72\" href=\"https:\/\/sinasefesm.com\/wp-content\/uploads\/2023\/09\/encaminhamentos183plena.pdf\">encaminhamentos183plena<\/a><a href=\"https:\/\/sinasefesm.com\/wp-content\/uploads\/2023\/09\/encaminhamentos183plena.pdf\" class=\"wp-block-file__button wp-element-button\" download aria-describedby=\"wp-block-file--media-d90ebf11-97e3-41e7-a2a3-35660dc99a72\">Baixar<\/a><\/div>\n\n\n\n<p>Mais informa\u00e7\u00f5es a respeito da Plen\u00e1ria, como a avalia\u00e7\u00e3o dos diretores que participaram, est\u00e3o dispon\u00edveis <a href=\"https:\/\/sinasefesm.com\/campanha-salarial-2024-e-pauta-central-da-183a-plenaria-nacional-do-sinasefe\/\">aqui<\/a>.<\/p>\n\n\n\n<p><em>Texto: Laurent Keller<\/em><\/p>\n\n\n\n<p><em>Imagem: Sinasefe Nacional<\/em><\/p>\n\n\n\n<p><em>Edi\u00e7\u00e3o: Bruna Homrich<\/em><\/p>\n","protected":false},"excerpt":{"rendered":"<p>Ocorrida durante o dia 29 de agosto, a 183\u00aa edi\u00e7\u00e3o da Plen\u00e1ria Nacional, realizada de forma h\u00edbrida, em Bras\u00edlia-DF e na plataforma Zoom, discutiu principalmente acerca da Campanha Salarial de 2024 e contou com a participa\u00e7\u00e3o de dois representantes da se\u00e7\u00e3o sindical santa-mariense: o Coordenador Geral, Hazael de Almeida, e a Secret\u00e1ria de Comunica\u00e7\u00e3o e<\/p>\n","protected":false},"author":5,"featured_media":6230,"comment_status":"closed","ping_status":"closed","sticky":false,"template":"","format":"standard","meta":{"footnotes":""},"categories":[37,41,42],"tags":[187],"class_list":{"0":"post-6228","1":"post","2":"type-post","3":"status-publish","4":"format-standard","5":"has-post-thumbnail","7":"category-destaque","8":"category-movimento","9":"category-noticia","10":"tag-plenaria-nacional"},"_links":{"self":[{"href":"https:\/\/sinasefesm.com\/index.php\/wp-json\/wp\/v2\/posts\/6228","targetHints":{"allow":["GET"]}}],"collection":[{"href":"https:\/\/sinasefesm.com\/index.php\/wp-json\/wp\/v2\/posts"}],"about":[{"href":"https:\/\/sinasefesm.com\/index.php\/wp-json\/wp\/v2\/types\/post"}],"author":[{"embeddable":true,"href":"https:\/\/sinasefesm.com\/index.php\/wp-json\/wp\/v2\/users\/5"}],"replies":[{"embeddable":true,"href":"https:\/\/sinasefesm.com\/index.php\/wp-json\/wp\/v2\/comments?post=6228"}],"version-history":[{"count":0,"href":"https:\/\/sinasefesm.com\/index.php\/wp-json\/wp\/v2\/posts\/6228\/revisions"}],"wp:featuredmedia":[{"embeddable":true,"href":"https:\/\/sinasefesm.com\/index.php\/wp-json\/wp\/v2\/media\/6230"}],"wp:attachment":[{"href":"https:\/\/sinasefesm.com\/index.php\/wp-json\/wp\/v2\/media?parent=6228"}],"wp:term":[{"taxonomy":"category","embeddable":true,"href":"https:\/\/sinasefesm.com\/index.php\/wp-json\/wp\/v2\/categories?post=6228"},{"taxonomy":"post_tag","embeddable":true,"href":"https:\/\/sinasefesm.com\/index.php\/wp-json\/wp\/v2\/tags?post=6228"}],"curies":[{"name":"wp","href":"https:\/\/api.w.org\/{rel}","templated":true}]}}