{"id":6256,"date":"2023-09-22T22:05:34","date_gmt":"2023-09-22T22:05:34","guid":{"rendered":"https:\/\/sinasefesm.com\/?p=6256"},"modified":"2023-09-22T22:05:34","modified_gmt":"2023-09-22T22:05:34","slug":"participe-do-seminario-nacional-de-ensino-medio","status":"publish","type":"post","link":"https:\/\/sinasefesm.com\/index.php\/2023\/09\/22\/participe-do-seminario-nacional-de-ensino-medio\/","title":{"rendered":"Participe do Semin\u00e1rio Nacional de Ensino M\u00e9dio"},"content":{"rendered":"\n<p>Do dia 26 a 28 de setembro, o Instituto Federal de Bras\u00edlia (IFB) promover\u00e1, em conjunto com a Universidade de Bras\u00edlia (UnB), o Semin\u00e1rio Nacional de Ensino M\u00e9dio. O evento, que tem como tema \u201cPor uma pol\u00edtica nacional para o Ensino M\u00e9dio: dilemas e perspectivas\u201d, objetiva apresentar os resultados de pesquisa sobre a implementa\u00e7\u00e3o da reforma do Ensino M\u00e9dio. De car\u00e1ter h\u00edbrido, as atividades acontecer\u00e3o presencialmente na UnB e ser\u00e3o transmitidas online por meio de links disponibilizados abaixo.<\/p>\n\n\n\n<p>Al\u00e9m da exposi\u00e7\u00e3o dos resultados da pesquisa, o Semin\u00e1rio pretende debater perspectivas para a constru\u00e7\u00e3o de uma pol\u00edtica nacional democr\u00e1tica em torno do Novo Ensino M\u00e9dio (NEM), por meio de palestras e mesas-redondas. Tamb\u00e9m deve ser elaborada a Carta Bras\u00edlia, com o intuito de abordar as contribui\u00e7\u00f5es comentadas durante o evento acerca do ensino m\u00e9dio.<\/p>\n\n\n\n<p class=\"has-medium-font-size\"><strong>Inscri\u00e7\u00e3o<\/strong><\/p>\n\n\n\n<p>O Semin\u00e1rio \u00e9 gratuito para todos os interessados, mas \u00e9 necess\u00e1rio realizar inscri\u00e7\u00e3o via <a href=\"https:\/\/sigaa.unb.br\/sigaa\/public\/extensao\/loginCursosEventosExtensao.jsf\">Sistema Integrado de Gest\u00e3o de Atividades<\/a> (SIGAA-UnB) e preencher as listas de frequ\u00eancia do evento, que estar\u00e3o dispon\u00edveis durante as a\u00e7\u00f5es, para que voc\u00ea tenha o direito a receber certificado de participa\u00e7\u00e3o.<\/p>\n\n\n\n<p>De modo presencial, a confer\u00eancia de abertura acontecer\u00e1 no Audit\u00f3rio da ADUnB e as mesas no Anfiteatro 9 &#8211; ICC Sul.<\/p>\n\n\n\n<p class=\"has-medium-font-size\"><strong>Programa\u00e7\u00e3o<\/strong><\/p>\n\n\n\n<p><strong>26 de Setembro (Audit\u00f3rio da ADUnB):<\/strong><\/p>\n\n\n\n<p>19h | Confer\u00eancia de abertura: Por uma pol\u00edtica nacional para o Ensino M\u00e9dio<\/p>\n\n\n\n<p>Convidados: Daniel Cara (USP) e Fernando C\u00e1ssio (UFABC\/REPU)<\/p>\n\n\n\n<p><\/p>\n\n\n\n<p><strong>27 de setembro (Anfiteatro 9 &#8211; ICC Sul)<\/strong><\/p>\n\n\n\n<p>9h | Mesa: O que as pesquisas dizem sobre a Reforma do Ensino M\u00e9dio<\/p>\n\n\n\n<p>Convidados: Monica Ribeiro (UFPR) e Fernando C\u00e1ssio (UFABC\/ REPU)<\/p>\n\n\n\n<p>Media\u00e7\u00e3o: Catarina de Almeida Santos (FE-UnB)<\/p>\n\n\n\n<p>Link de transmiss\u00e3o:  https:\/\/www.youtube.com\/watch?v=2ZJuxcZH6h4 <\/p>\n\n\n\n<p>14h | Palestra: A Reforma do EM no contexto dos Institutos Federais de Educa\u00e7\u00e3o<\/p>\n\n\n\n<p>Convidados: Adilson Cesar de Araujo (IFB), Dante Moura (IFRN) e Lucas Pelissari (UNICAMP)<\/p>\n\n\n\n<p>Media\u00e7\u00e3o: Rosa Am\u00e9lia (IFB)<\/p>\n\n\n\n<p>Link de transmiss\u00e3o: https:\/\/www.youtube.com\/watch?v=jYbs6J_j0G0 <\/p>\n\n\n\n<p><strong>28 de setembro (Anfiteatro 9 &#8211; ICC Sul)<\/strong><\/p>\n\n\n\n<p>9h | Mesa: Percep\u00e7\u00f5es e olhares sobre o processo de implementa\u00e7\u00e3o da reforma no EM no contexto escolar<\/p>\n\n\n\n<p>Convidados: Matheus Costa \u2013 Diretor de escola (SEDF), Jade Beatriz (Presidente da UBES), Representa\u00e7\u00e3o dos professores (CNTE) e Ricardo Pacheco (SEDF)<\/p>\n\n\n\n<p>Media\u00e7\u00e3o: Eliene Novaes Rocha (ADUnB)<\/p>\n\n\n\n<p>Link de transmiss\u00e3o: \u00a0https:\/\/www.youtube.com\/watch?v=tYakN3x8P0c <\/p>\n\n\n\n<p>14h | Mesa: Contribui\u00e7\u00f5es para a constru\u00e7\u00e3o de uma pol\u00edtica nacional e democr\u00e1tica para o EM<\/p>\n\n\n\n<p>Convidados: Marise Ramos (UERJ-FIOCRUZ) e Carlos Artexes (CEFET-RJ)<\/p>\n\n\n\n<p>Media\u00e7\u00e3o: Adilson Cesar de Araujo (IFB)\u00a0<\/p>\n\n\n\n<p>Link de transmiss\u00e3o: https:\/\/www.youtube.com\/watch?v=8mzmwtKRd_c <\/p>\n\n\n\n<p>16h | Aprova\u00e7\u00e3o da Carta Bras\u00edlia \u201cPor uma pol\u00edtica nacional do EM\u201d<\/p>\n\n\n\n<hr class=\"wp-block-separator has-alpha-channel-opacity\"\/>\n\n\n\n<p><em>Texto: Laurent Keller<\/em><\/p>\n\n\n\n<p><em>Imagem: divulga\u00e7\u00e3o<\/em><\/p>\n\n\n\n<p><em>Edi\u00e7\u00e3o: Bruna Homrich<\/em><\/p>\n","protected":false},"excerpt":{"rendered":"<p>Do dia 26 a 28 de setembro, o Instituto Federal de Bras\u00edlia (IFB) promover\u00e1, em conjunto com a Universidade de Bras\u00edlia (UnB), o Semin\u00e1rio Nacional de Ensino M\u00e9dio. O evento, que tem como tema \u201cPor uma pol\u00edtica nacional para o Ensino M\u00e9dio: dilemas e perspectivas\u201d, objetiva apresentar os resultados de pesquisa sobre a implementa\u00e7\u00e3o da<\/p>\n","protected":false},"author":5,"featured_media":6257,"comment_status":"closed","ping_status":"closed","sticky":false,"template":"","format":"standard","meta":{"footnotes":""},"categories":[37,39,42],"tags":[124,155],"class_list":{"0":"post-6256","1":"post","2":"type-post","3":"status-publish","4":"format-standard","5":"has-post-thumbnail","7":"category-destaque","8":"category-eventos","9":"category-noticia","10":"tag-ensino-medio","11":"tag-institutos-federais"},"_links":{"self":[{"href":"https:\/\/sinasefesm.com\/index.php\/wp-json\/wp\/v2\/posts\/6256","targetHints":{"allow":["GET"]}}],"collection":[{"href":"https:\/\/sinasefesm.com\/index.php\/wp-json\/wp\/v2\/posts"}],"about":[{"href":"https:\/\/sinasefesm.com\/index.php\/wp-json\/wp\/v2\/types\/post"}],"author":[{"embeddable":true,"href":"https:\/\/sinasefesm.com\/index.php\/wp-json\/wp\/v2\/users\/5"}],"replies":[{"embeddable":true,"href":"https:\/\/sinasefesm.com\/index.php\/wp-json\/wp\/v2\/comments?post=6256"}],"version-history":[{"count":0,"href":"https:\/\/sinasefesm.com\/index.php\/wp-json\/wp\/v2\/posts\/6256\/revisions"}],"wp:featuredmedia":[{"embeddable":true,"href":"https:\/\/sinasefesm.com\/index.php\/wp-json\/wp\/v2\/media\/6257"}],"wp:attachment":[{"href":"https:\/\/sinasefesm.com\/index.php\/wp-json\/wp\/v2\/media?parent=6256"}],"wp:term":[{"taxonomy":"category","embeddable":true,"href":"https:\/\/sinasefesm.com\/index.php\/wp-json\/wp\/v2\/categories?post=6256"},{"taxonomy":"post_tag","embeddable":true,"href":"https:\/\/sinasefesm.com\/index.php\/wp-json\/wp\/v2\/tags?post=6256"}],"curies":[{"name":"wp","href":"https:\/\/api.w.org\/{rel}","templated":true}]}}