{"id":6259,"date":"2023-09-26T23:43:20","date_gmt":"2023-09-26T23:43:20","guid":{"rendered":"https:\/\/sinasefesm.com\/?p=6259"},"modified":"2023-09-26T23:43:20","modified_gmt":"2023-09-26T23:43:20","slug":"184a-plena-convoca-categoria-a-fortalecer-mobilizacao-na-primeira-semana-de-outubro","status":"publish","type":"post","link":"https:\/\/sinasefesm.com\/index.php\/2023\/09\/26\/184a-plena-convoca-categoria-a-fortalecer-mobilizacao-na-primeira-semana-de-outubro\/","title":{"rendered":"184\u00aa Plena convoca categoria a fortalecer mobiliza\u00e7\u00e3o na primeira semana de outubro"},"content":{"rendered":"\n<p>A 184\u00aa Plen\u00e1ria Nacional (Plena) do Sinasefe ocorreu no \u00faltimo final de semana, dias 23 e 24 de setembro, de modo h\u00edbrido, com participa\u00e7\u00e3o da se\u00e7\u00e3o sindical de Santa Maria. Dentre as pautas principais discutidas estiveram a Campanha Salarial 2024 do funcionalismo p\u00fablico federal e o fortalecimento da mobiliza\u00e7\u00e3o na semana de <strong>2 a 7 de outubro<\/strong>, deliberada nacionalmente como um per\u00edodo de lutas intensas em defesa do reajuste, das carreiras e das condi\u00e7\u00f5es de trabalho. Ao todo, a Plena reuniu 40 se\u00e7\u00f5es sindicais e mais de 140 participantes.<\/p>\n\n\n<div class=\"wp-block-image is-style-default\">\n<figure class=\"alignleft size-full\"><img decoding=\"async\" src=\"https:\/\/sinasefesm.com\/wp-content\/uploads\/2023\/09\/184-plena.jpg\" alt=\"\" class=\"wp-image-6264\"\/><\/figure><\/div>\n\n\n<p>Durante o s\u00e1bado, no ponto reservado aos informes das se\u00e7\u00f5es sindicais, o Sinasefe Santa Maria apresentou um documento elaborado pela diretoria local, com respaldo do setor jur\u00eddico, que solicita esclarecimento sobre alguns pontos da nova proposta de carreira docente aprovada na 183\u00aa Plena. Adriana Bonum\u00e1, coordenadora geral da se\u00e7\u00e3o sindical, explica que se questionou a metodologia de vota\u00e7\u00e3o da nova proposta e o elevado n\u00famero de absten\u00e7\u00f5es, o que indica pouca clareza e amadurecimento da base sobre o que estava sendo proposto. Outra quest\u00e3o apontada \u00e9 a baixa representatividade da proposta, uma vez que poucos docentes se envolveram em sua elabora\u00e7\u00e3o.<\/p>\n\n\n\n<p>\u201cEnviamos o documento tanto para a DN quanto para o GT Carreira, a fim de tentar rever esse posicionamento, de forma que a gente possa ter a proposta de carreira voltando \u00e0s bases para que se proceda a um estudo mais aprofundado e, em seguida ent\u00e3o, fazer a vota\u00e7\u00e3o\u201d, comenta Adriana. Em breve o documento ser\u00e1 disponibilizado aqui em nosso site.<\/p>\n\n\n\n<p>Ainda no s\u00e1bado foram aprovadas a conclus\u00e3o da proposta de reestrutura\u00e7\u00e3o das carreiras PCCTAE e a luta em defesa da implementa\u00e7\u00e3o do Reconhecimento de Saberes e Compet\u00eancias (RSC) dos(as) t\u00e9cnico-administrativos(as), aos moldes da legisla\u00e7\u00e3o vigente para docentes. Veja abaixo os documentos discutidos:<\/p>\n\n\n\n<div data-wp-interactive=\"core\/file\" class=\"wp-block-file\"><object data-wp-bind--hidden=\"!state.hasPdfPreview\" hidden class=\"wp-block-file__embed\" data=\"https:\/\/sinasefesm.com\/wp-content\/uploads\/2023\/09\/PROPOSTA-DO-GT-CARREIRA-APROVADA-NA-183-PLENA.pdf\" type=\"application\/pdf\" style=\"width:100%;height:600px\" aria-label=\"Incorporado de PROPOSTA-DO-GT-CARREIRA-APROVADA-NA-183-PLENA.\"><\/object><a id=\"wp-block-file--media-afc1fa8d-ad72-4b5b-b17a-83524b9f8fde\" href=\"https:\/\/sinasefesm.com\/wp-content\/uploads\/2023\/09\/PROPOSTA-DO-GT-CARREIRA-APROVADA-NA-183-PLENA.pdf\">PROPOSTA-DO-GT-CARREIRA-APROVADA-NA-183-PLENA<\/a><a href=\"https:\/\/sinasefesm.com\/wp-content\/uploads\/2023\/09\/PROPOSTA-DO-GT-CARREIRA-APROVADA-NA-183-PLENA.pdf\" class=\"wp-block-file__button wp-element-button\" download aria-describedby=\"wp-block-file--media-afc1fa8d-ad72-4b5b-b17a-83524b9f8fde\">Baixar<\/a><\/div>\n\n\n\n<div data-wp-interactive=\"core\/file\" class=\"wp-block-file\"><object data-wp-bind--hidden=\"!state.hasPdfPreview\" hidden class=\"wp-block-file__embed\" data=\"https:\/\/sinasefesm.com\/wp-content\/uploads\/2023\/09\/docCOnif.pdf\" type=\"application\/pdf\" style=\"width:100%;height:600px\" aria-label=\"Incorporado de docCOnif.\"><\/object><a id=\"wp-block-file--media-8fc8a15d-566c-4d61-aac2-4254011ea4ae\" href=\"https:\/\/sinasefesm.com\/wp-content\/uploads\/2023\/09\/docCOnif.pdf\">docCOnif<\/a><a href=\"https:\/\/sinasefesm.com\/wp-content\/uploads\/2023\/09\/docCOnif.pdf\" class=\"wp-block-file__button wp-element-button\" download aria-describedby=\"wp-block-file--media-8fc8a15d-566c-4d61-aac2-4254011ea4ae\">Baixar<\/a><\/div>\n\n\n\n<h2 class=\"wp-block-heading\"><strong>Representa\u00e7\u00e3o nas negocia\u00e7\u00f5es<\/strong><\/h2>\n\n\n\n<p>A 184\u00aa PLENA aprovou uma representa\u00e7\u00e3o de cinco pessoas do SINASEFE nas Mesas Espec\u00edficas e Tempor\u00e1rias que debatem as carreiras do PCCTAE e do PCCMF\/EBTT:<\/p>\n\n\n\n<ul class=\"wp-block-list\">\n<li>1 coordenador(a) geral de plant\u00e3o (tanto para carreira TAE quanto para carreira docente);<\/li>\n\n\n\n<li>1 coordenador(a) de pessoal (Antonildo Pereira para carreira docente e Lucr\u00e9cia Iacovino para carreira TAE);<\/li>\n\n\n\n<li>2 integrantes da CNS para carreira TAE;<\/li>\n\n\n\n<li>3 integrantes da CND para carreira docente;<\/li>\n\n\n\n<li>1 pessoa sindicalizada da base do SINASEFE indicada por L\u00eddia Farias (representando o Movimento TAEs na Luta) na Mesa Espec\u00edfica da Carreira TAE;<\/li>\n\n\n\n<li>Observa\u00e7\u00e3o: a participa\u00e7\u00e3o dos(as) integrantes das comiss\u00f5es de assessoramento ocorrer\u00e1 respeitando um rod\u00edzio para viabilizar o revezamento das chapas e pessoas.<\/li>\n<\/ul>\n\n\n\n<h2 class=\"wp-block-heading\">Campanha Salarial 2024<\/h2>\n\n\n\n<p>O domingo foi reservado, entre outros assuntos, para debater o momento pol\u00edtico vivenciado pelo Brasil e tamb\u00e9m expresso no cen\u00e1rio internacional, as atualiza\u00e7\u00f5es acerca da Campanha Salarial 2024 e as estrat\u00e9gias de luta para pressionar governo a negociar.<\/p>\n\n\n\n<p>A rearticula\u00e7\u00e3o da Frente de Lutas dos Movimentos Sindicais e Sociais foi destacada como importante, bem como a participa\u00e7\u00e3o do Sinasefe Nacional e de suas se\u00e7\u00f5es sindicais na Semana de Mobiliza\u00e7\u00e3o convocada pelo F\u00f3rum das Entidades Nacionais das e dos Servidores P\u00fablicos Federais (Fonasefe) entre os dias <strong>2 e 7 de outubro<\/strong> (pr\u00f3xima semana). O destaque especial vai para o dia 3 de outubro, no qual devem ocorrer paralisa\u00e7\u00f5es pa\u00eds afora.<\/p>\n\n\n\n<p>\u201cFicou o chamado muito forte para que a gente mobilize a base e a convide a participar, da forma que for poss\u00edvel, de atividades que chamem aten\u00e7\u00e3o para esse Dia Nacional de Lutas (03.10). Muito embora a gente esteja em um momento de abertura para negocia\u00e7\u00e3o, n\u00e3o \u00e9 f\u00e1cil chegar naquilo que a categoria pretende. O negociar n\u00e3o est\u00e1 f\u00e1cil, a mobiliza\u00e7\u00e3o n\u00e3o est\u00e1 f\u00e1cil. \u00c9 momento ent\u00e3o de juntarmos for\u00e7as e nos articularmos para que possamos enfrentar os desafios\u201d, pontua Adriana.<\/p>\n\n\n\n<p>J\u00e1 Miriane Fonseca, Secret\u00e1ria de Comunica\u00e7\u00e3o e Forma\u00e7\u00e3o Pol\u00edtica Sindical do Sinasefe Santa Maria, pondera que estar presente nessas mobiliza\u00e7\u00f5es \u00e9 importante ao fortalecimento da democracia.<\/p>\n\n\n<div class=\"wp-block-image is-style-default\">\n<figure class=\"alignright size-full\"><img decoding=\"async\" src=\"https:\/\/sinasefesm.com\/wp-content\/uploads\/2023\/09\/Miriane-Plena.jpg\" alt=\"\" class=\"wp-image-6265\"\/><\/figure><\/div>\n\n\n<p>\u201cEstamos &#8211; os servidores p\u00fablicos em Educa\u00e7\u00e3o &#8211; numa conjuntura muito desfavor\u00e1vel (apesar de termos hoje uma perspectiva de negocia\u00e7\u00e3o, fruto da luta das entidades, com a abertura das mesas de negocia\u00e7\u00e3o) \u00e0s lutas sindicais e ao enfrentamento da crise vivida pelos trabalhadores em educa\u00e7\u00e3o, principalmente, pela desmobiliza\u00e7\u00e3o; apatia e descren\u00e7a das bases nos sindicatos, fruto da incompreens\u00e3o de que o sindicato somos n\u00f3s, categorias; descomprometimento com a pr\u00f3pria carreira, deixando-a na m\u00e3o do governo\u201d, pondera a Secret\u00e1ria, acrescentando que, na Plena, foi un\u00e2nime o entendimento de que \u00e9 momento de colocar gente nas ruas, fazendo barulho, para romper a invisibilidade.<\/p>\n\n\n\n<p>\u201cHouve encaminhamentos neste sentido: participa\u00e7\u00e3o do Sinasefe na jornada de lutas; participar da paralisa\u00e7\u00e3o no dia 03\/10, salientando-se que cada se\u00e7\u00e3o construa o poss\u00edvel di\u00e1logo e mobiliza\u00e7\u00e3o da categoria (respeitando sempre a realidade de cada campus, se\u00e7\u00e3o, estado), com atividades como atos nas ruas, rodas de conversas, palestras, entre outras. A participa\u00e7\u00e3o nos encontros sindicais tamb\u00e9m faz parte da forma\u00e7\u00e3o pol\u00edtica, da unifica\u00e7\u00e3o da luta e do movimento de mobiliza\u00e7\u00e3o e preparo para os atos. Precisamos considerar as diversas realidades e fazer o poss\u00edvel para agregar cada vez mais trabalhadoras e trabalhadores nos espa\u00e7os seja de trabalho, seja no sindicato, seja nas ruas. \u00a0Ocupar \u00e9 uma forma de resist\u00eancia e de fortalecimento da base para enfrentar as lutas que garantem os avan\u00e7os e conquistas\u201d, conclui Miriane<\/p>\n\n\n\n<h3 class=\"wp-block-heading\">35\u00ba CONSINASEFE<\/h3>\n\n\n\n<p>A Comiss\u00e3o de Organiza\u00e7\u00e3o do 35\u00ba Congresso do SINASEFE, que ser\u00e1 Estatuinte e propor\u00e1 mudan\u00e7as ao Estatuto da entidade, apresentou e aprovou o&nbsp;<a href=\"https:\/\/sinasefe.org.br\/site\/download\/regimento-interno-do-35o-consinasefe\/\" target=\"_blank\" rel=\"noreferrer noopener\">Regimento Interno<\/a>&nbsp;do f\u00f3rum.<\/p>\n\n\n\n<p>O 35\u00ba CONSINASEFE ser\u00e1 realizado em Bras\u00edlia-DF, no per\u00edodo de 15 a 19 de novembro de 2023, tendo como tema\u00a0<em>\u201cConstruindo um SINASEFE forte, independente, inclusivo e de luta: desafios para a organiza\u00e7\u00e3o da classe trabalhadora\u201d<\/em>.<\/p>\n\n\n\n<div data-wp-interactive=\"core\/file\" class=\"wp-block-file\"><object data-wp-bind--hidden=\"!state.hasPdfPreview\" hidden class=\"wp-block-file__embed\" data=\"https:\/\/sinasefesm.com\/wp-content\/uploads\/2023\/09\/2023regimentointerno35CONSINASEFE.pdf\" type=\"application\/pdf\" style=\"width:100%;height:600px\" aria-label=\"Incorporado de 2023regimentointerno35CONSINASEFE.\"><\/object><a id=\"wp-block-file--media-7d61778d-c099-49be-b266-35b5e4dbe4f4\" href=\"https:\/\/sinasefesm.com\/wp-content\/uploads\/2023\/09\/2023regimentointerno35CONSINASEFE.pdf\">2023regimentointerno35CONSINASEFE<\/a><a href=\"https:\/\/sinasefesm.com\/wp-content\/uploads\/2023\/09\/2023regimentointerno35CONSINASEFE.pdf\" class=\"wp-block-file__button wp-element-button\" download aria-describedby=\"wp-block-file--media-7d61778d-c099-49be-b266-35b5e4dbe4f4\">Baixar<\/a><\/div>\n","protected":false},"excerpt":{"rendered":"<p>A 184\u00aa Plen\u00e1ria Nacional (Plena) do Sinasefe ocorreu no \u00faltimo final de semana, dias 23 e 24 de setembro, de modo h\u00edbrido, com participa\u00e7\u00e3o da se\u00e7\u00e3o sindical de Santa Maria. Dentre as pautas principais discutidas estiveram a Campanha Salarial 2024 do funcionalismo p\u00fablico federal e o fortalecimento da mobiliza\u00e7\u00e3o na semana de 2 a 7<\/p>\n","protected":false},"author":3,"featured_media":6263,"comment_status":"closed","ping_status":"closed","sticky":false,"template":"","format":"standard","meta":{"footnotes":""},"categories":[37,42,45],"tags":[],"class_list":{"0":"post-6259","1":"post","2":"type-post","3":"status-publish","4":"format-standard","5":"has-post-thumbnail","7":"category-destaque","8":"category-noticia","9":"category-sindicato"},"_links":{"self":[{"href":"https:\/\/sinasefesm.com\/index.php\/wp-json\/wp\/v2\/posts\/6259","targetHints":{"allow":["GET"]}}],"collection":[{"href":"https:\/\/sinasefesm.com\/index.php\/wp-json\/wp\/v2\/posts"}],"about":[{"href":"https:\/\/sinasefesm.com\/index.php\/wp-json\/wp\/v2\/types\/post"}],"author":[{"embeddable":true,"href":"https:\/\/sinasefesm.com\/index.php\/wp-json\/wp\/v2\/users\/3"}],"replies":[{"embeddable":true,"href":"https:\/\/sinasefesm.com\/index.php\/wp-json\/wp\/v2\/comments?post=6259"}],"version-history":[{"count":0,"href":"https:\/\/sinasefesm.com\/index.php\/wp-json\/wp\/v2\/posts\/6259\/revisions"}],"wp:featuredmedia":[{"embeddable":true,"href":"https:\/\/sinasefesm.com\/index.php\/wp-json\/wp\/v2\/media\/6263"}],"wp:attachment":[{"href":"https:\/\/sinasefesm.com\/index.php\/wp-json\/wp\/v2\/media?parent=6259"}],"wp:term":[{"taxonomy":"category","embeddable":true,"href":"https:\/\/sinasefesm.com\/index.php\/wp-json\/wp\/v2\/categories?post=6259"},{"taxonomy":"post_tag","embeddable":true,"href":"https:\/\/sinasefesm.com\/index.php\/wp-json\/wp\/v2\/tags?post=6259"}],"curies":[{"name":"wp","href":"https:\/\/api.w.org\/{rel}","templated":true}]}}