{"id":6277,"date":"2023-09-27T17:32:00","date_gmt":"2023-09-27T17:32:00","guid":{"rendered":"https:\/\/sinasefesm.com\/?p=6277"},"modified":"2023-09-27T17:32:00","modified_gmt":"2023-09-27T17:32:00","slug":"conheca-os-servicos-de-assistencia-psicologica-oferecidos-pela-ufsm","status":"publish","type":"post","link":"https:\/\/sinasefesm.com\/index.php\/2023\/09\/27\/conheca-os-servicos-de-assistencia-psicologica-oferecidos-pela-ufsm\/","title":{"rendered":"Conhe\u00e7a os servi\u00e7os de assist\u00eancia psicol\u00f3gica oferecidos pela UFSM\u00a0"},"content":{"rendered":"\n<p>Nomeado de Setembro Amarelo, este m\u00eas \u00e9 marcado por mobiliza\u00e7\u00f5es voltadas a estimular o di\u00e1logo em torno da sa\u00fade mental e das formas adequadas de lidar com transtornos mentais, como depress\u00e3o, ansiedade e bipolaridade. A fim de atender estudantes e servidores, a UFSM disponibiliza, durante todo o ano, uma s\u00e9rie de servi\u00e7os gratuitos, tanto no <em>campus <\/em>sede da institui\u00e7\u00e3o, quanto nos demais <em>campi<\/em>.<\/p>\n\n\n\n<p>De acordo com <a href=\"https:\/\/www.ufsm.br\/2023\/09\/25\/setembro-amarelo-ufsm-oferece-apoio-a-comunidade-academica-em-demandas-de-saude-mental\">informa\u00e7\u00f5es da Universidade<\/a>, em 2023 foi lan\u00e7ado o Comit\u00ea de Sa\u00fade Mental (COSAME), justamente para atender as demandas relacionadas \u00e0 sa\u00fade mental dentro da UFSM e, assim, propor a\u00e7\u00f5es resolutivas e normas que promovam melhorias no \u00e2mbito ps\u00edquico da comunidade acad\u00eamica. No site do Comit\u00ea, h\u00e1 cartilhas abordando temas como preven\u00e7\u00e3o ao suic\u00eddio e t\u00e9cnicas de al\u00edvio \u00e0 ansiedade. Confira-as <a href=\"https:\/\/www.ufsm.br\/reitoria\/gabinete-do-reitor\/cosame\">aqui<\/a>. Somado a isso, a UFSM oferece oficinas, grupos de apoio, palestras e rodas de conversa, por meio da Coordenadoria de A\u00e7\u00f5es Educacionais (CAED).<\/p>\n\n\n\n<p class=\"has-medium-font-size\"><strong>Saiba mais sobre as oficinas da CAED<\/strong><\/p>\n\n\n\n<p><strong>Oficina de escrita e sa\u00fade mental: Um corpo de letras <\/strong>\u2013 As atividades acontecem em um grupo aberto, de frequ\u00eancia semanal, com dura\u00e7\u00e3o aproximada de 1h e 30min. As atividades acontecem todas \u00e0s quartas-feiras \u00e0s 11h30min, na sala 1216A do pr\u00e9dio 67 \u2013 CAED. Para participar basta preencher o formul\u00e1rio. D\u00favidas podem ser enviadas para umcorpodeletras@gmail.com<\/p>\n\n\n\n<p><strong>Oficina de autoconhecimento e promo\u00e7\u00e3o de sa\u00fade para universit\u00e1rios<\/strong> \u2013 As a\u00e7\u00f5es acontecem em um grupo aberto, com encontros semanais, nas quartas-feiras, \u00e0s 14h, com dura\u00e7\u00e3o aproximada de 1h e 30min. \u00c9 voltado para acad\u00eamicos da UFSM que buscam melhorar sua sa\u00fade f\u00edsica e mental. Para participar \u00e9 preciso preencher o formul\u00e1rio de inscri\u00e7\u00e3o e comparecer nas quartas-feiras, \u00e0s 14h, na CAED. \u00c9 preciso levar material para escrever. D\u00favidas podem ser encaminhadas para o e-mail caedsaude@ufsm.br<\/p>\n\n\n\n<p><strong>Oficina de Arte e Sa\u00fade Mental: Pincelando Afetos<\/strong> \u2013 O grupo \u00e9 aberto, com encontros semanais nas quintas-feiras, das 11h \u00e0s 12h30min, na sala 1102 do pr\u00e9dio 67 (CAED). Os estudantes interessados em participar devem preencher o formul\u00e1rio de inscri\u00e7\u00e3o.<\/p>\n\n\n\n<p><strong>Grupo de escuta com estudantes imigrantes e refugiados<\/strong> \u2013 Busca contribuir para a perman\u00eancia desses acad\u00eamicos na UFSM, estimulando o sentimento de pertencimento atrav\u00e9s de um grupo e possibilitando momentos de preven\u00e7\u00e3o e promo\u00e7\u00e3o em sa\u00fade mental. Os grupos acontecem em portugu\u00eas, com possibilidade de uso do ingl\u00eas e do espanhol como apoio. Para participar\u00a0 \u00e9 necess\u00e1rio realizar inscri\u00e7\u00e3o por meio do formul\u00e1rio.\u00a0<\/p>\n\n\n\n<p><strong>Parando de fumar sem mist\u00e9rios<\/strong> \u2013 As atividades acontecem em grupo fechado com, no m\u00e1ximo, 15 alunos. Os primeiros 4 encontros s\u00e3o semanais. Ap\u00f3s, a frequ\u00eancia \u00e9 aumentada para intervalos gradativamente maiores, com a dura\u00e7\u00e3o total de 1 ano.\u00a0 As vagas para inscri\u00e7\u00e3o ser\u00e3o ofertadas cerca de uma vez por semestre letivo e os interessados podem acompanhar a abertura de novas turmas atrav\u00e9s do site da CAED ou Instagram.\u00a0<\/p>\n\n\n\n<p><strong>(Re)construindo redes de afeto a partir de uma Comunica\u00e7\u00e3o N\u00e3o Violenta (CNV)<\/strong> \u2013 O grupo \u00e9 fechado, com m\u00e9dia de 5 encontros que acontecem com periodicidade semanal. As atividades t\u00eam dura\u00e7\u00e3o de 1h e 30 min. A oficina \u00e9 voltada para estudantes da UFSM interessados na tem\u00e1tica e que desejem aprimorar suas estrat\u00e9gias de comunica\u00e7\u00e3o e resolu\u00e7\u00e3o de conflitos. As vagas s\u00e3o limitadas, com lista de espera e, neste momento, \u00e9 preciso aguardar abertura de novas inscri\u00e7\u00f5es.<\/p>\n\n\n\n<p><strong>Lidando com a Ansiedade no Ambiente Acad\u00eamico<\/strong> \u2013 O grupo \u00e9 fechado, com m\u00e9dia de 5 encontros que acontecem com periodicidade semanal. As atividades t\u00eam dura\u00e7\u00e3o de 1h e 30 min. No momento, \u00e9 preciso aguardar abertura de nova edi\u00e7\u00e3o do grupo e publica\u00e7\u00e3o do formul\u00e1rio de inscri\u00e7\u00e3o.\u00a0<\/p>\n\n\n\n<p>Em caso de d\u00favidas, contate o e-mail <a href=\"mailto:caedsaude@ufsm.br\">caedsaude@ufsm.br<\/a>.&nbsp;<\/p>\n\n\n\n<p class=\"has-medium-font-size\"><strong>Apoio psicol\u00f3gico<\/strong><\/p>\n\n\n\n<p>Especificamente aos servidores, o atendimento psicol\u00f3gico \u00e9 feito pela Pr\u00f3-Reitoria de Gest\u00e3o de Pessoas (PROGEP), atrav\u00e9s da Coordenadoria de Sa\u00fade e Qualidade de Vida do Servidor (CQVS). O setor funciona no pr\u00e9dio 48C e atende pelo e-mail: cqvs@ufsm.br ou telefone (55) 3220 8134. Aos acad\u00eamicos, por meio das Unidades de Apoio Pedag\u00f3gico (UAP) da UFSM, \u00e9 poss\u00edvel buscar encaminhamentos especializados. O servi\u00e7o \u00e9 disponibilizado em todas unidades de ensino, confira os contatos:&nbsp;<\/p>\n\n\n\n<p><strong><em>Campus <\/em>Santa Maria<\/strong><\/p>\n\n\n\n<p><strong>Centro de Educa\u00e7\u00e3o<\/strong><\/p>\n\n\n\n<p>Pr\u00e9dio 16B, sala 118<\/p>\n\n\n\n<p>Telefone: (55) 3220 \u2013 8139 \/ (55) 96358605 (Whats)<\/p>\n\n\n\n<p>E-mail: uapeducacao@gmail.com<\/p>\n\n\n\n<p><strong>Centro de Ci\u00eancias da Sa\u00fade<\/strong><\/p>\n\n\n\n<p>Pr\u00e9dio 26A, salas 1407 e 1445<\/p>\n\n\n\n<p>Telefone: (55) 3220 \u2013 9532<\/p>\n\n\n\n<p>Email: uapccs@ufsm.br<\/p>\n\n\n\n<p><strong>Centro de Educa\u00e7\u00e3o F\u00edsica e Desporto\u00a0<\/strong><\/p>\n\n\n\n<p>Pr\u00e9dio 51, sala 2024<\/p>\n\n\n\n<p>Fone: (55) 3220 6154<\/p>\n\n\n\n<p>E-mail: apoiopedagogico.cefd@ufsm.br<\/p>\n\n\n\n<p><strong>Centro de Ci\u00eancias Naturais e Exatas<\/strong><\/p>\n\n\n\n<p>Pr\u00e9dio 13, sala 1118<\/p>\n\n\n\n<p>Telefone: (55) 3220 8735<\/p>\n\n\n\n<p>E-mail: apoiopedagogico.ccne@ufsm.br<\/p>\n\n\n\n<p><strong>Centro de Artes e Letras<\/strong><\/p>\n\n\n\n<p>Pr\u00e9dio 40, sala 1205<\/p>\n\n\n\n<p>Telefone: (55) 3220 \u2013 8767<\/p>\n\n\n\n<p>E-mail: uap.cal@ufsm.br&nbsp;&nbsp;&nbsp;&nbsp;&nbsp;&nbsp;&nbsp;&nbsp;&nbsp;&nbsp;&nbsp;&nbsp;&nbsp;&nbsp;&nbsp;<\/p>\n\n\n\n<p><strong>Centro de Tecnologia<\/strong><\/p>\n\n\n\n<p>Pr\u00e9dio 07, sala 136<\/p>\n\n\n\n<p>Telefone: (55) 3220 9475<\/p>\n\n\n\n<p>E-mail: sapct@ufsm.br<\/p>\n\n\n\n<p><strong>Centro das Ci\u00eancias Rurais<\/strong><\/p>\n\n\n\n<p>Pr\u00e9dio 42, sala 3129 A<\/p>\n\n\n\n<p>Telefone: (55) 3220-8403<\/p>\n\n\n\n<p>E-mail: apoio.pedagogico.ccr@ufsm.br<\/p>\n\n\n\n<p><strong>Centro de Ci\u00eancias Sociais e Humanas\u00a0<\/strong><\/p>\n\n\n\n<p>Pr\u00e9dio 74C, sala 4112<\/p>\n\n\n\n<p>Telefone: (55) 3220- 9265<\/p>\n\n\n\n<p>E-mail: apoiopedagogico.ccsh@ufsm.br<\/p>\n\n\n\n<p><strong>Col\u00e9gio Polit\u00e9cnico<\/strong><\/p>\n\n\n\n<p>Pr\u00e9dio 70&nbsp;<\/p>\n\n\n\n<p>Telefone: 3220 9419 sub ramal: 203 ou 210<\/p>\n\n\n\n<p>E-mail: direcaodeensino@politecnico.ufsm.br<\/p>\n\n\n\n<p><strong>Col\u00e9gio T\u00e9cnico Industrial<\/strong><\/p>\n\n\n\n<p>Pr\u00e9dio 5, sala 110<\/p>\n\n\n\n<p>Instagram: @apoioctism<\/p>\n\n\n\n<p><strong>Unidade de Educa\u00e7\u00e3o Infantil Ip\u00ea Amarelo<\/strong><\/p>\n\n\n\n<p>Pr\u00e9dio 4<\/p>\n\n\n\n<p>Telefone: (55) 3220-8110<\/p>\n\n\n\n<p>ueiia@ufsm.br<\/p>\n\n\n\n<p><strong><em>Campus <\/em>Frederico Westphalen<\/strong><\/p>\n\n\n\n<p>Em Frederico Westphalen, o atendimento deve ser agendado pelo e-mail: psicologico.fw@ufsm.br ou diretamente na sala 09, bloco II.<\/p>\n\n\n\n<p><strong><em>Campus <\/em>Cachoeira do Sul<\/strong><\/p>\n\n\n\n<p>No campus de Cachoeira do Sul, o atendimento \u00e9 atrav\u00e9s do e-mail cs.psicologia@ufsm.br, diretamente na sala 14 do pr\u00e9dio D2, ou pelo formul\u00e1rio de solicita\u00e7\u00e3o de atendimento dispon\u00edvel do site da UFSM \u2013 campus Cachoeira do Sul.&nbsp;<\/p>\n\n\n\n<p><strong><em>Campus <\/em>Palmeira das Miss\u00f5es<\/strong><\/p>\n\n\n\n<p>No campus de Palmeira das Miss\u00f5es, o atendimento pode ser agendado atrav\u00e9s do e-mail: psicologia.pm@ufsm.br, ou diretamente na sala 218, pr\u00e9dio 01.<\/p>\n\n\n\n<p>\u00c9 importante lembrar que, al\u00e9m dos servi\u00e7os prestados pela UFSM, todos os cidad\u00e3os podem contatar o Centro de Valoriza\u00e7\u00e3o da Vida (CVV), que oferece apoio emocional e preven\u00e7\u00e3o ao suic\u00eddio, de forma totalmente gratuita, sob sigilo. Fale com o CVV pelo telefone 188 ou por e-mail e chat disponibilizados diretamente no <a href=\"https:\/\/www.cvv.org.br\/\">site <\/a>da entidade.<\/p>\n\n\n\n<hr class=\"wp-block-separator has-alpha-channel-opacity\"\/>\n\n\n\n<p><em>Texto editado com base em informa\u00e7\u00f5es da UFSM.<\/em><\/p>\n\n\n\n<p><em>Edi\u00e7\u00e3o: Laurent Keller<\/em><\/p>\n\n\n\n<p><em>Revis\u00e3o: Bruna Homrich<\/em><\/p>\n\n\n\n<p><em>Imagem: UFSM<\/em><\/p>\n","protected":false},"excerpt":{"rendered":"<p>Nomeado de Setembro Amarelo, este m\u00eas \u00e9 marcado por mobiliza\u00e7\u00f5es voltadas a estimular o di\u00e1logo em torno da sa\u00fade mental e das formas adequadas de lidar com transtornos mentais, como depress\u00e3o, ansiedade e bipolaridade. A fim de atender estudantes e servidores, a UFSM disponibiliza, durante todo o ano, uma s\u00e9rie de servi\u00e7os gratuitos, tanto no<\/p>\n","protected":false},"author":5,"featured_media":6278,"comment_status":"closed","ping_status":"closed","sticky":false,"template":"","format":"standard","meta":{"footnotes":""},"categories":[37,42],"tags":[212,225],"class_list":{"0":"post-6277","1":"post","2":"type-post","3":"status-publish","4":"format-standard","5":"has-post-thumbnail","7":"category-destaque","8":"category-noticia","9":"tag-saude-mental","10":"tag-ufsm"},"_links":{"self":[{"href":"https:\/\/sinasefesm.com\/index.php\/wp-json\/wp\/v2\/posts\/6277","targetHints":{"allow":["GET"]}}],"collection":[{"href":"https:\/\/sinasefesm.com\/index.php\/wp-json\/wp\/v2\/posts"}],"about":[{"href":"https:\/\/sinasefesm.com\/index.php\/wp-json\/wp\/v2\/types\/post"}],"author":[{"embeddable":true,"href":"https:\/\/sinasefesm.com\/index.php\/wp-json\/wp\/v2\/users\/5"}],"replies":[{"embeddable":true,"href":"https:\/\/sinasefesm.com\/index.php\/wp-json\/wp\/v2\/comments?post=6277"}],"version-history":[{"count":0,"href":"https:\/\/sinasefesm.com\/index.php\/wp-json\/wp\/v2\/posts\/6277\/revisions"}],"wp:featuredmedia":[{"embeddable":true,"href":"https:\/\/sinasefesm.com\/index.php\/wp-json\/wp\/v2\/media\/6278"}],"wp:attachment":[{"href":"https:\/\/sinasefesm.com\/index.php\/wp-json\/wp\/v2\/media?parent=6277"}],"wp:term":[{"taxonomy":"category","embeddable":true,"href":"https:\/\/sinasefesm.com\/index.php\/wp-json\/wp\/v2\/categories?post=6277"},{"taxonomy":"post_tag","embeddable":true,"href":"https:\/\/sinasefesm.com\/index.php\/wp-json\/wp\/v2\/tags?post=6277"}],"curies":[{"name":"wp","href":"https:\/\/api.w.org\/{rel}","templated":true}]}}