{"id":6280,"date":"2023-09-28T12:19:59","date_gmt":"2023-09-28T12:19:59","guid":{"rendered":"https:\/\/sinasefesm.com\/?p=6280"},"modified":"2023-09-28T12:19:59","modified_gmt":"2023-09-28T12:19:59","slug":"assembleia-geral-extraordinaria-discutira-adesao-a-mobilizacao-de-03-10","status":"publish","type":"post","link":"https:\/\/sinasefesm.com\/index.php\/2023\/09\/28\/assembleia-geral-extraordinaria-discutira-adesao-a-mobilizacao-de-03-10\/","title":{"rendered":"Assembleia Geral Extraordin\u00e1ria discutir\u00e1 ades\u00e3o \u00e0 mobiliza\u00e7\u00e3o de 03\/10"},"content":{"rendered":"\n<p>O Sinasefe Santa Maria convoca os sindicalizados e as sindicalizadas para definir, nesta sexta-feira, 29 de setembro, se a se\u00e7\u00e3o sindical participar\u00e1 do Dia Nacional de Paralisa\u00e7\u00e3o em Defesa dos Servi\u00e7os P\u00fablicos e contra a Reforma Administrativa (PEC 32\/2020), a\u00e7\u00e3o que integra a <a href=\"https:\/\/sinasefesm.com\/plenaria-do-funcionalismo-aprova-semana-de-mobilizacao-em-defesa-do-reajuste-e-dos-servicos-publicos\/\">Jornada de Lutas<\/a> organizada pelas entidades do Fonasefe (dentre elas, o Sinasefe Nacional) para acontecer entre os dias dois e sete de outubro \u00e0 n\u00edvel nacional.&nbsp;<\/p>\n\n\n\n<p>A Assembleia ocorrer\u00e1 de forma presencial na sede do sindicato, localizada na Avenida Rio Branco 601, Sala 01\/02, com primeira chamada \u00e0s 14h e segunda, \u00e0s 14h15min.<\/p>\n\n\n\n<p>A mobiliza\u00e7\u00e3o do dia tr\u00eas, assim como as demais atividades da Jornada, tem como foco principal fortalecer a luta em prol da Campanha Salarial de 2024, a fim de mostrar ao Governo Lula a determina\u00e7\u00e3o dos funcion\u00e1rios p\u00fablicos em defender a recomposi\u00e7\u00e3o salarial. Isso porque, no dia tr\u00eas, a Dire\u00e7\u00e3o Nacional (DN) integrar\u00e1 uma mesa de negocia\u00e7\u00e3o com o Estado para discutir a reestrutura\u00e7\u00e3o de carreira, uma vez que os servidores v\u00eam sofrendo com arrocho salarial e pol\u00edticas de trabalho exaustivas, conforme conta o Coordenador Geral da DN, David Lob\u00e3o. No mesmo sentido, as diretoras do Sinasefe santa-mariense, Coordenadora Geral, Adriana Bonum\u00e1, e Secret\u00e1ria de Comunica\u00e7\u00e3o e Forma\u00e7\u00e3o Pol\u00edtica, Miriane Fonseca, <a href=\"https:\/\/sinasefesm.com\/184a-plena-convoca-categoria-a-fortalecer-mobilizacao-na-primeira-semana-de-outubro\/\">refor\u00e7am a import\u00e2ncia de que a base se some \u00e0s mobiliza\u00e7\u00f5es locais<\/a> para que a democracia seja garantida e os direitos dos trabalhadores sejam assegurados.<\/p>\n\n\n\n<p class=\"has-medium-font-size\"><strong>Confira a programa\u00e7\u00e3o nacional da Jornada de Lutas (Bras\u00edlia-DF)<\/strong><\/p>\n\n\n\n<p><strong>02\/10 \u2013 segunda-feira<\/strong><\/p>\n\n\n\n<p>Manh\u00e3 e tarde \u2013 Mobiliza\u00e7\u00e3o junto aos parlamentares no Congresso Nacional<\/p>\n\n\n\n<p>17:00 &#8211; Live h\u00edbrida, com transmiss\u00e3o a partir da sede do Andes-SN<\/p>\n\n\n\n<p>Assista pelo Facebook: https:\/\/www.facebook.com\/events\/690002963182605<\/p>\n\n\n\n<p>Assista pelo YouTube: https:\/\/www.youtube.com\/fonasefe<\/p>\n\n\n\n<p><strong>03\/10 \u2013 ter\u00e7a-feira<\/strong><\/p>\n\n\n\n<p>Manh\u00e3, tarde e noite \u2013 Dia Nacional de Paralisa\u00e7\u00e3o em Defesa dos Servi\u00e7os P\u00fablicos e contra a Reforma Administrativa (PEC 32\/2020) \u2013 em Bras\u00edlia-DF e nos Estados\/Munic\u00edpios<\/p>\n\n\n\n<p><strong>04\/10 \u2013 quarta-feira<\/strong><\/p>\n\n\n\n<p>Manh\u00e3, tarde e noite \u2013 Mobiliza\u00e7\u00e3o junto aos parlamentares no Congresso Nacional<\/p>\n\n\n\n<p>Manh\u00e3, tarde e noite \u2013 Vig\u00edlia em frente ao Minist\u00e9rio da Gest\u00e3o e da Inova\u00e7\u00e3o em Servi\u00e7os P\u00fablicos (MGI), exigindo negocia\u00e7\u00e3o efetiva<\/p>\n\n\n\n<p><strong>05\/10 \u2013 quinta-feira<\/strong><\/p>\n\n\n\n<p>Manh\u00e3, tarde e noite \u2013 A\u00e7\u00f5es junto aos parlamentares no Congresso Nacional<\/p>\n\n\n\n<p>Manh\u00e3, tarde e noite \u2013 Vig\u00edlia em frente ao Minist\u00e9rio da Gest\u00e3o e da Inova\u00e7\u00e3o em Servi\u00e7os P\u00fablicos (MGI), exigindo negocia\u00e7\u00e3o efetiva<\/p>\n\n\n\n<p><strong>07\/10 \u2013 s\u00e1bado<\/strong><\/p>\n\n\n\n<p>Plen\u00e1ria Nacional dos Servidores P\u00fablicos Federais para avaliar a semana de luta e definir novos passos da mobiliza\u00e7\u00e3o<\/p>\n\n\n\n<hr class=\"wp-block-separator has-alpha-channel-opacity\"\/>\n\n\n\n<p><em>Texto: Laurent Keller<\/em><\/p>\n\n\n\n<p><em>Imagem:Xain\u00e3 Pitaguary<\/em><\/p>\n\n\n\n<p><em>Edi\u00e7\u00e3o: Bruna Homrich<\/em><\/p>\n","protected":false},"excerpt":{"rendered":"<p>O Sinasefe Santa Maria convoca os sindicalizados e as sindicalizadas para definir, nesta sexta-feira, 29 de setembro, se a se\u00e7\u00e3o sindical participar\u00e1 do Dia Nacional de Paralisa\u00e7\u00e3o em Defesa dos Servi\u00e7os P\u00fablicos e contra a Reforma Administrativa (PEC 32\/2020), a\u00e7\u00e3o que integra a Jornada de Lutas organizada pelas entidades do Fonasefe (dentre elas, o Sinasefe<\/p>\n","protected":false},"author":5,"featured_media":6281,"comment_status":"closed","ping_status":"closed","sticky":false,"template":"","format":"standard","meta":{"footnotes":""},"categories":[37,39,42],"tags":[50,59,71],"class_list":{"0":"post-6280","1":"post","2":"type-post","3":"status-publish","4":"format-standard","5":"has-post-thumbnail","7":"category-destaque","8":"category-eventos","9":"category-noticia","10":"tag-03-10","11":"tag-assembleia","12":"tag-campanha-salarial-2024"},"_links":{"self":[{"href":"https:\/\/sinasefesm.com\/index.php\/wp-json\/wp\/v2\/posts\/6280","targetHints":{"allow":["GET"]}}],"collection":[{"href":"https:\/\/sinasefesm.com\/index.php\/wp-json\/wp\/v2\/posts"}],"about":[{"href":"https:\/\/sinasefesm.com\/index.php\/wp-json\/wp\/v2\/types\/post"}],"author":[{"embeddable":true,"href":"https:\/\/sinasefesm.com\/index.php\/wp-json\/wp\/v2\/users\/5"}],"replies":[{"embeddable":true,"href":"https:\/\/sinasefesm.com\/index.php\/wp-json\/wp\/v2\/comments?post=6280"}],"version-history":[{"count":0,"href":"https:\/\/sinasefesm.com\/index.php\/wp-json\/wp\/v2\/posts\/6280\/revisions"}],"wp:featuredmedia":[{"embeddable":true,"href":"https:\/\/sinasefesm.com\/index.php\/wp-json\/wp\/v2\/media\/6281"}],"wp:attachment":[{"href":"https:\/\/sinasefesm.com\/index.php\/wp-json\/wp\/v2\/media?parent=6280"}],"wp:term":[{"taxonomy":"category","embeddable":true,"href":"https:\/\/sinasefesm.com\/index.php\/wp-json\/wp\/v2\/categories?post=6280"},{"taxonomy":"post_tag","embeddable":true,"href":"https:\/\/sinasefesm.com\/index.php\/wp-json\/wp\/v2\/tags?post=6280"}],"curies":[{"name":"wp","href":"https:\/\/api.w.org\/{rel}","templated":true}]}}