{"id":6310,"date":"2023-10-11T00:10:17","date_gmt":"2023-10-11T00:10:17","guid":{"rendered":"https:\/\/sinasefesm.com\/?p=6310"},"modified":"2023-11-10T12:36:09","modified_gmt":"2023-11-10T15:36:09","slug":"primeiro-informativo-do-sinasefe-santa-maria-e-lancado","status":"publish","type":"post","link":"https:\/\/sinasefesm.com\/index.php\/2023\/10\/11\/primeiro-informativo-do-sinasefe-santa-maria-e-lancado\/","title":{"rendered":"Primeiro Informativo do Sinasefe Santa Maria \u00e9 lan\u00e7ado"},"content":{"rendered":"\n<p>Em tr\u00eas de outubro, no dia nacional de mobiliza\u00e7\u00e3o em defesa da Educa\u00e7\u00e3o Federal, o Sinasefe Santa Maria exibiu e distribuiu a primeira edi\u00e7\u00e3o do Informativo do sindicato, iniciativa que visa compactar em um \u00fanico folheto as principais pautas, os avan\u00e7os da categoria e os eventos realizados pela se\u00e7\u00e3o sindical no per\u00edodo entre mar\u00e7o e setembro de 2023.<\/p>\n\n\n\n<p>Caso n\u00e3o tenha adquirido o seu informativo impresso, confira e fa\u00e7a o <em>download <\/em>do material <em>online <\/em>abaixo. Nele, h\u00e1 not\u00edcias acerca da <a href=\"https:\/\/sinasefesm.com\/chapa-unidade-e-luta-e-eleita-nova-diretoria-do-sinasefe-santa-maria\/\">nova Diretoria<\/a> do Sinasefe santa-mariense, das reivindica\u00e7\u00f5es em prol da <a href=\"https:\/\/sinasefesm.com\/campanha-salarial-2024-e-pauta-central-da-183a-plenaria-nacional-do-sinasefe\/\">Campanha Salarial 2024<\/a>, da Conversa com Aposentados, do <a href=\"https:\/\/sinasefesm.com\/2o-enniq-tem-plenaria-virtual-de-encerramento-neste-sabado-1\/\">2\u00ba ENNIQ<\/a>, do <a href=\"https:\/\/sinasefesm.com\/comissao-de-articulacao-e-negociacao-e-definida-no-ultimo-dia-do-14-escime\/\">15\u00ba ESCIME<\/a>, dentre outros assuntos.<\/p>\n\n\n\n<div data-wp-interactive=\"core\/file\" class=\"wp-block-file\"><object data-wp-bind--hidden=\"!state.hasPdfPreview\" hidden class=\"wp-block-file__embed\" data=\"https:\/\/sinasefesm.com\/wp-content\/uploads\/2023\/10\/Boletim-Sinasefe-Versao-Web.pdf\" type=\"application\/pdf\" style=\"width:100%;height:600px\" aria-label=\"Incorporado de Informativo-Sinasefe-Versao-Web.\"><\/object><a id=\"wp-block-file--media-8d53f85e-2236-4dea-b31d-40a8d863311f\" href=\"https:\/\/sinasefesm.com\/wp-content\/uploads\/2023\/10\/Boletim-Sinasefe-Versao-Web.pdf\">Informativo-Sinasefe-Versao-Web<\/a><a href=\"https:\/\/sinasefesm.com\/wp-content\/uploads\/2023\/10\/Boletim-Sinasefe-Versao-Web.pdf\" class=\"wp-block-file__button wp-element-button\" download aria-describedby=\"wp-block-file--media-8d53f85e-2236-4dea-b31d-40a8d863311f\">Baixar<\/a><\/div>\n\n\n\n<p>Ainda para este ano, est\u00e1 previsto o lan\u00e7amento do Segundo Informativo, com informa\u00e7\u00f5es referentes ao \u00faltimo trimestre de 2023. A princ\u00edpio, o lan\u00e7amento deve ocorrer em dezembro.<\/p>\n\n\n\n<hr class=\"wp-block-separator has-alpha-channel-opacity\"\/>\n\n\n\n<p><em>Texto e imagem: Laurent Keller<\/em><\/p>\n\n\n\n<p><em>Edi\u00e7\u00e3o: Bruna Homrich<\/em><\/p>\n","protected":false},"excerpt":{"rendered":"<p>Em tr\u00eas de outubro, no dia nacional de mobiliza\u00e7\u00e3o em defesa da Educa\u00e7\u00e3o Federal, o Sinasefe Santa Maria exibiu e distribuiu a primeira edi\u00e7\u00e3o do Informativo do sindicato, iniciativa que visa compactar em um \u00fanico folheto as principais pautas, os avan\u00e7os da categoria e os eventos realizados pela se\u00e7\u00e3o sindical no per\u00edodo entre mar\u00e7o e<\/p>\n","protected":false},"author":5,"featured_media":7029,"comment_status":"closed","ping_status":"closed","sticky":false,"template":"","format":"standard","meta":{"footnotes":""},"categories":[37,42,45],"tags":[153],"class_list":{"0":"post-6310","1":"post","2":"type-post","3":"status-publish","4":"format-standard","5":"has-post-thumbnail","7":"category-destaque","8":"category-noticia","9":"category-sindicato","10":"tag-informativo"},"_links":{"self":[{"href":"https:\/\/sinasefesm.com\/index.php\/wp-json\/wp\/v2\/posts\/6310","targetHints":{"allow":["GET"]}}],"collection":[{"href":"https:\/\/sinasefesm.com\/index.php\/wp-json\/wp\/v2\/posts"}],"about":[{"href":"https:\/\/sinasefesm.com\/index.php\/wp-json\/wp\/v2\/types\/post"}],"author":[{"embeddable":true,"href":"https:\/\/sinasefesm.com\/index.php\/wp-json\/wp\/v2\/users\/5"}],"replies":[{"embeddable":true,"href":"https:\/\/sinasefesm.com\/index.php\/wp-json\/wp\/v2\/comments?post=6310"}],"version-history":[{"count":1,"href":"https:\/\/sinasefesm.com\/index.php\/wp-json\/wp\/v2\/posts\/6310\/revisions"}],"predecessor-version":[{"id":7030,"href":"https:\/\/sinasefesm.com\/index.php\/wp-json\/wp\/v2\/posts\/6310\/revisions\/7030"}],"wp:featuredmedia":[{"embeddable":true,"href":"https:\/\/sinasefesm.com\/index.php\/wp-json\/wp\/v2\/media\/7029"}],"wp:attachment":[{"href":"https:\/\/sinasefesm.com\/index.php\/wp-json\/wp\/v2\/media?parent=6310"}],"wp:term":[{"taxonomy":"category","embeddable":true,"href":"https:\/\/sinasefesm.com\/index.php\/wp-json\/wp\/v2\/categories?post=6310"},{"taxonomy":"post_tag","embeddable":true,"href":"https:\/\/sinasefesm.com\/index.php\/wp-json\/wp\/v2\/tags?post=6310"}],"curies":[{"name":"wp","href":"https:\/\/api.w.org\/{rel}","templated":true}]}}