{"id":6318,"date":"2023-11-08T15:26:10","date_gmt":"2023-11-08T15:26:10","guid":{"rendered":"https:\/\/sinasefesm.com\/?p=6318"},"modified":"2023-11-10T12:31:51","modified_gmt":"2023-11-10T15:31:51","slug":"minuta-de-encargos-docentes-da-ufsm-e-criticada-em-debate-entre-servidores","status":"publish","type":"post","link":"https:\/\/sinasefesm.com\/index.php\/2023\/11\/08\/minuta-de-encargos-docentes-da-ufsm-e-criticada-em-debate-entre-servidores\/","title":{"rendered":"Minuta de encargos docentes da UFSM \u00e9 criticada em debate entre servidores\u00a0"},"content":{"rendered":"\n<p><\/p>\n\n\n\n<p>Na \u00faltima ter\u00e7a-feira, sete de novembro, o Sinasefe de Santa Maria, em parceria com a Sedufsm, realizou um debate para discutir acerca da minuta para encargos docentes, elaborada pela UFSM. O evento ocorreu no <em>campus <\/em>sede da institui\u00e7\u00e3o, no Audiomax (audit\u00f3rio do Centro de Educa\u00e7\u00e3o), e contou com as falas do Coordenador Geral da se\u00e7\u00e3o sindical, Ab\u00edlio de Freitas, do Presidente da Sedufsm, Asc\u00edsio Pereira, e do Assessor Jur\u00eddico das duas entidades, Heverton Padilha. Em nome do Sinasefe, o Tesoureiro, Cl\u00e1udio Kelling, tamb\u00e9m esteve presente no encontro.<\/p>\n\n\n\n<p>Inicialmente, Pereira exp\u00f4s o hist\u00f3rico de a\u00e7\u00f5es promovidas em torno da pauta, que, desde o final de 2022, \u00e9 discutida entre os sindicatos locais e a gest\u00e3o universit\u00e1ria. Segundo informa\u00e7\u00f5es da Reitoria, a proposta surgiu a partir da necessidade de dar um retorno concreto ao Minist\u00e9rio P\u00fablico Federal (MPF), que tem exigido que seja feita uma fiscaliza\u00e7\u00e3o das cargas hor\u00e1rias de professores e professoras. Nesse sentido, a UFSM afirma que as mudan\u00e7as estabelecidas pela minuta ir\u00e3o fornecer mais transpar\u00eancia \u00e0 sociedade em torno do trabalho docente. Contudo, para o Sinasefe e a Sedufsm, a medida cria uma sobrecarga aos docentes, que resultar\u00e1 no crescimento da precariza\u00e7\u00e3o do trabalho.&nbsp;<\/p>\n\n\n\n<p>Ao encontro deste pensamento, Ab\u00edlio de Freitas destacou o problema ligado \u00e0 hora realmente trabalhada e \u00e0 hora planilhada pelos encargos apresentados: <em>\u2018\u2019a quest\u00e3o da hora aula dada ser igual a uma hora de prepara\u00e7\u00e3o de aula n\u00e3o faz sentido. N\u00f3s n\u00e3o temos como fazer essa rela\u00e7\u00e3o um por um. H\u00e1 turmas aqui na universidade com 60 alunos. Ent\u00e3o, imagina corrigir 60 provas, fazer toda a documenta\u00e7\u00e3o de uma turma grande assim. N\u00e3o \u00e9 s\u00f3 preparar a aula. E quem trabalha em laborat\u00f3rio \u00e9 pior ainda. Dentro do levantamento que a Sedufsm fez nas outras universidades, h\u00e1 entidades que consideram encargo docente de at\u00e9 tr\u00eas horas de prepara\u00e7\u00e3o de aula [por exemplo].\u2019\u2019<\/em><\/p>\n\n\n\n<p>Outro ponto refor\u00e7ado durante o debate diz respeito \u00e0 proposta de limitar a quantidade de docentes que ascender\u00e3o \u00e0 classe mais elevada da carreira, gerando impacto na aposentadoria desses trabalhadores. O Assessor Padilha esclareceu questionamentos ligados \u00e0 minuta&nbsp; e explicou entraves jur\u00eddicos ligados a ela. Saiba mais detalhes sobre a minuta <a href=\"https:\/\/www.sedufsm.org.br\/minuta\">aqui<\/a>.<\/p>\n\n\n<div class=\"wp-block-image\">\n<figure class=\"aligncenter size-full\"><img decoding=\"async\" src=\"https:\/\/sinasefesm.com\/wp-content\/uploads\/2023\/11\/3f111e4b-c0ef-492d-aab4-8fcd2d3fdaf9.jpg\" alt=\"\" class=\"wp-image-6319\"\/><\/figure><\/div>\n\n\n<p class=\"has-medium-font-size\"><strong>Pr\u00f3ximos passos<\/strong><\/p>\n\n\n\n<p>Portanto, as altera\u00e7\u00f5es propostas pela minuta n\u00e3o condizem com a realidade vivida pelos docentes, que h\u00e1 meses tentam demonstrar \u00e0 gest\u00e3o universit\u00e1ria as falhas da medida. No momento, a minuta est\u00e1 sendo discutida, novamente, nas Unidades de Ensino (col\u00e9gios e centros de ensino) da UFSM, devido \u00e0s press\u00f5es feitas pelos sindicatos.&nbsp;<\/p>\n\n\n\n<p>O Coordenador Geral do Sinasefe ressalta que o sindicato pretende seguir fomentado a discuss\u00e3o sobre a minuta de encargos dentro dos col\u00e9gios vinculados \u00e0 entidade, porque somente com uma luta em conjunto ser\u00e1 poss\u00edvel impedir os retrocessos no trabalho docente.<\/p>\n\n\n\n<hr class=\"wp-block-separator has-alpha-channel-opacity\"\/>\n\n\n\n<p><strong><em>Texto: Laurent Keller<\/em><\/strong><\/p>\n\n\n\n<p><strong><em>Imagem: arquivo pessoal<\/em><\/strong><\/p>\n\n\n\n<p><strong><em>Revis\u00e3o: Miriane Fonseca<\/em><\/strong><\/p>\n","protected":false},"excerpt":{"rendered":"<p>Na \u00faltima ter\u00e7a-feira, sete de novembro, o Sinasefe de Santa Maria, em parceria com a Sedufsm, realizou um debate para discutir acerca da minuta para encargos docentes, elaborada pela UFSM. O evento ocorreu no campus sede da institui\u00e7\u00e3o, no Audiomax (audit\u00f3rio do Centro de Educa\u00e7\u00e3o), e contou com as falas do Coordenador Geral da se\u00e7\u00e3o<\/p>\n","protected":false},"author":5,"featured_media":7025,"comment_status":"closed","ping_status":"closed","sticky":false,"template":"","format":"standard","meta":{"footnotes":""},"categories":[37,39,42],"tags":[119,225],"class_list":{"0":"post-6318","1":"post","2":"type-post","3":"status-publish","4":"format-standard","5":"has-post-thumbnail","7":"category-destaque","8":"category-eventos","9":"category-noticia","10":"tag-encargos-docentes","11":"tag-ufsm"},"_links":{"self":[{"href":"https:\/\/sinasefesm.com\/index.php\/wp-json\/wp\/v2\/posts\/6318","targetHints":{"allow":["GET"]}}],"collection":[{"href":"https:\/\/sinasefesm.com\/index.php\/wp-json\/wp\/v2\/posts"}],"about":[{"href":"https:\/\/sinasefesm.com\/index.php\/wp-json\/wp\/v2\/types\/post"}],"author":[{"embeddable":true,"href":"https:\/\/sinasefesm.com\/index.php\/wp-json\/wp\/v2\/users\/5"}],"replies":[{"embeddable":true,"href":"https:\/\/sinasefesm.com\/index.php\/wp-json\/wp\/v2\/comments?post=6318"}],"version-history":[{"count":1,"href":"https:\/\/sinasefesm.com\/index.php\/wp-json\/wp\/v2\/posts\/6318\/revisions"}],"predecessor-version":[{"id":7026,"href":"https:\/\/sinasefesm.com\/index.php\/wp-json\/wp\/v2\/posts\/6318\/revisions\/7026"}],"wp:featuredmedia":[{"embeddable":true,"href":"https:\/\/sinasefesm.com\/index.php\/wp-json\/wp\/v2\/media\/7025"}],"wp:attachment":[{"href":"https:\/\/sinasefesm.com\/index.php\/wp-json\/wp\/v2\/media?parent=6318"}],"wp:term":[{"taxonomy":"category","embeddable":true,"href":"https:\/\/sinasefesm.com\/index.php\/wp-json\/wp\/v2\/categories?post=6318"},{"taxonomy":"post_tag","embeddable":true,"href":"https:\/\/sinasefesm.com\/index.php\/wp-json\/wp\/v2\/tags?post=6318"}],"curies":[{"name":"wp","href":"https:\/\/api.w.org\/{rel}","templated":true}]}}