{"id":6389,"date":"2024-01-23T17:23:04","date_gmt":"2024-01-23T17:23:04","guid":{"rendered":"https:\/\/sinasefesm.com\/?p=6389"},"modified":"2024-01-23T17:23:04","modified_gmt":"2024-01-23T17:23:04","slug":"acompanhe-a-186a-plenaria-nacional-do-sinasefe","status":"publish","type":"post","link":"https:\/\/sinasefesm.com\/index.php\/2024\/01\/23\/acompanhe-a-186a-plenaria-nacional-do-sinasefe\/","title":{"rendered":"Acompanhe a 186\u00aa Plen\u00e1ria Nacional do Sinasefe"},"content":{"rendered":"\n<p>No dia quatro de fevereiro (domingo), a Dire\u00e7\u00e3o Nacional (DN) do Sinasefe promover\u00e1 mais uma Plen\u00e1ria Nacional, para discutir a convoca\u00e7\u00e3o do 36\u00ba Consinasefe e a unifica\u00e7\u00e3o de propostas de reestrutura\u00e7\u00e3o do Plano de Carreira dos Cargos T\u00e9cnico-Administrativos em Educa\u00e7\u00e3o (PCCTAE). O evento ser\u00e1 de car\u00e1ter h\u00edbrido, presencialmente no audit\u00f3rio da Fenajufe, em Bras\u00edlia-DF, e online, por meio da plataforma Zoom.<\/p>\n\n\n\n<p>O credenciamento virtual ser\u00e1 iniciado dia 29 de janeiro (segunda-feira) e terminar\u00e1 \u00e0s 18h do dia dois de fevereiro. J\u00e1 o credenciamento presencial acontecer\u00e1 no dia da Plena, das 8h \u00e0s 14h, na sede do Sinasefe, no Setor Comercial Sul (SCS), Quadra 2, Edif\u00edcio Serra Dourada, 1\u00ba andar, salas 109\/110, em Bras\u00edlia-DF (mesmo pr\u00e9dio do local da PLENA).<\/p>\n\n\n\n<p><strong>Confira a programa\u00e7\u00e3o completa:<\/strong><\/p>\n\n\n\n<p>04\/02 \u2013 Domingo<\/p>\n\n\n\n<p>8h \u2013 14h \u2013 Credenciamento (apenas presencial);<\/p>\n\n\n\n<p>9h &#8211; 10h \u2013 Informes DN \u2013 Informes das Se\u00e7\u00f5es (somente informe por escrito, por\u00e9m com registro fiel na ata 186\u00aa PLENA, do texto escrito e enviado no e-mail: administrativo@sinasefe.org.br);<\/p>\n\n\n\n<p>10h \u2013 10h30 \u2013 Apresenta\u00e7\u00e3o do Relat\u00f3rio da CNS;<\/p>\n\n\n\n<p>10h30 \u2013 13h \u2013 Abertura da Discuss\u00e3o da Unifica\u00e7\u00e3o das Propostas SINASEFE \/Fasubra;<\/p>\n\n\n\n<p>13h \u2013 14h30 \u2013 Intervalo do almo\u00e7o;<\/p>\n\n\n\n<p>14h30 \u2013 16h \u2013 Retorno da discuss\u00e3o da Unifica\u00e7\u00e3o da Propostas SINASEFE \/Fasubra;<\/p>\n\n\n\n<p>16h \u2013 16h30 \u2013 Delibera\u00e7\u00f5es sobre a Unifica\u00e7\u00e3o das Propostas SINASEFE \/Fasubra;<\/p>\n\n\n\n<p>16h30 \u2013 18h \u2013 Delibera\u00e7\u00e3o da Convocat\u00f3ria do 36\u00ba CONSINASEFE (Congresso Eleitoral do SINASEFE);<\/p>\n\n\n\n<p>18h \u2013 18h30 \u2013 Encerramento.<\/p>\n\n\n\n<hr class=\"wp-block-separator has-alpha-channel-opacity\"\/>\n\n\n\n<p><em>Texto: Laurent Keller<\/em><\/p>\n\n\n\n<p><em>Revis\u00e3o: Miriane Fonseca<\/em><\/p>\n\n\n\n<p><em>Com imagem e informa\u00e7\u00f5es de: Sinasefe Nacional<\/em><\/p>\n","protected":false},"excerpt":{"rendered":"<p>No dia quatro de fevereiro (domingo), a Dire\u00e7\u00e3o Nacional (DN) do Sinasefe promover\u00e1 mais uma Plen\u00e1ria Nacional, para discutir a convoca\u00e7\u00e3o do 36\u00ba Consinasefe e a unifica\u00e7\u00e3o de propostas de reestrutura\u00e7\u00e3o do Plano de Carreira dos Cargos T\u00e9cnico-Administrativos em Educa\u00e7\u00e3o (PCCTAE). O evento ser\u00e1 de car\u00e1ter h\u00edbrido, presencialmente no audit\u00f3rio da Fenajufe, em Bras\u00edlia-DF, e<\/p>\n","protected":false},"author":5,"featured_media":6390,"comment_status":"closed","ping_status":"closed","sticky":false,"template":"","format":"standard","meta":{"footnotes":""},"categories":[37,39,42],"tags":[187],"class_list":{"0":"post-6389","1":"post","2":"type-post","3":"status-publish","4":"format-standard","5":"has-post-thumbnail","7":"category-destaque","8":"category-eventos","9":"category-noticia","10":"tag-plenaria-nacional"},"_links":{"self":[{"href":"https:\/\/sinasefesm.com\/index.php\/wp-json\/wp\/v2\/posts\/6389","targetHints":{"allow":["GET"]}}],"collection":[{"href":"https:\/\/sinasefesm.com\/index.php\/wp-json\/wp\/v2\/posts"}],"about":[{"href":"https:\/\/sinasefesm.com\/index.php\/wp-json\/wp\/v2\/types\/post"}],"author":[{"embeddable":true,"href":"https:\/\/sinasefesm.com\/index.php\/wp-json\/wp\/v2\/users\/5"}],"replies":[{"embeddable":true,"href":"https:\/\/sinasefesm.com\/index.php\/wp-json\/wp\/v2\/comments?post=6389"}],"version-history":[{"count":0,"href":"https:\/\/sinasefesm.com\/index.php\/wp-json\/wp\/v2\/posts\/6389\/revisions"}],"wp:featuredmedia":[{"embeddable":true,"href":"https:\/\/sinasefesm.com\/index.php\/wp-json\/wp\/v2\/media\/6390"}],"wp:attachment":[{"href":"https:\/\/sinasefesm.com\/index.php\/wp-json\/wp\/v2\/media?parent=6389"}],"wp:term":[{"taxonomy":"category","embeddable":true,"href":"https:\/\/sinasefesm.com\/index.php\/wp-json\/wp\/v2\/categories?post=6389"},{"taxonomy":"post_tag","embeddable":true,"href":"https:\/\/sinasefesm.com\/index.php\/wp-json\/wp\/v2\/tags?post=6389"}],"curies":[{"name":"wp","href":"https:\/\/api.w.org\/{rel}","templated":true}]}}