{"id":6400,"date":"2024-03-04T21:29:39","date_gmt":"2024-03-04T21:29:39","guid":{"rendered":"https:\/\/sinasefesm.com\/?p=6400"},"modified":"2024-03-04T21:29:39","modified_gmt":"2024-03-04T21:29:39","slug":"sinasefe-santa-maria-convoca-assembleia-para-discutir-indicativo-de-greve","status":"publish","type":"post","link":"https:\/\/sinasefesm.com\/index.php\/2024\/03\/04\/sinasefe-santa-maria-convoca-assembleia-para-discutir-indicativo-de-greve\/","title":{"rendered":"Sinasefe Santa Maria convoca assembleia para discutir indicativo de greve"},"content":{"rendered":"\n<p>A coordena\u00e7\u00e3o do Sinasefe Santa Maria est\u00e1 convocando assembleia geral para quarta-feira, 6 de mar\u00e7o. A plen\u00e1ria acontece a partir das 10h30 no Audit\u00f3rio do Col\u00e9gio Polit\u00e9cnico da UFSM. Dois pontos de pauta est\u00e3o previstos: 1. Campanha Salarial; 2. Delibera\u00e7\u00e3o sobre indicativo de greve.<\/p>\n\n\n\n<p><strong>Informa\u00e7\u00f5es gerais<\/strong><\/p>\n\n\n\n<p><em>O que?<\/em> Assembleia geral<\/p>\n\n\n\n<p><strong>Quando?<\/strong> Quarta, 6 de mar\u00e7o<\/p>\n\n\n\n<p><em>Hora?<\/em> 10h30<\/p>\n\n\n\n<p><em>Local?<\/em> Audit\u00f3rio do Col\u00e9gio Polit\u00e9cnico<\/p>\n\n\n\n<p><strong>Pauta<\/strong><\/p>\n\n\n\n<p>1.Campanha salarial;<\/p>\n\n\n\n<p>2.Indicativo de greve.<\/p>\n\n\n\n<hr class=\"wp-block-separator has-alpha-channel-opacity\"\/>\n\n\n\n<p><em>Texto: Fritz Rivail<\/em><\/p>\n\n\n\n<p><em>Arte: Xain\u00e3 Pitaguary<\/em><\/p>\n","protected":false},"excerpt":{"rendered":"<p>A coordena\u00e7\u00e3o do Sinasefe Santa Maria est\u00e1 convocando assembleia geral para quarta-feira, 6 de mar\u00e7o. A plen\u00e1ria acontece a partir das 10h30 no Audit\u00f3rio do Col\u00e9gio Polit\u00e9cnico da UFSM. Dois pontos de pauta est\u00e3o previstos: 1. Campanha Salarial; 2. Delibera\u00e7\u00e3o sobre indicativo de greve. Informa\u00e7\u00f5es gerais O que? Assembleia geral Quando? Quarta, 6 de mar\u00e7o<\/p>\n","protected":false},"author":7,"featured_media":6401,"comment_status":"closed","ping_status":"closed","sticky":false,"template":"","format":"standard","meta":{"footnotes":""},"categories":[39,41,42],"tags":[244],"class_list":{"0":"post-6400","1":"post","2":"type-post","3":"status-publish","4":"format-standard","5":"has-post-thumbnail","7":"category-eventos","8":"category-movimento","9":"category-noticia","10":"tag-assembleia-geral"},"_links":{"self":[{"href":"https:\/\/sinasefesm.com\/index.php\/wp-json\/wp\/v2\/posts\/6400","targetHints":{"allow":["GET"]}}],"collection":[{"href":"https:\/\/sinasefesm.com\/index.php\/wp-json\/wp\/v2\/posts"}],"about":[{"href":"https:\/\/sinasefesm.com\/index.php\/wp-json\/wp\/v2\/types\/post"}],"author":[{"embeddable":true,"href":"https:\/\/sinasefesm.com\/index.php\/wp-json\/wp\/v2\/users\/7"}],"replies":[{"embeddable":true,"href":"https:\/\/sinasefesm.com\/index.php\/wp-json\/wp\/v2\/comments?post=6400"}],"version-history":[{"count":0,"href":"https:\/\/sinasefesm.com\/index.php\/wp-json\/wp\/v2\/posts\/6400\/revisions"}],"wp:featuredmedia":[{"embeddable":true,"href":"https:\/\/sinasefesm.com\/index.php\/wp-json\/wp\/v2\/media\/6401"}],"wp:attachment":[{"href":"https:\/\/sinasefesm.com\/index.php\/wp-json\/wp\/v2\/media?parent=6400"}],"wp:term":[{"taxonomy":"category","embeddable":true,"href":"https:\/\/sinasefesm.com\/index.php\/wp-json\/wp\/v2\/categories?post=6400"},{"taxonomy":"post_tag","embeddable":true,"href":"https:\/\/sinasefesm.com\/index.php\/wp-json\/wp\/v2\/tags?post=6400"}],"curies":[{"name":"wp","href":"https:\/\/api.w.org\/{rel}","templated":true}]}}