{"id":6404,"date":"2024-03-05T17:22:24","date_gmt":"2024-03-05T17:22:24","guid":{"rendered":"https:\/\/sinasefesm.com\/?p=6404"},"modified":"2024-03-05T17:22:24","modified_gmt":"2024-03-05T17:22:24","slug":"8-de-marco-tera-ato-unificado-em-santa-maria","status":"publish","type":"post","link":"https:\/\/sinasefesm.com\/index.php\/2024\/03\/05\/8-de-marco-tera-ato-unificado-em-santa-maria\/","title":{"rendered":"8 de mar\u00e7o ter\u00e1 ato unificado em Santa Maria"},"content":{"rendered":"\n<p>Na sexta-feira, 8 de mar\u00e7o, Dia Internacional da Mulher, os movimentos estudantil, sindical e social, realizam um Ato Unificado no centro de Santa Maria. A atividade acontece no Cal\u00e7ad\u00e3o de Santa Maria, a partir das 17h30.<\/p>\n\n\n\n<p>Participe das atividades em defesa da vida das mulheres, contra todas as formas de viol\u00eancia.<\/p>\n\n\n\n<p>Basta de feminic\u00eddios, basta de privatiza\u00e7\u00f5es!<\/p>\n\n\n\n<p>Participe: sexta, 8 de mar\u00e7o, \u00e0s 17h30, no Cal\u00e7ad\u00e3o de Santa Maria.<\/p>\n\n\n\n<hr class=\"wp-block-separator has-alpha-channel-opacity\"\/>\n\n\n\n<p><em>Texto: Fritz Nunes<\/em><\/p>\n\n\n\n<p><em>Imagem: divulga\u00e7\u00e3o<\/em><\/p>\n","protected":false},"excerpt":{"rendered":"<p>Na sexta-feira, 8 de mar\u00e7o, Dia Internacional da Mulher, os movimentos estudantil, sindical e social, realizam um Ato Unificado no centro de Santa Maria. A atividade acontece no Cal\u00e7ad\u00e3o de Santa Maria, a partir das 17h30. Participe das atividades em defesa da vida das mulheres, contra todas as formas de viol\u00eancia. Basta de feminic\u00eddios, basta<\/p>\n","protected":false},"author":7,"featured_media":6405,"comment_status":"closed","ping_status":"closed","sticky":false,"template":"","format":"standard","meta":{"footnotes":""},"categories":[37,39,42],"tags":[242,252],"class_list":{"0":"post-6404","1":"post","2":"type-post","3":"status-publish","4":"format-standard","5":"has-post-thumbnail","7":"category-destaque","8":"category-eventos","9":"category-noticia","10":"tag-8-de-marco","11":"tag-dia-da-mulher"},"_links":{"self":[{"href":"https:\/\/sinasefesm.com\/index.php\/wp-json\/wp\/v2\/posts\/6404","targetHints":{"allow":["GET"]}}],"collection":[{"href":"https:\/\/sinasefesm.com\/index.php\/wp-json\/wp\/v2\/posts"}],"about":[{"href":"https:\/\/sinasefesm.com\/index.php\/wp-json\/wp\/v2\/types\/post"}],"author":[{"embeddable":true,"href":"https:\/\/sinasefesm.com\/index.php\/wp-json\/wp\/v2\/users\/7"}],"replies":[{"embeddable":true,"href":"https:\/\/sinasefesm.com\/index.php\/wp-json\/wp\/v2\/comments?post=6404"}],"version-history":[{"count":0,"href":"https:\/\/sinasefesm.com\/index.php\/wp-json\/wp\/v2\/posts\/6404\/revisions"}],"wp:featuredmedia":[{"embeddable":true,"href":"https:\/\/sinasefesm.com\/index.php\/wp-json\/wp\/v2\/media\/6405"}],"wp:attachment":[{"href":"https:\/\/sinasefesm.com\/index.php\/wp-json\/wp\/v2\/media?parent=6404"}],"wp:term":[{"taxonomy":"category","embeddable":true,"href":"https:\/\/sinasefesm.com\/index.php\/wp-json\/wp\/v2\/categories?post=6404"},{"taxonomy":"post_tag","embeddable":true,"href":"https:\/\/sinasefesm.com\/index.php\/wp-json\/wp\/v2\/tags?post=6404"}],"curies":[{"name":"wp","href":"https:\/\/api.w.org\/{rel}","templated":true}]}}