{"id":6407,"date":"2024-03-07T11:01:26","date_gmt":"2024-03-07T11:01:26","guid":{"rendered":"https:\/\/sinasefesm.com\/?p=6407"},"modified":"2024-03-07T11:01:26","modified_gmt":"2024-03-07T11:01:26","slug":"base-do-sinasefe-em-santa-maria-rejeita-greve-a-partir-de-1o-de-maio","status":"publish","type":"post","link":"https:\/\/sinasefesm.com\/index.php\/2024\/03\/07\/base-do-sinasefe-em-santa-maria-rejeita-greve-a-partir-de-1o-de-maio\/","title":{"rendered":"Sinasefe SM rejeita greve a partir de 1\u00ba de maio"},"content":{"rendered":"\n<p>Em assembleia ocorrida na manh\u00e3 desta quarta, 6 de mar\u00e7o, no Audit\u00f3rio do Col\u00e9gio Polit\u00e9cnico da UFSM, sindicalizados(as) do Sinasefe de Santa Maria rejeitaram a proposta de deflagra\u00e7\u00e3o de greve a partir de 1\u00ba de maio. Contudo, os participantes da reuni\u00e3o decidiram manter o estado de greve como forma de pressionar o governo federal a manter as negocia\u00e7\u00f5es sobre reposi\u00e7\u00e3o salarial e carreira.<\/p>\n\n\n<div class=\"wp-block-image\">\n<figure class=\"aligncenter size-full\"><img decoding=\"async\" src=\"https:\/\/sinasefesm.com\/wp-content\/uploads\/2024\/03\/WhatsApp-Image-2024-03-06-at-22.29.26.jpeg\" alt=\"\" class=\"wp-image-6408\"\/><\/figure><\/div>\n\n\n<p>Segundo o coordenador-geral do sindicato local, Jos\u00e9 Ab\u00edlio de Lima Freitas, o debate sobre um movimento grevista segue no horizonte e, para tanto, a ideia \u00e9 seguir estreitando os la\u00e7os com as demais entidades representativas de trabalhadore(as) da UFSM- Assufsm, Sedufsm, Atens e DCE- no sentido de fortalecer as a\u00e7\u00f5es conjuntas, j\u00e1 que a pauta reivindicat\u00f3ria \u00e9 comum.<\/p>\n\n\n\n<p>Conforme Ab\u00edlio, a assembleia tamb\u00e9m decidiu que n\u00e3o haver\u00e1 participa\u00e7\u00e3o de representantes de Santa Maria na 187\u00aa Plen\u00e1ria Nacional do Sinasefe, que ocorre dias 16 e 17 de mar\u00e7o, em Bras\u00edlia. Segundo o coordenador local, a entidade vai priorizar, por quest\u00f5es financeiras, a participa\u00e7\u00e3o, mais adiante, no congresso eleitoral.<\/p>\n\n\n\n<hr class=\"wp-block-separator has-alpha-channel-opacity\"\/>\n\n\n\n<p><em>Texto: Fritz Nunes<\/em><\/p>\n\n\n\n<p><em>Imagens: arquivo pessoal<\/em><\/p>\n","protected":false},"excerpt":{"rendered":"<p>Em assembleia ocorrida na manh\u00e3 desta quarta, 6 de mar\u00e7o, no Audit\u00f3rio do Col\u00e9gio Polit\u00e9cnico da UFSM, sindicalizados(as) do Sinasefe de Santa Maria rejeitaram a proposta de deflagra\u00e7\u00e3o de greve a partir de 1\u00ba de maio. Contudo, os participantes da reuni\u00e3o decidiram manter o estado de greve como forma de pressionar o governo federal a<\/p>\n","protected":false},"author":7,"featured_media":6409,"comment_status":"closed","ping_status":"closed","sticky":false,"template":"","format":"standard","meta":{"footnotes":""},"categories":[37,42],"tags":[59,260],"class_list":{"0":"post-6407","1":"post","2":"type-post","3":"status-publish","4":"format-standard","5":"has-post-thumbnail","7":"category-destaque","8":"category-noticia","9":"tag-assembleia","10":"tag-greve"},"_links":{"self":[{"href":"https:\/\/sinasefesm.com\/index.php\/wp-json\/wp\/v2\/posts\/6407","targetHints":{"allow":["GET"]}}],"collection":[{"href":"https:\/\/sinasefesm.com\/index.php\/wp-json\/wp\/v2\/posts"}],"about":[{"href":"https:\/\/sinasefesm.com\/index.php\/wp-json\/wp\/v2\/types\/post"}],"author":[{"embeddable":true,"href":"https:\/\/sinasefesm.com\/index.php\/wp-json\/wp\/v2\/users\/7"}],"replies":[{"embeddable":true,"href":"https:\/\/sinasefesm.com\/index.php\/wp-json\/wp\/v2\/comments?post=6407"}],"version-history":[{"count":0,"href":"https:\/\/sinasefesm.com\/index.php\/wp-json\/wp\/v2\/posts\/6407\/revisions"}],"wp:featuredmedia":[{"embeddable":true,"href":"https:\/\/sinasefesm.com\/index.php\/wp-json\/wp\/v2\/media\/6409"}],"wp:attachment":[{"href":"https:\/\/sinasefesm.com\/index.php\/wp-json\/wp\/v2\/media?parent=6407"}],"wp:term":[{"taxonomy":"category","embeddable":true,"href":"https:\/\/sinasefesm.com\/index.php\/wp-json\/wp\/v2\/categories?post=6407"},{"taxonomy":"post_tag","embeddable":true,"href":"https:\/\/sinasefesm.com\/index.php\/wp-json\/wp\/v2\/tags?post=6407"}],"curies":[{"name":"wp","href":"https:\/\/api.w.org\/{rel}","templated":true}]}}