{"id":6411,"date":"2024-03-08T13:03:40","date_gmt":"2024-03-08T13:03:40","guid":{"rendered":"https:\/\/sinasefesm.com\/?p=6411"},"modified":"2024-03-08T13:03:40","modified_gmt":"2024-03-08T13:03:40","slug":"ainda-e-tempo-de-lutar-pela-equidade-entre-homens-e-mulheres","status":"publish","type":"post","link":"https:\/\/sinasefesm.com\/index.php\/2024\/03\/08\/ainda-e-tempo-de-lutar-pela-equidade-entre-homens-e-mulheres\/","title":{"rendered":"\u00c9 tempo de lutar por equidade entre homens e mulheres"},"content":{"rendered":"\n<p>Tratar algu\u00e9m com equidade significa agir em rela\u00e7\u00e3o a essa pessoa conforme suas individualidades e necessidades espec\u00edficas, para evitar que se crie desigualdades. No caso da luta feminista, reivindica-se que, ao se elaborar uma pol\u00edtica p\u00fablica, por exemplo, seja levado em considera\u00e7\u00e3o o hist\u00f3rico mis\u00f3gino, machista e patriarcal ao qual nossa sociedade est\u00e1 inserida. Contudo, neste Dia Internacional da Mulher, oito de mar\u00e7o de 2024, mulheres ainda encontram entraves ao seu direito de opinar, agir e existir.<\/p>\n\n\n\n<p>No mercado de trabalho, mesmo com muitas pol\u00edticas equitativas j\u00e1 implementadas, o g\u00eanero feminino continua ganhando 20% menos que homens para exercer o mesmo cargo, segundo dados do IBGE, divulgados pelo Governo Federal recentemente. Caso essa mulher seja negra, a discrep\u00e2ncia \u00e9 ainda maior: 57% a menos que homens brancos, conforme o IBGE exp\u00f4s em 2021.<\/p>\n\n\n\n<p>E se estivermos tratando de uma mulher transsexual, talvez ela n\u00e3o consiga nem exercer o mesmo cargo que uma pessoa cisg\u00eanero desempenha no mercado formal, uma vez que, at\u00e9 2019, segundo aponta o IBGE, apenas 13,9% das brasileiras trans ocupavam esse espa\u00e7o.<\/p>\n\n\n\n<p>Remunera\u00e7\u00e3o e sub-representa\u00e7\u00e3o s\u00e3o apenas alguns dos aspectos que afetam as mulheres no mercado de trabalho, porque, al\u00e9m deles, elas precisam lidar com uma constante descredibilidade de suas opini\u00f5es e atitudes, como explica Mariglei Maraschin, Secret\u00e1ria de Administra\u00e7\u00e3o do Sinasefe de Santa Maria. <\/p>\n\n\n\n<p>Mariglei relata que \u201c<em>sentimos diariamente de forma velada e sutil [o machismo] quando nos dizem que precisamos ser mais pulso firmes ou menos emocionais nas atitudes e que, por isso, n\u00e3o temos condi\u00e7\u00f5es de assumir determinados cargos ou lideran\u00e7as. <\/em><em>Mas,<\/em><em> o pior s\u00e3o as brincadeiras e piadas que ouvimos. Eu&nbsp;fico muito desanimada quando ainda presencio estas situa\u00e7\u00f5es, porque vejo que ainda precisamos evoluir muito e estar vigilantes retomando aspectos bem b\u00e1sicos da luta<\/em>.&#8221;<\/p>\n\n\n\n<p>No mesmo sentido, a servidora t\u00e9cnico-administrativa, Cassiana Marques, que tamb\u00e9m ocupa um cargo de dire\u00e7\u00e3o junto \u00e0 Pr\u00f3-Reitoria de Assuntos Estudantis da UFSM, comenta que ainda se perpetua a ideia de que o homem deve estar \u00e0 frente nos cargos de lideran\u00e7a, seguindo um racioc\u00ednio ultrapassado de que ele deve ser o provedor, enquanto \u00e0 mulher cabe a fun\u00e7\u00e3o de cuidar da casa e dos filhos. Apesar de tal atividade ser digna, importante e complexa, defender que uma mulher n\u00e3o possa explorar outras possibilidades de viv\u00eancia \u00e9 totalmente desconexo da atualidade.<\/p>\n\n\n\n<p><br>Diante desse panorama, as entrevistadas acreditam que somente estrat\u00e9gias educativas podem promover avan\u00e7os relativos \u00e0 luta feminista, aliadas ao debate coletivo interseccionado por outros recortes sociais. Por isso, o sindicato convida seus filiados e suas filiadas a integrarem o ato que ocorre hoje, dia 8, no Cal\u00e7ad\u00e3o do Centro de Santa Maria, \u00e0s 17h30, para dialogar acerca de pautas ligadas ao trabalho e direito \u00e0 vida das mulheres. Somente a luta coletiva trar\u00e1 mudan\u00e7as para as mulheres!<\/p>\n\n\n\n<hr class=\"wp-block-separator has-alpha-channel-opacity\"\/>\n\n\n\n<p><em><br><\/em><em>Texto: Laurent Keller<\/em><\/p>\n\n\n\n<p><em>Imagem<\/em><em>: Xain\u00e3 Pitaguary<\/em><\/p>\n\n\n\n<p><em>Edi\u00e7\u00e3o: Fritz <\/em><em>Rivail <\/em><\/p>\n","protected":false},"excerpt":{"rendered":"<p>Tratar algu\u00e9m com equidade significa agir em rela\u00e7\u00e3o a essa pessoa conforme suas individualidades e necessidades espec\u00edficas, para evitar que se crie desigualdades. No caso da luta feminista, reivindica-se que, ao se elaborar uma pol\u00edtica p\u00fablica, por exemplo, seja levado em considera\u00e7\u00e3o o hist\u00f3rico mis\u00f3gino, machista e patriarcal ao qual nossa sociedade est\u00e1 inserida. Contudo,<\/p>\n","protected":false},"author":5,"featured_media":6412,"comment_status":"closed","ping_status":"closed","sticky":false,"template":"","format":"standard","meta":{"footnotes":""},"categories":[37,42],"tags":[242,252],"class_list":{"0":"post-6411","1":"post","2":"type-post","3":"status-publish","4":"format-standard","5":"has-post-thumbnail","7":"category-destaque","8":"category-noticia","9":"tag-8-de-marco","10":"tag-dia-da-mulher"},"_links":{"self":[{"href":"https:\/\/sinasefesm.com\/index.php\/wp-json\/wp\/v2\/posts\/6411","targetHints":{"allow":["GET"]}}],"collection":[{"href":"https:\/\/sinasefesm.com\/index.php\/wp-json\/wp\/v2\/posts"}],"about":[{"href":"https:\/\/sinasefesm.com\/index.php\/wp-json\/wp\/v2\/types\/post"}],"author":[{"embeddable":true,"href":"https:\/\/sinasefesm.com\/index.php\/wp-json\/wp\/v2\/users\/5"}],"replies":[{"embeddable":true,"href":"https:\/\/sinasefesm.com\/index.php\/wp-json\/wp\/v2\/comments?post=6411"}],"version-history":[{"count":0,"href":"https:\/\/sinasefesm.com\/index.php\/wp-json\/wp\/v2\/posts\/6411\/revisions"}],"wp:featuredmedia":[{"embeddable":true,"href":"https:\/\/sinasefesm.com\/index.php\/wp-json\/wp\/v2\/media\/6412"}],"wp:attachment":[{"href":"https:\/\/sinasefesm.com\/index.php\/wp-json\/wp\/v2\/media?parent=6411"}],"wp:term":[{"taxonomy":"category","embeddable":true,"href":"https:\/\/sinasefesm.com\/index.php\/wp-json\/wp\/v2\/categories?post=6411"},{"taxonomy":"post_tag","embeddable":true,"href":"https:\/\/sinasefesm.com\/index.php\/wp-json\/wp\/v2\/tags?post=6411"}],"curies":[{"name":"wp","href":"https:\/\/api.w.org\/{rel}","templated":true}]}}