{"id":6426,"date":"2024-03-11T17:37:17","date_gmt":"2024-03-11T17:37:17","guid":{"rendered":"https:\/\/sinasefesm.com\/?p=6426"},"modified":"2024-03-11T17:37:17","modified_gmt":"2024-03-11T17:37:17","slug":"pgd-da-ufsm-em-debate-na-sexta-15-de-marco","status":"publish","type":"post","link":"https:\/\/sinasefesm.com\/index.php\/2024\/03\/11\/pgd-da-ufsm-em-debate-na-sexta-15-de-marco\/","title":{"rendered":"PGD da UFSM em debate na sexta, 15 de mar\u00e7o"},"content":{"rendered":"\n<p>O Sinasefe Santa Maria participa na sexta, 15 de mar\u00e7o, de um debate junto com a Se\u00e7\u00e3o Sindical dos Docentes da UFSM (Sedufsm) sobre o PGD (Programa de Gest\u00e3o e Desempenho) proposto pela Reitoria da UFSM, e que tem causado d\u00favidas nos(as) trabalhadores(as). O evento acontece a partir das 9h, no Audit\u00f3rio Fl\u00e1vio Miguel Schneider (junto ao pr\u00e9dio 42, do Centro de Ci\u00eancias Rurais da UFSM, em camobi). A atividade tamb\u00e9m ser\u00e1 transmitida pelo Youtube: <a href=\"http:\/\/www.youtube.com\/@sedufsmandes\">www.youtube.com\/@sedufsmandes<\/a><\/p>\n\n\n\n<p>As representa\u00e7\u00f5es das entidades que compor\u00e3o a mesa de discuss\u00f5es s\u00e3o:<\/p>\n\n\n\n<p>&#8211; Hazael Soranzo Almeida (Coordena\u00e7\u00e3o Geral do Sinasefe Santa Maria)<\/p>\n\n\n\n<p>&#8211; Marcia Morschbacher (vice-presidenta da Sedufsm)<\/p>\n\n\n\n<p>&#8211; Heverton Padilha (assessor jur\u00eddico).<\/p>\n\n\n\n<p><em>Texto: Fritz Rivail<br>Arte: Italo de Paula (Sedufsm)<\/em><\/p>\n","protected":false},"excerpt":{"rendered":"<p>O Sinasefe Santa Maria participa na sexta, 15 de mar\u00e7o, de um debate junto com a Se\u00e7\u00e3o Sindical dos Docentes da UFSM (Sedufsm) sobre o PGD (Programa de Gest\u00e3o e Desempenho) proposto pela Reitoria da UFSM, e que tem causado d\u00favidas nos(as) trabalhadores(as). O evento acontece a partir das 9h, no Audit\u00f3rio Fl\u00e1vio Miguel Schneider<\/p>\n","protected":false},"author":7,"featured_media":6428,"comment_status":"closed","ping_status":"closed","sticky":true,"template":"","format":"standard","meta":{"footnotes":""},"categories":[37,42,45,46],"tags":[],"class_list":{"0":"post-6426","1":"post","2":"type-post","3":"status-publish","4":"format-standard","5":"has-post-thumbnail","7":"category-destaque","8":"category-noticia","9":"category-sindicato","10":"category-uncategorized"},"_links":{"self":[{"href":"https:\/\/sinasefesm.com\/index.php\/wp-json\/wp\/v2\/posts\/6426","targetHints":{"allow":["GET"]}}],"collection":[{"href":"https:\/\/sinasefesm.com\/index.php\/wp-json\/wp\/v2\/posts"}],"about":[{"href":"https:\/\/sinasefesm.com\/index.php\/wp-json\/wp\/v2\/types\/post"}],"author":[{"embeddable":true,"href":"https:\/\/sinasefesm.com\/index.php\/wp-json\/wp\/v2\/users\/7"}],"replies":[{"embeddable":true,"href":"https:\/\/sinasefesm.com\/index.php\/wp-json\/wp\/v2\/comments?post=6426"}],"version-history":[{"count":0,"href":"https:\/\/sinasefesm.com\/index.php\/wp-json\/wp\/v2\/posts\/6426\/revisions"}],"wp:featuredmedia":[{"embeddable":true,"href":"https:\/\/sinasefesm.com\/index.php\/wp-json\/wp\/v2\/media\/6428"}],"wp:attachment":[{"href":"https:\/\/sinasefesm.com\/index.php\/wp-json\/wp\/v2\/media?parent=6426"}],"wp:term":[{"taxonomy":"category","embeddable":true,"href":"https:\/\/sinasefesm.com\/index.php\/wp-json\/wp\/v2\/categories?post=6426"},{"taxonomy":"post_tag","embeddable":true,"href":"https:\/\/sinasefesm.com\/index.php\/wp-json\/wp\/v2\/tags?post=6426"}],"curies":[{"name":"wp","href":"https:\/\/api.w.org\/{rel}","templated":true}]}}