{"id":6433,"date":"2024-03-12T22:00:11","date_gmt":"2024-03-12T22:00:11","guid":{"rendered":"https:\/\/sinasefesm.com\/?p=6433"},"modified":"2024-03-12T22:00:11","modified_gmt":"2024-03-12T22:00:11","slug":"plena-do-sinasefe-discute-campanha-salarial-dias-16-e-17-de-marco","status":"publish","type":"post","link":"https:\/\/sinasefesm.com\/index.php\/2024\/03\/12\/plena-do-sinasefe-discute-campanha-salarial-dias-16-e-17-de-marco\/","title":{"rendered":"Plena do Sinasefe discute campanha salarial dias 16 e 17 de mar\u00e7o"},"content":{"rendered":"\n<p>No final de semana, dias 16 e 17 de mar\u00e7o, acontece a 187\u00aa Plen\u00e1ria Nacional do Sinasefe, em Bras\u00edlia. A reuni\u00e3o tem como um de seus pontos principais de debate a quest\u00e3o da campanha salarial e a constru\u00e7\u00e3o da greve.<\/p>\n\n\n\n<p>O Sinasefe Santa Maria ter\u00e1 a participa\u00e7\u00e3o virtual do secret\u00e1rio de Assuntos Legislativos e Jur\u00eddicos, Milton M\u00e1ximo Ferrari.<\/p>\n\n\n\n<p>Acompanhe a programa\u00e7\u00e3o da Plen\u00e1ria Nacional:<\/p>\n\n\n\n<p><strong>S\u00e1bado \u2013 16\/03<\/strong><\/p>\n\n\n\n<ul class=\"wp-block-list\">\n<li>8h \u2013 14h \u2013 Credenciamento;<\/li>\n\n\n\n<li>9h \u2013 11h \u2013 Informes Dire\u00e7\u00e3o Nacional (DN) \u2013 Informes das Se\u00e7\u00f5es (<em>somente informe por escrito, com registro fiel na Ata 186\u00aa Plena, do texto escrito e enviado no e-mail: administrativo@sinasefe.org.br);<\/em><\/li>\n\n\n\n<li>11h \u2013 13h \u2013 Campanha Salarial\/ Constru\u00e7\u00e3o da Greve;<\/li>\n\n\n\n<li>13h \u2013 14h30 \u2013 Intervalo do Almo\u00e7o;<\/li>\n\n\n\n<li>14h30 \u2013 18h \u2013 Retorno da discuss\u00e3o da Campanha Salarial\/Constru\u00e7\u00e3o da Greve;<\/li>\n\n\n\n<li>18h \u2013 Encerramento.<br><\/li>\n<\/ul>\n\n\n\n<p><strong>Domingo \u2013 17\/03<\/strong><\/p>\n\n\n\n<ul class=\"wp-block-list\">\n<li>9h \u2013 12h \u2013 Presta\u00e7\u00e3o de Contas \u2013 Conselho Fiscal<\/li>\n\n\n\n<li>12h \u2013 13h30 \u2013 Intervalo do Almo\u00e7o<\/li>\n\n\n\n<li>13h30 \u2013 15h30 \u2013 Reforma da Casa;<\/li>\n\n\n\n<li>15h30 \u2013 Encerramento.<\/li>\n<\/ul>\n\n\n\n<p><em>Texto: Fritz Rivail com informa\u00e7\u00f5es e ilustra\u00e7\u00e3o do Sinasefe Nacional.<\/em><em><\/em><\/p>\n","protected":false},"excerpt":{"rendered":"<p>No final de semana, dias 16 e 17 de mar\u00e7o, acontece a 187\u00aa Plen\u00e1ria Nacional do Sinasefe, em Bras\u00edlia. A reuni\u00e3o tem como um de seus pontos principais de debate a quest\u00e3o da campanha salarial e a constru\u00e7\u00e3o da greve. O Sinasefe Santa Maria ter\u00e1 a participa\u00e7\u00e3o virtual do secret\u00e1rio de Assuntos Legislativos e Jur\u00eddicos,<\/p>\n","protected":false},"author":7,"featured_media":6434,"comment_status":"closed","ping_status":"closed","sticky":true,"template":"","format":"standard","meta":{"footnotes":""},"categories":[39,42,45,46],"tags":[],"class_list":{"0":"post-6433","1":"post","2":"type-post","3":"status-publish","4":"format-standard","5":"has-post-thumbnail","7":"category-eventos","8":"category-noticia","9":"category-sindicato","10":"category-uncategorized"},"_links":{"self":[{"href":"https:\/\/sinasefesm.com\/index.php\/wp-json\/wp\/v2\/posts\/6433","targetHints":{"allow":["GET"]}}],"collection":[{"href":"https:\/\/sinasefesm.com\/index.php\/wp-json\/wp\/v2\/posts"}],"about":[{"href":"https:\/\/sinasefesm.com\/index.php\/wp-json\/wp\/v2\/types\/post"}],"author":[{"embeddable":true,"href":"https:\/\/sinasefesm.com\/index.php\/wp-json\/wp\/v2\/users\/7"}],"replies":[{"embeddable":true,"href":"https:\/\/sinasefesm.com\/index.php\/wp-json\/wp\/v2\/comments?post=6433"}],"version-history":[{"count":0,"href":"https:\/\/sinasefesm.com\/index.php\/wp-json\/wp\/v2\/posts\/6433\/revisions"}],"wp:featuredmedia":[{"embeddable":true,"href":"https:\/\/sinasefesm.com\/index.php\/wp-json\/wp\/v2\/media\/6434"}],"wp:attachment":[{"href":"https:\/\/sinasefesm.com\/index.php\/wp-json\/wp\/v2\/media?parent=6433"}],"wp:term":[{"taxonomy":"category","embeddable":true,"href":"https:\/\/sinasefesm.com\/index.php\/wp-json\/wp\/v2\/categories?post=6433"},{"taxonomy":"post_tag","embeddable":true,"href":"https:\/\/sinasefesm.com\/index.php\/wp-json\/wp\/v2\/tags?post=6433"}],"curies":[{"name":"wp","href":"https:\/\/api.w.org\/{rel}","templated":true}]}}