{"id":6441,"date":"2024-03-18T20:17:41","date_gmt":"2024-03-18T20:17:41","guid":{"rendered":"https:\/\/sinasefesm.com\/?p=6441"},"modified":"2024-03-18T20:17:41","modified_gmt":"2024-03-18T20:17:41","slug":"sindicalizadas-debatem-sub-representacao-feminina-em-ambientes-de-ensino","status":"publish","type":"post","link":"https:\/\/sinasefesm.com\/index.php\/2024\/03\/18\/sindicalizadas-debatem-sub-representacao-feminina-em-ambientes-de-ensino\/","title":{"rendered":"Sindicalizadas debatem sub-representa\u00e7\u00e3o feminina em ambientes de ensino"},"content":{"rendered":"\n<p>Na \u00faltima sexta-feira, 15 de mar\u00e7o, o Sinasefe de Santa Maria promoveu o 2\u00ba Encontro de Mulheres da se\u00e7\u00e3o sindical, em celebra\u00e7\u00e3o ao m\u00eas da mulher. No encontro, realizado no Audit\u00f3rio do Col\u00e9gio Polit\u00e9cnico da UFSM, as participantes do encontro assistiram ao v\u00eddeo \u201cpor que dever\u00edamos ser todos feministas\u201d, da escritora contempor\u00e2nea feminista Chimamanda Ngozi Adichie, e, posteriormente, se propuseram a discutir em torno da palestra, dada em 2012, ao <em>TED Talks<\/em>.<\/p>\n\n\n<div class=\"wp-block-image\">\n<figure class=\"aligncenter size-full\"><img decoding=\"async\" src=\"https:\/\/sinasefesm.com\/wp-content\/uploads\/2024\/03\/IMG_9884-scaled.jpg\" alt=\"\" class=\"wp-image-6455\"\/><\/figure><\/div>\n\n\n<p>Conforme explica a escritora, a sociedade ensina \u00e0s mulheres a terem ambi\u00e7\u00e3o, mas essa ambi\u00e7\u00e3o n\u00e3o pode ser muito grande, da mesma forma \u00e9 dito a elas que devem ser bem sucedidas, mas n\u00e3o tanto a ponto de amea\u00e7ar os homens. Por meio de exemplos como esses, a pensadora discorre ao longo do v\u00eddeo acerca da import\u00e2ncia de pensarmos um mundo diferente, em que todos, homens e mulheres, sejam feministas. Assim, ela acredita que podemos evoluir socialmente.&nbsp;<\/p>\n\n\n\n<p>A partir de hist\u00f3rias pessoais, Chimamanda exp\u00f5e as defini\u00e7\u00f5es do que \u00e9 feminismo no s\u00e9culo XXI. Assista \u00e0 palestra abaixo:<\/p>\n\n\n\n<figure class=\"wp-block-embed is-type-video is-provider-youtube wp-block-embed-youtube wp-embed-aspect-16-9 wp-has-aspect-ratio\"><div class=\"wp-block-embed__wrapper\">\n<iframe title=\"Chimamanda Ngozi Adichie: N\u00f3s dever\u00edamos ser todos feministas\" width=\"768\" height=\"432\" src=\"https:\/\/www.youtube.com\/embed\/mSO5EgN1MII?feature=oembed\" frameborder=\"0\" allow=\"accelerometer; autoplay; clipboard-write; encrypted-media; gyroscope; picture-in-picture; web-share\" referrerpolicy=\"strict-origin-when-cross-origin\" allowfullscreen><\/iframe>\n<\/div><\/figure>\n\n\n\n<p>Finalizada a palestra, as diretoras sindicais presentes no evento deram in\u00edcio a um di\u00e1logo a respeito do que foi levantado no v\u00eddeo, destacando a sub-representatividade das mulheres nos ambientes de ensino em que trabalham. Na UFSM, conforme exemplificou a Diretora da Sedufsm, Neila Baldi, nunca houve uma reitora do g\u00eanero feminino em mais de 60 anos de institui\u00e7\u00e3o. O mais perto que uma mulher j\u00e1 chegou desse cargo foi com a Martha Adaime que ocupa atualmente a posi\u00e7\u00e3o de Vice-Reitora da Universidade, cargo que antes tamb\u00e9m s\u00f3 havia sido preenchido por homens.<\/p>\n\n\n<div class=\"wp-block-image\">\n<figure class=\"aligncenter size-full\"><img decoding=\"async\" src=\"https:\/\/sinasefesm.com\/wp-content\/uploads\/2024\/03\/IMG_9839-1-scaled.jpg\" alt=\"\" class=\"wp-image-6444\"\/><\/figure><\/div>\n\n\n<p>Nas demais posi\u00e7\u00f5es de chefia da UFSM o cen\u00e1rio n\u00e3o \u00e9 muito melhor. De acordo com informa\u00e7\u00f5es atuais fornecidas pelo <a href=\"https:\/\/portal.ufsm.br\/ufsm-em-numeros\/publico\/painel.html?categoria=506\">UFSM em N\u00fameros<\/a>, 343 mulheres (tanto docentes quanto T\u00e9cnicas-Administrativas em Educa\u00e7\u00e3o &#8211; TAEs) chefiam os departamentos da Universidade, enquanto 422 homens ocupam os demais cargos de chefia. Contudo, \u00e9 v\u00e1lido destacar que, dentre tais cargos, as chefias de mais alto n\u00edvel ainda s\u00e3o pouco ocupadas por mulheres, como as fun\u00e7\u00f5es de pr\u00f3-reitor. De nove reitorias, apenas duas s\u00e3o chefiadas por mulheres. J\u00e1 nas dire\u00e7\u00f5es das unidades de ensino, cinco das 11 dire\u00e7\u00f5es s\u00e3o comandadas por pessoas do g\u00eanero feminino.<\/p>\n\n\n\n<p>No Col\u00e9gio Militar de Santa Maria (CMSM), a situa\u00e7\u00e3o se repete: mulheres n\u00e3o ocupam os cargos de maior poder, mantendo a subordina\u00e7\u00e3o feminina ao homem nas rela\u00e7\u00f5es empregat\u00edcias, o que, conforme relata a Coordenadora Geral do Sinasefe de Santa Maria e Professora do CMSM, Adriana Bonum\u00e1, reflete na falta de desenvolvimento de pol\u00edticas equitativas dentro do contexto de trabalho.<\/p>\n\n\n<div class=\"wp-block-image\">\n<figure class=\"aligncenter size-full\"><img decoding=\"async\" src=\"https:\/\/sinasefesm.com\/wp-content\/uploads\/2024\/03\/IMG_9864-scaled.jpg\" alt=\"\" class=\"wp-image-6445\"\/><\/figure><\/div>\n\n\n<p>Quem traz \u00e0 tona uma dessas situa\u00e7\u00f5es \u00e9 a Pr\u00f3-Reitora Substituta da Pr\u00f3-Reitoria de Assuntos Estudantis (PRAE), Cassiana Marques, primeira mulher negra a atuar em uma das chefias das reitorias. Segundo ela, a UFSM ainda peca na inclus\u00e3o de medidas que auxiliem mulheres que exercem a maternidade, uma vez que ela n\u00e3o consegue nem mesmo participar de uma reuni\u00e3o escolar de sua filha de forma justificada para a UFSM. Em sua vis\u00e3o, isso \u00e9 um entrave b\u00e1sico que n\u00e3o deveria ser uma quest\u00e3o-problema para as m\u00e3es que trabalham na institui\u00e7\u00e3o.&nbsp;<\/p>\n\n\n\n<p>No mesmo sentido, outras participantes da palestra lembraram que muitos Centros do <em>campus <\/em>sede ainda n\u00e3o possuem trocadores de fralda nos banheiros e, nos poucos locais que possuem, os possuem apenas no banheiro feminino, refor\u00e7ando o estere\u00f3tipo de g\u00eanero de que cabe \u00e0s mulheres o papel de cuidar dos filhos e trocar suas fraldas.<\/p>\n\n\n<div class=\"wp-block-image\">\n<figure class=\"aligncenter size-full\"><img decoding=\"async\" src=\"https:\/\/sinasefesm.com\/wp-content\/uploads\/2024\/03\/IMG_9767-scaled.jpg\" alt=\"\" class=\"wp-image-6446\"\/><\/figure><\/div>\n\n\n<p class=\"has-medium-font-size\"><strong>Confraterniza\u00e7\u00e3o entre sindicalizadas<\/strong><\/p>\n\n\n\n<p>Posteriormente aos debates em torno da palestra de Chimamanda Ngozi Adichie, as participantes da atividade ganharam mimos das diretoras do sindicato e puderam seguir conversando enquanto apreciavam os canap\u00e9s oferecidos pelo Sinasefe.<\/p>\n\n\n\n<p>Na vis\u00e3o da Secret\u00e1ria de Comunica\u00e7\u00e3o e Forma\u00e7\u00e3o Pol\u00edtica Sindical, Miriane Fonseca, o evento proporcionou reencontros, reflex\u00f5es e momentos de descontra\u00e7\u00e3o \u00e0s filiadas: \u2018\u2019<em>todas n\u00f3s estamos \u00e1vidas por mudan\u00e7a, pela constru\u00e7\u00e3o coletiva de uma sociedade em que n\u00e3o tenhamos mais que lutar para sermos quem somos, para ocuparmos todos espa\u00e7os legitimamente e com igualdade de g\u00eanero<\/em>\u2019\u2019, avalia positivamente a diretora sindical.<\/p>\n\n\n\n<figure class=\"wp-block-gallery has-nested-images columns-default is-cropped wp-block-gallery-1 is-layout-flex wp-block-gallery-is-layout-flex\">\n<figure class=\"wp-block-image size-large\"><img decoding=\"async\" data-id=\"6447\" src=\"https:\/\/sinasefesm.com\/wp-content\/uploads\/2024\/03\/IMG_9896-scaled.jpg\" alt=\"\" class=\"wp-image-6447\"\/><\/figure>\n\n\n\n<figure class=\"wp-block-image size-large\"><img decoding=\"async\" data-id=\"6448\" src=\"https:\/\/sinasefesm.com\/wp-content\/uploads\/2024\/03\/IMG_9958-scaled.jpg\" alt=\"\" class=\"wp-image-6448\"\/><\/figure>\n\n\n\n<figure class=\"wp-block-image size-large\"><img decoding=\"async\" data-id=\"6449\" src=\"https:\/\/sinasefesm.com\/wp-content\/uploads\/2024\/03\/IMG_9991-scaled.jpg\" alt=\"\" class=\"wp-image-6449\"\/><\/figure>\n\n\n\n<figure class=\"wp-block-image size-large\"><img decoding=\"async\" data-id=\"6451\" src=\"https:\/\/sinasefesm.com\/wp-content\/uploads\/2024\/03\/IMG_9715-scaled.jpg\" alt=\"\" class=\"wp-image-6451\"\/><\/figure>\n\n\n\n<figure class=\"wp-block-image size-large\"><img decoding=\"async\" data-id=\"6452\" src=\"https:\/\/sinasefesm.com\/wp-content\/uploads\/2024\/03\/IMG_9702-scaled.jpg\" alt=\"\" class=\"wp-image-6452\"\/><\/figure>\n\n\n\n<figure class=\"wp-block-image size-large\"><img decoding=\"async\" data-id=\"6453\" src=\"https:\/\/sinasefesm.com\/wp-content\/uploads\/2024\/03\/IMG_9713-scaled.jpg\" alt=\"\" class=\"wp-image-6453\"\/><\/figure>\n\n\n\n<figure class=\"wp-block-image size-full\"><img decoding=\"async\" data-id=\"6458\" src=\"https:\/\/sinasefesm.com\/wp-content\/uploads\/2024\/03\/IMG_9942-scaled.jpg\" alt=\"\" class=\"wp-image-6458\"\/><\/figure>\n\n\n\n<figure class=\"wp-block-image size-large\"><img decoding=\"async\" data-id=\"6450\" src=\"https:\/\/sinasefesm.com\/wp-content\/uploads\/2024\/03\/IMG_9982-scaled.jpg\" alt=\"\" class=\"wp-image-6450\"\/><\/figure>\n<\/figure>\n\n\n\n<hr class=\"wp-block-separator has-alpha-channel-opacity\"\/>\n\n\n\n<p><em>Texto e imagens: Laurent Keller<\/em><\/p>\n\n\n\n<p><em>Edi\u00e7\u00e3o: Fritz Nunes<\/em><\/p>\n","protected":false},"excerpt":{"rendered":"<p>Na \u00faltima sexta-feira, 15 de mar\u00e7o, o Sinasefe de Santa Maria promoveu o 2\u00ba Encontro de Mulheres da se\u00e7\u00e3o sindical, em celebra\u00e7\u00e3o ao m\u00eas da mulher. No encontro, realizado no Audit\u00f3rio do Col\u00e9gio Polit\u00e9cnico da UFSM, as participantes do encontro assistiram ao v\u00eddeo \u201cpor que dever\u00edamos ser todos feministas\u201d, da escritora contempor\u00e2nea feminista Chimamanda Ngozi<\/p>\n","protected":false},"author":5,"featured_media":6442,"comment_status":"closed","ping_status":"closed","sticky":false,"template":"","format":"standard","meta":{"footnotes":""},"categories":[37,39,42],"tags":[238],"class_list":{"0":"post-6441","1":"post","2":"type-post","3":"status-publish","4":"format-standard","5":"has-post-thumbnail","7":"category-destaque","8":"category-eventos","9":"category-noticia","10":"tag-2o-encontro-de-mulheres"},"_links":{"self":[{"href":"https:\/\/sinasefesm.com\/index.php\/wp-json\/wp\/v2\/posts\/6441","targetHints":{"allow":["GET"]}}],"collection":[{"href":"https:\/\/sinasefesm.com\/index.php\/wp-json\/wp\/v2\/posts"}],"about":[{"href":"https:\/\/sinasefesm.com\/index.php\/wp-json\/wp\/v2\/types\/post"}],"author":[{"embeddable":true,"href":"https:\/\/sinasefesm.com\/index.php\/wp-json\/wp\/v2\/users\/5"}],"replies":[{"embeddable":true,"href":"https:\/\/sinasefesm.com\/index.php\/wp-json\/wp\/v2\/comments?post=6441"}],"version-history":[{"count":0,"href":"https:\/\/sinasefesm.com\/index.php\/wp-json\/wp\/v2\/posts\/6441\/revisions"}],"wp:featuredmedia":[{"embeddable":true,"href":"https:\/\/sinasefesm.com\/index.php\/wp-json\/wp\/v2\/media\/6442"}],"wp:attachment":[{"href":"https:\/\/sinasefesm.com\/index.php\/wp-json\/wp\/v2\/media?parent=6441"}],"wp:term":[{"taxonomy":"category","embeddable":true,"href":"https:\/\/sinasefesm.com\/index.php\/wp-json\/wp\/v2\/categories?post=6441"},{"taxonomy":"post_tag","embeddable":true,"href":"https:\/\/sinasefesm.com\/index.php\/wp-json\/wp\/v2\/tags?post=6441"}],"curies":[{"name":"wp","href":"https:\/\/api.w.org\/{rel}","templated":true}]}}