{"id":6468,"date":"2024-03-20T12:26:45","date_gmt":"2024-03-20T12:26:45","guid":{"rendered":"https:\/\/sinasefesm.com\/?p=6468"},"modified":"2024-03-20T12:26:45","modified_gmt":"2024-03-20T12:26:45","slug":"sinasefe-nacional-aprova-indicativo-de-greve","status":"publish","type":"post","link":"https:\/\/sinasefesm.com\/index.php\/2024\/03\/20\/sinasefe-nacional-aprova-indicativo-de-greve\/","title":{"rendered":"Sinasefe Nacional aprova indicativo de greve"},"content":{"rendered":"\n<p>A partir do dia tr\u00eas de abril, a Dire\u00e7\u00e3o Nacional (DN) do Sinasefe pretende dar in\u00edcio \u00e0 greve para docentes e t\u00e9cnico-administrativos da Rede Federal de Ensino. O indicativo foi definido durante a 187\u00aa Plen\u00e1ria Nacional do sindicato, ocorrida de modo h\u00edbrido, presencialmente em Bras\u00edlia-DF e <em>online <\/em>pela plataforma <em>Zoom<\/em>, nos dias 16 e 17 de mar\u00e7o. Ao todo, 58 se\u00e7\u00f5es participaram do processo de vota\u00e7\u00e3o do indicativo de greve, incluindo a sede santa-mariense.<\/p>\n\n\n\n<p>O Secret\u00e1rio de Carreira e Rela\u00e7\u00e3o de Trabalho do Sinasefe de Santa Maria, Ad\u00e3o Damasceno, representou o sindicato remotamente e esclarece que, at\u00e9 dia tr\u00eas, as se\u00e7\u00f5es devem definir se v\u00e3o integrar a greve. A se\u00e7\u00e3o local pretende debater o assunto em uma reuni\u00e3o de diretoria em breve.<\/p>\n\n\n\n<p>Dentre os pontos levantados durante a Plen\u00e1ria, destacam-se como principais eixos da greve: a reestrutura\u00e7\u00e3o das carreiras de t\u00e9cnico-administrativos e docentes, conforme <a href=\"https:\/\/sinasefe.org.br\/site\/carreira-propostas-para-reestruturacao-do-pcctae-e-do-ebtt\/\">as propostas aprovadas nos GTs Carreira e nas Plenas do Sinasefe<\/a>; recomposi\u00e7\u00e3o salarial, conforme proposto pela <a href=\"https:\/\/sinasefe.org.br\/site\/campanha-salarial-2024\/\">Campanha Salarial de 2024<\/a>; revoga\u00e7\u00e3o do <a href=\"https:\/\/sinasefe.org.br\/site\/nota-do-sinasefe-revogacao-do-novo-ensino-medio\/\">Novo Ensino M\u00e9dio (NEM)<\/a>; revoga\u00e7\u00e3o de todas as Medidas Provis\u00f3rias, Portarias e Decretos que atacam os servidores e os servi\u00e7os p\u00fablicos \u2013 com destaque para a<a href=\"https:\/\/www.in.gov.br\/en\/web\/dou\/-\/instrucao-normativa-sgp\/sedgg\/me-n-54-de-20-de-maio-de-2021-323280063\"> IN 54\/2021<\/a>, que ataca o direito de greve; e recomposi\u00e7\u00e3o or\u00e7ament\u00e1ria da Rede Federal de Educa\u00e7\u00e3o.<\/p>\n\n\n\n<p><strong>Abaixo, confira o calend\u00e1rio de mobiliza\u00e7\u00f5es:<\/strong><\/p>\n\n\n\n<ul class=\"wp-block-list\">\n<li>Entre 18\/03 e 26\/03: rodadas de assembleias nas se\u00e7\u00f5es sindicais pautando greve ;<\/li>\n\n\n\n<li>27\/03*: PLENA do SINASEFE (data a confirmar);<\/li>\n\n\n\n<li>03\/04: deflagra\u00e7\u00e3o da greve.<\/li>\n<\/ul>\n\n\n\n<p><em>Texto: Laurent Keller<\/em><\/p>\n\n\n\n<p><em>Imagem: Sinasefe Nacional<\/em><\/p>\n\n\n\n<p><em>Edi\u00e7\u00e3o: Fritz Rivail<\/em><\/p>\n","protected":false},"excerpt":{"rendered":"<p>A partir do dia tr\u00eas de abril, a Dire\u00e7\u00e3o Nacional (DN) do Sinasefe pretende dar in\u00edcio \u00e0 greve para docentes e t\u00e9cnico-administrativos da Rede Federal de Ensino. O indicativo foi definido durante a 187\u00aa Plen\u00e1ria Nacional do sindicato, ocorrida de modo h\u00edbrido, presencialmente em Bras\u00edlia-DF e online pela plataforma Zoom, nos dias 16 e 17<\/p>\n","protected":false},"author":5,"featured_media":6469,"comment_status":"closed","ping_status":"closed","sticky":false,"template":"","format":"standard","meta":{"footnotes":""},"categories":[37,42],"tags":[260,187],"class_list":{"0":"post-6468","1":"post","2":"type-post","3":"status-publish","4":"format-standard","5":"has-post-thumbnail","7":"category-destaque","8":"category-noticia","9":"tag-greve","10":"tag-plenaria-nacional"},"_links":{"self":[{"href":"https:\/\/sinasefesm.com\/index.php\/wp-json\/wp\/v2\/posts\/6468","targetHints":{"allow":["GET"]}}],"collection":[{"href":"https:\/\/sinasefesm.com\/index.php\/wp-json\/wp\/v2\/posts"}],"about":[{"href":"https:\/\/sinasefesm.com\/index.php\/wp-json\/wp\/v2\/types\/post"}],"author":[{"embeddable":true,"href":"https:\/\/sinasefesm.com\/index.php\/wp-json\/wp\/v2\/users\/5"}],"replies":[{"embeddable":true,"href":"https:\/\/sinasefesm.com\/index.php\/wp-json\/wp\/v2\/comments?post=6468"}],"version-history":[{"count":0,"href":"https:\/\/sinasefesm.com\/index.php\/wp-json\/wp\/v2\/posts\/6468\/revisions"}],"wp:featuredmedia":[{"embeddable":true,"href":"https:\/\/sinasefesm.com\/index.php\/wp-json\/wp\/v2\/media\/6469"}],"wp:attachment":[{"href":"https:\/\/sinasefesm.com\/index.php\/wp-json\/wp\/v2\/media?parent=6468"}],"wp:term":[{"taxonomy":"category","embeddable":true,"href":"https:\/\/sinasefesm.com\/index.php\/wp-json\/wp\/v2\/categories?post=6468"},{"taxonomy":"post_tag","embeddable":true,"href":"https:\/\/sinasefesm.com\/index.php\/wp-json\/wp\/v2\/tags?post=6468"}],"curies":[{"name":"wp","href":"https:\/\/api.w.org\/{rel}","templated":true}]}}