{"id":6484,"date":"2024-04-01T20:07:35","date_gmt":"2024-04-01T20:07:35","guid":{"rendered":"https:\/\/sinasefesm.com\/?p=6484"},"modified":"2024-04-01T20:07:35","modified_gmt":"2024-04-01T20:07:35","slug":"188a-plena-nacional-define-inicio-da-greve-nacional-para-quarta-3-de-abril","status":"publish","type":"post","link":"https:\/\/sinasefesm.com\/index.php\/2024\/04\/01\/188a-plena-nacional-define-inicio-da-greve-nacional-para-quarta-3-de-abril\/","title":{"rendered":"188\u00aa Plena Nacional define in\u00edcio da greve nacional para quarta, 3 de abril"},"content":{"rendered":"\n<p>Realizada virtualmente na \u00faltima quarta-feira (27), a 188\u00aa Plen\u00e1ria Nacional do Sinasefe confirmou a realiza\u00e7\u00e3o de greve nacional por tempo indeterminado, a partir de quarta, 3 de abril. A decis\u00e3o foi tomada por meio de vota\u00e7\u00e3o, contando com 65 votos favor\u00e1veis ao movimento paredista, dois contr\u00e1rios e quatro absten\u00e7\u00f5es. No total, 86 delegados e 94 observadores acompanharam a Plena, incluindo dois representantes da se\u00e7\u00e3o santa-mariense: o Tesoureiro-Geral, Claudio Kelling, e o Secret\u00e1rio de Carreira e Rela\u00e7\u00e3o de Trabalho, Ad\u00e3o Damasceno (ambos assistiram \u00e0 reuni\u00e3o como observadores).<\/p>\n\n\n\n<p>Dentre as pautas da greve, o sindicato destaca a reestrutura\u00e7\u00e3o das carreiras de t\u00e9cnico-administrativos (PCCTAE) e docentes (EBTT); a recomposi\u00e7\u00e3o salarial; a revoga\u00e7\u00e3o de todas as normas que prejudicam a educa\u00e7\u00e3o federal aprovadas nos governos Temer (2016-2018) e Bolsonaro (2019-2022); e a recomposi\u00e7\u00e3o do or\u00e7amento e reajuste imediato dos aux\u00edlios e bolsas dos estudantes.<\/p>\n\n\n\n<p>Definiu-se tamb\u00e9m na Plen\u00e1ria que, a partir do dia 8 de abril, ser\u00e1 instalado o Comando Nacional de Greve (CNG) em Bras\u00edlia-DF.<\/p>\n\n\n\n<p>Confira todos os encaminhamentos da 188\u00aa Plen\u00e1ria Nacional:<\/p>\n\n\n\n<div data-wp-interactive=\"core\/file\" class=\"wp-block-file\"><object data-wp-bind--hidden=\"!state.hasPdfPreview\" hidden class=\"wp-block-file__embed\" data=\"https:\/\/sinasefesm.com\/wp-content\/uploads\/2024\/04\/188plenaencaminhamentosv2.pdf\" type=\"application\/pdf\" style=\"width:100%;height:600px\" aria-label=\"Incorporado de encaminhamentos.\"><\/object><a id=\"wp-block-file--media-a6b629fb-3def-4cfa-835d-08319790b390\" href=\"https:\/\/sinasefesm.com\/wp-content\/uploads\/2024\/04\/188plenaencaminhamentosv2.pdf\">encaminhamentos<\/a><a href=\"https:\/\/sinasefesm.com\/wp-content\/uploads\/2024\/04\/188plenaencaminhamentosv2.pdf\" class=\"wp-block-file__button wp-element-button\" download aria-describedby=\"wp-block-file--media-a6b629fb-3def-4cfa-835d-08319790b390\">Baixar<\/a><\/div>\n\n\n\n<p style=\"font-size:31px\"><strong>Situa\u00e7\u00e3o local<\/strong><\/p>\n\n\n\n<p><a><\/a> Em Santa Maria, ainda deve haver uma assembleia entre os sindicalizados para discutir o indicativo de greve, da mesma forma como est\u00e1 ocorrendo em outras se\u00e7\u00f5es sindicais, segundo exp\u00f5e Kelling. A ideia \u00e9 que tais movimenta\u00e7\u00f5es ocorram na primeira quinzena de abril, pois dia 16 deve acontecer uma reuni\u00e3o com o governo federal, para tratar da reformula\u00e7\u00e3o da carreira dos docentes do EBTT, conforme explica o Diretor.<\/p>\n\n\n\n<p>Contudo, mesmo sem esta defini\u00e7\u00e3o, o Sinasefe de Santa Maria participar\u00e1 da Paralisa\u00e7\u00e3o Nacional, marcada para quarta, dia 3, pela manh\u00e3, com panfletagem e atividade coletiva programadas para ocorrerem na entrada da UFSM e no Col\u00e9gio Polit\u00e9cnico, respectivamente, ambos locais localizados no <em>campus <\/em>sede da Universidade, em Camobi.<\/p>\n\n\n\n<p>O Dia Nacional de Mobiliza\u00e7\u00e3o e Paralisa\u00e7\u00e3o \u00e9 promovido pelo F\u00f3rum das Entidades de Servidores (Fonasefe) e, em n\u00edvel local, conta com a ades\u00e3o de outras entidades sindicais, como Sedufsm e Assufsm. O objetivo do ato \u00e9 defender o funcionalismo p\u00fablico, por meio do di\u00e1logo com os servidores e a sociedade em geral. Mais informa\u00e7\u00f5es estar\u00e3o dispon\u00edveis em breve em nosso site e em nossas redes sociais.<\/p>\n\n\n\n<hr class=\"wp-block-separator has-alpha-channel-opacity\"\/>\n\n\n\n<p><em>Texto: Laurent Keller<\/em><\/p>\n\n\n\n<p><em>Imagem: Sinasefe Nacional<\/em><\/p>\n\n\n\n<p><em>Edi\u00e7\u00e3o: Fritz Rivail<\/em><\/p>\n","protected":false},"excerpt":{"rendered":"<p>Realizada virtualmente na \u00faltima quarta-feira (27), a 188\u00aa Plen\u00e1ria Nacional do Sinasefe confirmou a realiza\u00e7\u00e3o de greve nacional por tempo indeterminado, a partir de quarta, 3 de abril. A decis\u00e3o foi tomada por meio de vota\u00e7\u00e3o, contando com 65 votos favor\u00e1veis ao movimento paredista, dois contr\u00e1rios e quatro absten\u00e7\u00f5es. No total, 86 delegados e 94<\/p>\n","protected":false},"author":5,"featured_media":6487,"comment_status":"closed","ping_status":"closed","sticky":false,"template":"","format":"standard","meta":{"footnotes":""},"categories":[37,41,42],"tags":[260,270,187,201],"class_list":{"0":"post-6484","1":"post","2":"type-post","3":"status-publish","4":"format-standard","5":"has-post-thumbnail","7":"category-destaque","8":"category-movimento","9":"category-noticia","10":"tag-greve","11":"tag-paralisacao","12":"tag-plenaria-nacional","13":"tag-reajuste-salarial"},"_links":{"self":[{"href":"https:\/\/sinasefesm.com\/index.php\/wp-json\/wp\/v2\/posts\/6484","targetHints":{"allow":["GET"]}}],"collection":[{"href":"https:\/\/sinasefesm.com\/index.php\/wp-json\/wp\/v2\/posts"}],"about":[{"href":"https:\/\/sinasefesm.com\/index.php\/wp-json\/wp\/v2\/types\/post"}],"author":[{"embeddable":true,"href":"https:\/\/sinasefesm.com\/index.php\/wp-json\/wp\/v2\/users\/5"}],"replies":[{"embeddable":true,"href":"https:\/\/sinasefesm.com\/index.php\/wp-json\/wp\/v2\/comments?post=6484"}],"version-history":[{"count":0,"href":"https:\/\/sinasefesm.com\/index.php\/wp-json\/wp\/v2\/posts\/6484\/revisions"}],"wp:featuredmedia":[{"embeddable":true,"href":"https:\/\/sinasefesm.com\/index.php\/wp-json\/wp\/v2\/media\/6487"}],"wp:attachment":[{"href":"https:\/\/sinasefesm.com\/index.php\/wp-json\/wp\/v2\/media?parent=6484"}],"wp:term":[{"taxonomy":"category","embeddable":true,"href":"https:\/\/sinasefesm.com\/index.php\/wp-json\/wp\/v2\/categories?post=6484"},{"taxonomy":"post_tag","embeddable":true,"href":"https:\/\/sinasefesm.com\/index.php\/wp-json\/wp\/v2\/tags?post=6484"}],"curies":[{"name":"wp","href":"https:\/\/api.w.org\/{rel}","templated":true}]}}