{"id":6490,"date":"2024-04-03T17:41:49","date_gmt":"2024-04-03T17:41:49","guid":{"rendered":"https:\/\/sinasefesm.com\/?p=6490"},"modified":"2024-04-03T17:41:49","modified_gmt":"2024-04-03T17:41:49","slug":"sinasefe-santa-maria-participa-de-mobilizacao-na-ufsm","status":"publish","type":"post","link":"https:\/\/sinasefesm.com\/index.php\/2024\/04\/03\/sinasefe-santa-maria-participa-de-mobilizacao-na-ufsm\/","title":{"rendered":"Sinasefe Santa Maria participa de mobiliza\u00e7\u00e3o na UFSM"},"content":{"rendered":"\n<p>Na manh\u00e3 desta quarta, 3 de abril, o Sinasefe Santa Maria esteve presente no ato que reuniu servidores t\u00e9cnico-administrativos em greve da UFSM e tamb\u00e9m docentes da institui\u00e7\u00e3o, no Dia Nacional de Mobiliza\u00e7\u00e3o e Paralisa\u00e7\u00e3o chamado pelo F\u00f3rum das Entidades de Servidores e Servidoras P\u00fablicos Federais (Fonasefe).<\/p>\n\n\n\n<p>A pauta geral do funcionalismo federal \u00e9 a recomposi\u00e7\u00e3o salarial, entretanto, o Sinasefe reivindica quest\u00f5es tamb\u00e9m relacionadas \u00e0 educa\u00e7\u00e3o e \u00e0 carreira. No panfleto distribu\u00eddo \u00e0 popula\u00e7\u00e3o que chegava ao campus sede, pelos diretores do Sinasefe SM, Cl\u00e1udia do Amaral e Cl\u00e1udio Kelling, ressaltava-se a import\u00e2ncia de revis\u00e3o na carreira, de superar as condi\u00e7\u00f5es prec\u00e1rias de trabalho e de que n\u00e3o seja negligenciado o or\u00e7amento federal.<\/p>\n\n\n\n<p>Diz o texto do panfleto entregue pelo sindicato que \u201cnossos estudantes merecem educa\u00e7\u00e3o de qualidade e isso s\u00f3 ser\u00e1 poss\u00edvel com um or\u00e7amento adequado, que garanta recursos para infraestrutura, pessoal e todas as demais necessidades das institui\u00e7\u00f5es de ensino\u201d.<\/p>\n\n\n\n<p>O ato desta quarta-feira teve a participa\u00e7\u00e3o do sindicato dos t\u00e9cnicos (Assufsm) e do Sindicato dos Docentes vinculados ao ANDES-SN, a Sedufsm. Al\u00e9m de faixas e cartazes com as pautas reivindicat\u00f3rias, as representa\u00e7\u00f5es sindicais tamb\u00e9m expuseram seus motivos para a mobiliza\u00e7\u00e3o e paralisa\u00e7\u00e3o no sistema de som instalado.<\/p>\n\n\n\n<p>Depois da manifesta\u00e7\u00e3o junto ao arco da Avenida Roraima, no campus sede da UFSM, os manifestantes realizaram caminhada at\u00e9 o Col\u00e9gio Polit\u00e9cnico, participando assim da mobiliza\u00e7\u00e3o organizada pelo Sinasefe SM. Sobre essa atividade, posteriormente ser\u00e1 publicada nota neste site.<\/p>\n\n\n\n<p><em>Texto e fotos: Fritz Rivail<\/em><\/p>\n","protected":false},"excerpt":{"rendered":"<p>Na manh\u00e3 desta quarta, 3 de abril, o Sinasefe Santa Maria esteve presente no ato que reuniu servidores t\u00e9cnico-administrativos em greve da UFSM e tamb\u00e9m docentes da institui\u00e7\u00e3o, no Dia Nacional de Mobiliza\u00e7\u00e3o e Paralisa\u00e7\u00e3o chamado pelo F\u00f3rum das Entidades de Servidores e Servidoras P\u00fablicos Federais (Fonasefe). A pauta geral do funcionalismo federal \u00e9 a<\/p>\n","protected":false},"author":7,"featured_media":6491,"comment_status":"closed","ping_status":"closed","sticky":true,"template":"","format":"standard","meta":{"footnotes":""},"categories":[41,42,45],"tags":[],"class_list":{"0":"post-6490","1":"post","2":"type-post","3":"status-publish","4":"format-standard","5":"has-post-thumbnail","7":"category-movimento","8":"category-noticia","9":"category-sindicato"},"_links":{"self":[{"href":"https:\/\/sinasefesm.com\/index.php\/wp-json\/wp\/v2\/posts\/6490","targetHints":{"allow":["GET"]}}],"collection":[{"href":"https:\/\/sinasefesm.com\/index.php\/wp-json\/wp\/v2\/posts"}],"about":[{"href":"https:\/\/sinasefesm.com\/index.php\/wp-json\/wp\/v2\/types\/post"}],"author":[{"embeddable":true,"href":"https:\/\/sinasefesm.com\/index.php\/wp-json\/wp\/v2\/users\/7"}],"replies":[{"embeddable":true,"href":"https:\/\/sinasefesm.com\/index.php\/wp-json\/wp\/v2\/comments?post=6490"}],"version-history":[{"count":0,"href":"https:\/\/sinasefesm.com\/index.php\/wp-json\/wp\/v2\/posts\/6490\/revisions"}],"wp:featuredmedia":[{"embeddable":true,"href":"https:\/\/sinasefesm.com\/index.php\/wp-json\/wp\/v2\/media\/6491"}],"wp:attachment":[{"href":"https:\/\/sinasefesm.com\/index.php\/wp-json\/wp\/v2\/media?parent=6490"}],"wp:term":[{"taxonomy":"category","embeddable":true,"href":"https:\/\/sinasefesm.com\/index.php\/wp-json\/wp\/v2\/categories?post=6490"},{"taxonomy":"post_tag","embeddable":true,"href":"https:\/\/sinasefesm.com\/index.php\/wp-json\/wp\/v2\/tags?post=6490"}],"curies":[{"name":"wp","href":"https:\/\/api.w.org\/{rel}","templated":true}]}}