{"id":6511,"date":"2024-04-09T14:12:49","date_gmt":"2024-04-09T14:12:49","guid":{"rendered":"https:\/\/sinasefesm.com\/?p=6511"},"modified":"2024-04-09T14:12:49","modified_gmt":"2024-04-09T14:12:49","slug":"governo-agenda-reuniao-apos-pressao-de-spfs","status":"publish","type":"post","link":"https:\/\/sinasefesm.com\/index.php\/2024\/04\/09\/governo-agenda-reuniao-apos-pressao-de-spfs\/","title":{"rendered":"Governo agenda reuni\u00e3o, ap\u00f3s press\u00e3o de SPFs"},"content":{"rendered":"\n<p>Diante da crescente mobiliza\u00e7\u00e3o e das diversas&nbsp;<a href=\"https:\/\/sinasefe.org.br\/site\/greve-2024\/\" target=\"_blank\" rel=\"noreferrer noopener\">greves<\/a>&nbsp;de Servidoras(es) P\u00fablicas(os) Federais (SPFs), o governo convocou para esta quarta-feira (10\/04), \u00e0s 14h30, uma reuni\u00e3o da Mesa Central da Mesa Nacional de Negocia\u00e7\u00e3o Permanente (MNNP). Esta inst\u00e2ncia trata de propostas, com impacto or\u00e7ament\u00e1rio, que dizem respeito ao conjunto de SPFs, como, por exemplo, o&nbsp;<a href=\"https:\/\/sinasefe.org.br\/site\/auxilios-e-beneficios-sinasefe-aceitou-proposta-de-reajuste\/\" target=\"_blank\" rel=\"noreferrer noopener\">aumento nos benef\u00edcios<\/a>&nbsp;(alimenta\u00e7\u00e3o, creche e sa\u00fade).<\/p>\n\n\n\n<p>No dia 20 de mar\u00e7o,&nbsp;<a href=\"https:\/\/sinasefe.org.br\/site\/download\/oficio-no-60-2024-fonasefe-solicita-agendamento-de-mnnp-para-inicio-de-abril\/\" target=\"_blank\" rel=\"noreferrer noopener\">o Fonasefe solicitou, via of\u00edcio,<\/a>&nbsp;o adiantamento da reuni\u00e3o da MNNP para a primeira quinzena de abril. O pedido se deu diante dos&nbsp;<a href=\"https:\/\/sinasefe.org.br\/site\/greve-comeca-em-03-04-pressao-e-luta-e-agora\/\" target=\"_blank\" rel=\"noreferrer noopener\">resultados recordes da arrecada\u00e7\u00e3o federal no primeiro bimestre<\/a>.<\/p>\n\n\n\n<p><em>\u201cO principal objetivo dessa reuni\u00e3o \u00e9 definir o valor deste montante que ser\u00e1 destinado a minimizar as perdas salariais dos(as) Servidores(as) P\u00fablicos(as) Federais, ainda em 2024\u201d<\/em>&nbsp;destacou o Fonasefe no documento protocolado.<\/p>\n\n\n\n<p>Perante \u00e0 intensifica\u00e7\u00e3o da luta das(os) SPFs, o pedido foi acatado pelo Minist\u00e9rio da Gest\u00e3o e da Inova\u00e7\u00e3o em Servi\u00e7os P\u00fablicos e nova rodada tem como pauta o prosseguimento das negocia\u00e7\u00f5es.<br><em>\u201cSeguiremos mobilizados at\u00e9 que o governo honre o seu compromisso com os servidores federais que amargam desde o governo Temer o congelamento dos seus sal\u00e1rios e muitas outras pol\u00edticas de destrui\u00e7\u00e3o do servi\u00e7o p\u00fablico\u201d<\/em>,&nbsp;<a href=\"https:\/\/www.instagram.com\/p\/C5g1fFuPsb_\/\" target=\"_blank\" rel=\"noreferrer noopener\">defende o Fonasefe.<\/a><\/p>\n\n\n\n<p><em>Fonte: Sinasefe Nacional<br>Edi\u00e7\u00e3o: Fritz Rivail <\/em><em><\/em><\/p>\n","protected":false},"excerpt":{"rendered":"<p>Diante da crescente mobiliza\u00e7\u00e3o e das diversas&nbsp;greves&nbsp;de Servidoras(es) P\u00fablicas(os) Federais (SPFs), o governo convocou para esta quarta-feira (10\/04), \u00e0s 14h30, uma reuni\u00e3o da Mesa Central da Mesa Nacional de Negocia\u00e7\u00e3o Permanente (MNNP). Esta inst\u00e2ncia trata de propostas, com impacto or\u00e7ament\u00e1rio, que dizem respeito ao conjunto de SPFs, como, por exemplo, o&nbsp;aumento nos benef\u00edcios&nbsp;(alimenta\u00e7\u00e3o, creche e<\/p>\n","protected":false},"author":7,"featured_media":6512,"comment_status":"closed","ping_status":"closed","sticky":true,"template":"","format":"standard","meta":{"footnotes":""},"categories":[42,45],"tags":[],"class_list":{"0":"post-6511","1":"post","2":"type-post","3":"status-publish","4":"format-standard","5":"has-post-thumbnail","7":"category-noticia","8":"category-sindicato"},"_links":{"self":[{"href":"https:\/\/sinasefesm.com\/index.php\/wp-json\/wp\/v2\/posts\/6511","targetHints":{"allow":["GET"]}}],"collection":[{"href":"https:\/\/sinasefesm.com\/index.php\/wp-json\/wp\/v2\/posts"}],"about":[{"href":"https:\/\/sinasefesm.com\/index.php\/wp-json\/wp\/v2\/types\/post"}],"author":[{"embeddable":true,"href":"https:\/\/sinasefesm.com\/index.php\/wp-json\/wp\/v2\/users\/7"}],"replies":[{"embeddable":true,"href":"https:\/\/sinasefesm.com\/index.php\/wp-json\/wp\/v2\/comments?post=6511"}],"version-history":[{"count":0,"href":"https:\/\/sinasefesm.com\/index.php\/wp-json\/wp\/v2\/posts\/6511\/revisions"}],"wp:featuredmedia":[{"embeddable":true,"href":"https:\/\/sinasefesm.com\/index.php\/wp-json\/wp\/v2\/media\/6512"}],"wp:attachment":[{"href":"https:\/\/sinasefesm.com\/index.php\/wp-json\/wp\/v2\/media?parent=6511"}],"wp:term":[{"taxonomy":"category","embeddable":true,"href":"https:\/\/sinasefesm.com\/index.php\/wp-json\/wp\/v2\/categories?post=6511"},{"taxonomy":"post_tag","embeddable":true,"href":"https:\/\/sinasefesm.com\/index.php\/wp-json\/wp\/v2\/tags?post=6511"}],"curies":[{"name":"wp","href":"https:\/\/api.w.org\/{rel}","templated":true}]}}