{"id":6514,"date":"2024-04-10T13:19:50","date_gmt":"2024-04-10T13:19:50","guid":{"rendered":"https:\/\/sinasefesm.com\/?p=6514"},"modified":"2024-04-10T13:19:50","modified_gmt":"2024-04-10T13:19:50","slug":"assembleia-no-politecnico-da-ufsm-debate-greve","status":"publish","type":"post","link":"https:\/\/sinasefesm.com\/index.php\/2024\/04\/10\/assembleia-no-politecnico-da-ufsm-debate-greve\/","title":{"rendered":"Assembleia no Polit\u00e9cnico da UFSM debate greve"},"content":{"rendered":"\n<p>Nesta quinta, 11 de abril, \u00e0s 9h30, no Col\u00e9gio Polit\u00e9cnico da UFSM, o Sinasefe Santa Maria volta a realizar assembleia. E o item principal da pauta \u00e9 o debate sobre um indicativo para deflagra\u00e7\u00e3o de greve.<\/p>\n\n\n\n<p>Em \u00e2mbito nacional, a greve da base do Sinasefe e da Fasubra tem se espalhado. O movimento tem pressionado o governo federal, que estava sem dialogar at\u00e9 ent\u00e3o, mas, para esta semana, j\u00e1 chamou duas reuni\u00f5es. A primeira \u00e9 nesta quarta, 10 de abril, \u00e0s 14h30, da <a href=\"https:\/\/sinasefesm.com\/governo-agenda-reuniao-apos-pressao-de-spfs\/\">Mesa Nacional de Negocia\u00e7\u00e3o Permanente<strong>,<\/strong><\/a><strong> <\/strong>que trata da pauta econ\u00f4mica, e na quinta, 11 de abril, \u00e0s 10h, da mesa setorial da educa\u00e7\u00e3o, no<a href=\"https:\/\/sinasefe.org.br\/site\/mesa-setorial-entre-mec-e-sinasefe-sera-aberta-em-11-04\/\"> MEC<\/a><strong>.<\/strong><\/p>\n\n\n\n<p>A partir da pr\u00f3xima segunda, 15 de abril, as greves em curso podem ser engrossadas pelas bases docentes do ANDES-SN.<\/p>\n\n\n\n<p>A coordena\u00e7\u00e3o do Sinasefe Santa Maria convida a todas e todos para essa importante plen\u00e1ria na quinta, dia 11.<\/p>\n\n\n\n<p><em>Texto: Fritz Rivail<\/em><br><em>Imagem: Xain\u00e3 Pitaguary<\/em><\/p>\n","protected":false},"excerpt":{"rendered":"<p>Nesta quinta, 11 de abril, \u00e0s 9h30, no Col\u00e9gio Polit\u00e9cnico da UFSM, o Sinasefe Santa Maria volta a realizar assembleia. E o item principal da pauta \u00e9 o debate sobre um indicativo para deflagra\u00e7\u00e3o de greve. Em \u00e2mbito nacional, a greve da base do Sinasefe e da Fasubra tem se espalhado. O movimento tem pressionado<\/p>\n","protected":false},"author":7,"featured_media":6515,"comment_status":"closed","ping_status":"closed","sticky":true,"template":"","format":"standard","meta":{"footnotes":""},"categories":[42,45],"tags":[],"class_list":{"0":"post-6514","1":"post","2":"type-post","3":"status-publish","4":"format-standard","5":"has-post-thumbnail","7":"category-noticia","8":"category-sindicato"},"_links":{"self":[{"href":"https:\/\/sinasefesm.com\/index.php\/wp-json\/wp\/v2\/posts\/6514","targetHints":{"allow":["GET"]}}],"collection":[{"href":"https:\/\/sinasefesm.com\/index.php\/wp-json\/wp\/v2\/posts"}],"about":[{"href":"https:\/\/sinasefesm.com\/index.php\/wp-json\/wp\/v2\/types\/post"}],"author":[{"embeddable":true,"href":"https:\/\/sinasefesm.com\/index.php\/wp-json\/wp\/v2\/users\/7"}],"replies":[{"embeddable":true,"href":"https:\/\/sinasefesm.com\/index.php\/wp-json\/wp\/v2\/comments?post=6514"}],"version-history":[{"count":0,"href":"https:\/\/sinasefesm.com\/index.php\/wp-json\/wp\/v2\/posts\/6514\/revisions"}],"wp:featuredmedia":[{"embeddable":true,"href":"https:\/\/sinasefesm.com\/index.php\/wp-json\/wp\/v2\/media\/6515"}],"wp:attachment":[{"href":"https:\/\/sinasefesm.com\/index.php\/wp-json\/wp\/v2\/media?parent=6514"}],"wp:term":[{"taxonomy":"category","embeddable":true,"href":"https:\/\/sinasefesm.com\/index.php\/wp-json\/wp\/v2\/categories?post=6514"},{"taxonomy":"post_tag","embeddable":true,"href":"https:\/\/sinasefesm.com\/index.php\/wp-json\/wp\/v2\/tags?post=6514"}],"curies":[{"name":"wp","href":"https:\/\/api.w.org\/{rel}","templated":true}]}}