{"id":6521,"date":"2024-04-11T23:04:21","date_gmt":"2024-04-11T23:04:21","guid":{"rendered":"https:\/\/sinasefesm.com\/?p=6521"},"modified":"2024-04-11T23:04:21","modified_gmt":"2024-04-11T23:04:21","slug":"em-reuniao-governo-nao-avanca-em-proposta-a-servidores","status":"publish","type":"post","link":"https:\/\/sinasefesm.com\/index.php\/2024\/04\/11\/em-reuniao-governo-nao-avanca-em-proposta-a-servidores\/","title":{"rendered":"Em reuni\u00e3o, governo n\u00e3o avan\u00e7a em proposta a servidores"},"content":{"rendered":"\n<p>O governo federal, representado pelo Minist\u00e9rio da Gest\u00e3o e da Inova\u00e7\u00e3o em Servi\u00e7os P\u00fablicos (MGI), modificou, nesta quarta-feira (10\/04), a proposta apresentada ao conjunto de Servidores Federais (SPFs). Mantendo a falta de recomposi\u00e7\u00e3o salarial em 2024 (e retirando os percentuais lineares para 2025 e 2026), o MGI prop\u00f4s, apenas,&nbsp;<a href=\"https:\/\/sinasefe.org.br\/site\/auxilios-e-beneficios-sinasefe-aceitou-proposta-de-reajuste\/\" target=\"_blank\" rel=\"noreferrer noopener\">aumentos em benef\u00edcios<\/a>&nbsp;(com crit\u00e9rios diferenciados no aux\u00edlio-sa\u00fade).<\/p>\n\n\n\n<figure class=\"wp-block-image size-full\"><img decoding=\"async\" src=\"https:\/\/sinasefesm.com\/wp-content\/uploads\/2024\/04\/WhatsApp-Image-2024-04-11-at-20.10.21.jpeg\" alt=\"\" class=\"wp-image-6529\"\/><figcaption class=\"wp-element-caption\">Mobiliza\u00e7\u00e3o conjunta dos servidores durante a reuni\u00e3o da MNNP<\/figcaption><\/figure>\n\n\n\n<p>Apresentada em reuni\u00e3o da Mesa Central da Mesa Nacional de Negocia\u00e7\u00e3o Permanente (MNNP), a nova proposta, que segue negligenciando aposentados(as). Essa nova proposta foi entregue por escrito como&nbsp;<a href=\"https:\/\/sinasefe.org.br\/site\/download\/termo-de-compromisso-do-mgi-no-01-2024\/\" target=\"_blank\" rel=\"noreferrer noopener\">Termo de Compromisso do MGI n\u00ba 01\/2024<\/a>.<\/p>\n\n\n\n<p>O texto inicial, mostrado em proje\u00e7\u00e3o na reuni\u00e3o, tinha um par\u00e1grafo que previa que&nbsp;<em>\u201cdurante o processo de negocia\u00e7\u00e3o, interrup\u00e7\u00f5es (total ou parcial) de servi\u00e7os p\u00fablicos implicar\u00e3o na suspens\u00e3o das negocia\u00e7\u00f5es em curso com a categoria espec\u00edfica\u201d<\/em>.&nbsp;<strong>Devido \u00e0s press\u00f5es que as entidades fizeram naquele momento, o Governo Federal recuou desse dispositivo e o mesmo n\u00e3o consta mais no&nbsp;<a href=\"https:\/\/sinasefe.org.br\/site\/download\/termo-de-compromisso-do-mgi-no-01-2024\/\" target=\"_blank\" rel=\"noreferrer noopener\">Termo de Compromisso<\/a>.<\/strong><strong><\/strong><\/p>\n\n\n\n<p>A dire\u00e7\u00e3o nacional do Sinasefe orienta que as\u00a0<a href=\"https:\/\/sinasefe.org.br\/site\/secoes-sindicais\/\" target=\"_blank\" rel=\"noreferrer noopener\">se\u00e7\u00f5es sindicais<\/a>\u00a0incluam o debate\u00a0<a href=\"https:\/\/sinasefe.org.br\/site\/download\/termo-de-compromisso-do-mgi-no-01-2024\/\" target=\"_blank\" rel=\"noreferrer noopener\">deste documento<\/a>\u00a0em suas assembleias e sigam fortalecendo a\u00a0<a href=\"https:\/\/sinasefe.org.br\/site\/greve-2024\/\" target=\"_blank\" rel=\"noreferrer noopener\">greve 2024<\/a>\u00a0e as mobiliza\u00e7\u00f5es conjuntas dos servidores federais.<\/p>\n\n\n\n<p>Confira a avalia\u00e7\u00e3o da dire\u00e7\u00e3o sindical sobre a reuni\u00e3o: <\/p>\n\n\n\n<figure class=\"wp-block-embed is-type-video is-provider-youtube wp-block-embed-youtube wp-embed-aspect-16-9 wp-has-aspect-ratio\"><div class=\"wp-block-embed__wrapper\">\n<iframe title=\"Informe do SINASEFE sobre a reuni\u00e3o da Mesa Central da MNNP (10\/04\/24)\" width=\"768\" height=\"432\" src=\"https:\/\/www.youtube.com\/embed\/XD123toms2o?feature=oembed\" frameborder=\"0\" allow=\"accelerometer; autoplay; clipboard-write; encrypted-media; gyroscope; picture-in-picture; web-share\" referrerpolicy=\"strict-origin-when-cross-origin\" allowfullscreen><\/iframe>\n<\/div><\/figure>\n\n\n\n<p><em>Fonte e imagem: Sinasefe<br>Edi\u00e7\u00e3o: Fritz Rivail<strong><\/strong><\/em><\/p>\n","protected":false},"excerpt":{"rendered":"<p>O governo federal, representado pelo Minist\u00e9rio da Gest\u00e3o e da Inova\u00e7\u00e3o em Servi\u00e7os P\u00fablicos (MGI), modificou, nesta quarta-feira (10\/04), a proposta apresentada ao conjunto de Servidores Federais (SPFs). Mantendo a falta de recomposi\u00e7\u00e3o salarial em 2024 (e retirando os percentuais lineares para 2025 e 2026), o MGI prop\u00f4s, apenas,&nbsp;aumentos em benef\u00edcios&nbsp;(com crit\u00e9rios diferenciados no aux\u00edlio-sa\u00fade).<\/p>\n","protected":false},"author":7,"featured_media":6522,"comment_status":"closed","ping_status":"closed","sticky":true,"template":"","format":"standard","meta":{"footnotes":""},"categories":[42,45],"tags":[],"class_list":{"0":"post-6521","1":"post","2":"type-post","3":"status-publish","4":"format-standard","5":"has-post-thumbnail","7":"category-noticia","8":"category-sindicato"},"_links":{"self":[{"href":"https:\/\/sinasefesm.com\/index.php\/wp-json\/wp\/v2\/posts\/6521","targetHints":{"allow":["GET"]}}],"collection":[{"href":"https:\/\/sinasefesm.com\/index.php\/wp-json\/wp\/v2\/posts"}],"about":[{"href":"https:\/\/sinasefesm.com\/index.php\/wp-json\/wp\/v2\/types\/post"}],"author":[{"embeddable":true,"href":"https:\/\/sinasefesm.com\/index.php\/wp-json\/wp\/v2\/users\/7"}],"replies":[{"embeddable":true,"href":"https:\/\/sinasefesm.com\/index.php\/wp-json\/wp\/v2\/comments?post=6521"}],"version-history":[{"count":0,"href":"https:\/\/sinasefesm.com\/index.php\/wp-json\/wp\/v2\/posts\/6521\/revisions"}],"wp:featuredmedia":[{"embeddable":true,"href":"https:\/\/sinasefesm.com\/index.php\/wp-json\/wp\/v2\/media\/6522"}],"wp:attachment":[{"href":"https:\/\/sinasefesm.com\/index.php\/wp-json\/wp\/v2\/media?parent=6521"}],"wp:term":[{"taxonomy":"category","embeddable":true,"href":"https:\/\/sinasefesm.com\/index.php\/wp-json\/wp\/v2\/categories?post=6521"},{"taxonomy":"post_tag","embeddable":true,"href":"https:\/\/sinasefesm.com\/index.php\/wp-json\/wp\/v2\/tags?post=6521"}],"curies":[{"name":"wp","href":"https:\/\/api.w.org\/{rel}","templated":true}]}}