{"id":6524,"date":"2024-04-11T23:51:45","date_gmt":"2024-04-11T23:51:45","guid":{"rendered":"https:\/\/sinasefesm.com\/?p=6524"},"modified":"2024-04-11T23:51:45","modified_gmt":"2024-04-11T23:51:45","slug":"base-do-sinasefe-santa-maria-mantem-indicativo-de-greve","status":"publish","type":"post","link":"https:\/\/sinasefesm.com\/index.php\/2024\/04\/11\/base-do-sinasefe-santa-maria-mantem-indicativo-de-greve\/","title":{"rendered":"Base do Sinasefe Santa Maria aprova estado de greve"},"content":{"rendered":"\n<p>Em assembleia ocorrida na manh\u00e3 desta quinta, 11 de abril, no Audit\u00f3rio do Col\u00e9gio Polit\u00e9cnico da UFSM, integrantes da base do Sinasefe Santa Maria rejeitaram a deflagra\u00e7\u00e3o de greve, mas decidiram por \u201cestado de greve\u201d, em um processo de constante mobiliza\u00e7\u00e3o e reavalia\u00e7\u00e3o. A reuni\u00e3o desta manh\u00e3 contou com a participa\u00e7\u00e3o de t\u00e9cnico-administrativos em greve do Polit\u00e9cnico. Tamb\u00e9m estiveram representantes da Assufsm, entidade cuja base est\u00e1 paralisada, e da Sedufsm, cuja base docente encontra-se em \u201cestado de greve\u201d, que apresentaram uma panor\u00e2mica do movimento.<\/p>\n\n\n\n<figure class=\"wp-block-gallery has-nested-images columns-default is-cropped wp-block-gallery-1 is-layout-flex wp-block-gallery-is-layout-flex\">\n<figure class=\"wp-block-image size-large\"><img decoding=\"async\" data-id=\"6532\" src=\"https:\/\/sinasefesm.com\/wp-content\/uploads\/2024\/04\/WhatsApp-Image-2024-04-11-at-20.56.10.jpeg\" alt=\"\" class=\"wp-image-6532\"\/><\/figure>\n\n\n\n<figure class=\"wp-block-image size-large\"><img decoding=\"async\" data-id=\"6535\" src=\"https:\/\/sinasefesm.com\/wp-content\/uploads\/2024\/04\/WhatsApp-Image-2024-04-11-at-20.54.57.jpeg\" alt=\"\" class=\"wp-image-6535\"\/><\/figure>\n<\/figure>\n\n\n\n<p>Conforme o coordenador-geral do Sinasefe SM, Jos\u00e9 Ab\u00edlio Lima de Freitas, a avalia\u00e7\u00e3o majorit\u00e1ria dos participantes da plen\u00e1ria \u00e9 de que o movimento na base local do sindicato ainda \u00e9 insuficiente para deflagrar um movimento paredista. Contudo, foi aprovado o encaminhamento de seguir na mobiliza\u00e7\u00e3o, aproximando-se ainda mais das categorias que j\u00e1 est\u00e3o paralisadas, ampliando o di\u00e1logo e o debate.<\/p>\n\n\n\n<p>A mesa da assembleia desta quinta-feira foi presidida por Jos\u00e9 Ab\u00edlio, secretariada pela professora Claudia do Amaral, e contou ainda com a presen\u00e7a do assessor jur\u00eddico do sindicato, advogado Heverton Padilha, que esclareceu quest\u00f5es relacionadas ao direito de greve.<\/p>\n\n\n\n<p><em>Texto: Fritz Rivail<br>Fotos: Arquivo pessoal<\/em><\/p>\n","protected":false},"excerpt":{"rendered":"<p>Em assembleia ocorrida na manh\u00e3 desta quinta, 11 de abril, no Audit\u00f3rio do Col\u00e9gio Polit\u00e9cnico da UFSM, integrantes da base do Sinasefe Santa Maria rejeitaram a deflagra\u00e7\u00e3o de greve, mas decidiram por \u201cestado de greve\u201d, em um processo de constante mobiliza\u00e7\u00e3o e reavalia\u00e7\u00e3o. A reuni\u00e3o desta manh\u00e3 contou com a participa\u00e7\u00e3o de t\u00e9cnico-administrativos em greve<\/p>\n","protected":false},"author":7,"featured_media":6525,"comment_status":"closed","ping_status":"closed","sticky":true,"template":"","format":"standard","meta":{"footnotes":""},"categories":[42,45],"tags":[],"class_list":{"0":"post-6524","1":"post","2":"type-post","3":"status-publish","4":"format-standard","5":"has-post-thumbnail","7":"category-noticia","8":"category-sindicato"},"_links":{"self":[{"href":"https:\/\/sinasefesm.com\/index.php\/wp-json\/wp\/v2\/posts\/6524","targetHints":{"allow":["GET"]}}],"collection":[{"href":"https:\/\/sinasefesm.com\/index.php\/wp-json\/wp\/v2\/posts"}],"about":[{"href":"https:\/\/sinasefesm.com\/index.php\/wp-json\/wp\/v2\/types\/post"}],"author":[{"embeddable":true,"href":"https:\/\/sinasefesm.com\/index.php\/wp-json\/wp\/v2\/users\/7"}],"replies":[{"embeddable":true,"href":"https:\/\/sinasefesm.com\/index.php\/wp-json\/wp\/v2\/comments?post=6524"}],"version-history":[{"count":0,"href":"https:\/\/sinasefesm.com\/index.php\/wp-json\/wp\/v2\/posts\/6524\/revisions"}],"wp:featuredmedia":[{"embeddable":true,"href":"https:\/\/sinasefesm.com\/index.php\/wp-json\/wp\/v2\/media\/6525"}],"wp:attachment":[{"href":"https:\/\/sinasefesm.com\/index.php\/wp-json\/wp\/v2\/media?parent=6524"}],"wp:term":[{"taxonomy":"category","embeddable":true,"href":"https:\/\/sinasefesm.com\/index.php\/wp-json\/wp\/v2\/categories?post=6524"},{"taxonomy":"post_tag","embeddable":true,"href":"https:\/\/sinasefesm.com\/index.php\/wp-json\/wp\/v2\/tags?post=6524"}],"curies":[{"name":"wp","href":"https:\/\/api.w.org\/{rel}","templated":true}]}}