{"id":6538,"date":"2024-04-15T13:21:51","date_gmt":"2024-04-15T13:21:51","guid":{"rendered":"https:\/\/sinasefesm.com\/?p=6538"},"modified":"2024-04-15T13:21:51","modified_gmt":"2024-04-15T13:21:51","slug":"governo-agenda-reuniao-especifica-com-sinasefe-para-sexta-19","status":"publish","type":"post","link":"https:\/\/sinasefesm.com\/index.php\/2024\/04\/15\/governo-agenda-reuniao-especifica-com-sinasefe-para-sexta-19\/","title":{"rendered":"Governo agenda reuni\u00f5es espec\u00edficas com Sinasefe para sexta, 19"},"content":{"rendered":"\n<p>O governo federal agendou para sexta-feira (19\/04) duas reuni\u00f5es da Mesa Espec\u00edfica Tempor\u00e1ria, que trata da reestrutura\u00e7\u00e3o das carreiras.<\/p>\n\n\n\n<p>Recebidos pelo Sinasefe na tarde da \u00faltima sexta (12\/04), os convites da quarta rodada de reuni\u00f5es desta inst\u00e2ncia negocial agendam a mesa de t\u00e9cnico-administrativos(as) para 10h e de docentes para 14h30.<\/p>\n\n\n\n<p>Diferente das reuni\u00f5es anteriores,&nbsp;<a href=\"https:\/\/sinasefe.org.br\/site\/carreira-tae-sem-avancar-na-reestruturacao-governo-repete-percentual-oferecido-aos-docentes-e-spfs\/\" target=\"_blank\" rel=\"noreferrer noopener\">quando o MGI levou 142 dias para marcar<\/a>&nbsp;os encontros, a pr\u00f3xima rodada acontecer\u00e1 com um intervalo de 57 dias. A reestrutura\u00e7\u00e3o das carreiras est\u00e1 entre as&nbsp;<a href=\"https:\/\/sinasefe.org.br\/site\/greve-2024-pauta-de-reivindicacoes\/\" target=\"_blank\" rel=\"noreferrer noopener\">principais reivindica\u00e7\u00f5es da greve do Sinasefe<\/a>.<\/p>\n\n\n\n<p><strong>Hist\u00f3rico<\/strong><\/p>\n\n\n\n<p>O SINASEFE&nbsp;<a rel=\"noreferrer noopener\" href=\"https:\/\/sinasefe.org.br\/site\/carreira-propostas-de-reestruturacao-ja-foram-entregues-ao-governo\/\" target=\"_blank\">protocolou, em 02\/08\/23,<\/a>&nbsp;junto ao MGI, suas propostas de reestrutura\u00e7\u00e3o de carreira . Os documentos, atualizados em&nbsp;<a rel=\"noreferrer noopener\" href=\"https:\/\/sinasefe.org.br\/site\/181a-plena-encaminhamentos-aprovados\/\" target=\"_blank\">f\u00f3runs recentes do sindicato nacional<\/a>, tratam do&nbsp;<a rel=\"noreferrer noopener\" href=\"http:\/\/www.planalto.gov.br\/ccivil_03\/_ato2004-2006\/2005\/lei\/l11091.htm\" target=\"_blank\">Plano de Carreira dos Cargos T\u00e9cnico-Administrativos em Educa\u00e7\u00e3o (PCCTAE)<\/a>&nbsp;e do&nbsp;<a rel=\"noreferrer noopener\" href=\"http:\/\/www.planalto.gov.br\/ccivil_03\/_ato2011-2014\/2012\/lei\/l12772.htm\" target=\"_blank\">Plano de Carreiras e Cargos de Magist\u00e9rio Federal (PCCMF\/EBTT)<\/a>.<\/p>\n\n\n\n<p>O MGI instalou, no m\u00eas de setembro de 2023, mesas Espec\u00edficas e Tempor\u00e1rias com diferentes categorias, sendo duas delas vinculadas ao SINASEFE: uma da&nbsp;<a rel=\"noreferrer noopener\" href=\"https:\/\/sinasefe.org.br\/site\/mesa-especifica-e-temporaria-para-reestruturacao-do-pcctae-e-instalada-oficialmente-pelo-mgi\/\" target=\"_blank\">carreira TAE<\/a>&nbsp;e outra da&nbsp;<a rel=\"noreferrer noopener\" href=\"https:\/\/sinasefe.org.br\/site\/governo-instala-mesa-especifica-e-temporaria-para-tratar-da-carreira-docente\/\" target=\"_blank\">carreira docente<\/a>. No dia 3 de outubro de 2023 as entidades apresentaram ao governo suas propostas de reestrutura\u00e7\u00e3o de carreiras, al\u00e9m de apresentar as propostas (<a rel=\"noreferrer noopener\" href=\"https:\/\/sinasefe.org.br\/site\/carreira-propostas-de-reestruturacao-ja-foram-entregues-ao-governo\/\" target=\"_blank\">protocoladas desde o in\u00edcio de agosto<\/a>&nbsp;de 2023), o sindicato refor\u00e7ou a cobran\u00e7a pela revoga\u00e7\u00e3o urgente da&nbsp;<a rel=\"noreferrer noopener\" href=\"https:\/\/www.in.gov.br\/en\/web\/dou\/-\/instrucao-normativa-sgp\/sedgg\/me-n-66-de-16-de-setembro-de-2022-430411828\" target=\"_blank\">Instru\u00e7\u00e3o Normativa SGP\/ME n\u00ba 66\/2022<\/a>.<\/p>\n\n\n\n<p>Em 22\/02\/24, na 3\u00aa reuni\u00e3o da Mesa Espec\u00edfica e Tempor\u00e1ria da \u00e1rea da Educa\u00e7\u00e3o, apesar do intervalo de&nbsp;<a rel=\"noreferrer noopener\" href=\"https:\/\/sinasefe.org.br\/site\/carreira-docente-sinasefe-apresenta-proposta-de-reestruturacao-em-mesa-especifica-e-temporaria\/\" target=\"_blank\">142 dias entre as reuni\u00f5es<\/a>, o governo n\u00e3o apresentou resposta concreta \u00e0s propostas apresentas pelas entidades sindicais. Sem apresentar avan\u00e7os concretos no processo de reestrutura\u00e7\u00e3o, o governo apenas acenou com o mesmo percentual de reajuste oferecido&nbsp;<a rel=\"noreferrer noopener\" href=\"https:\/\/sinasefe.org.br\/site\/spfs-respondem-contraproposta-governamental-e-preparam-mobilizacao-para-22-02\/\" target=\"_blank\">aos SPFs em geral<\/a>&nbsp;(4,5% para 2025 e 4,5% para 2026).<\/p>\n\n\n\n<p>Ainda no \u00e2mbito da reestrutura\u00e7\u00e3o, no caso do PCCTAE, Minist\u00e9rio da Educa\u00e7\u00e3o (MEC) divulgou no dia 01\/04&nbsp;<a rel=\"noreferrer noopener\" href=\"https:\/\/sinasefe.org.br\/site\/carreira-tae-confira-o-relatorio-final-do-gt-reestruturacao\/\" target=\"_blank\">o relat\u00f3rio final do Grupo de Trabalho (GT) criado no \u00e2mbito da Comiss\u00e3o Nacional de Supervis\u00e3o&nbsp;<\/a>da Carreira dos Cargos T\u00e9cnico-Administrativos em Educa\u00e7\u00e3o (CNSCCTAE). Constru\u00eddo com a participa\u00e7\u00e3o do SINASEFE,&nbsp;<a rel=\"noreferrer noopener\" href=\"https:\/\/sinasefe.org.br\/site\/carreira-tae-informe-da-reuniao-de-27-03-2024\/\" target=\"_blank\">o documento foi entregue em 27\/03 ao ministro da Educa\u00e7\u00e3o, Camilo Santana, e \u00e0 ministra da Gest\u00e3o e da Inova\u00e7\u00e3o em Servi\u00e7os P\u00fablicos, Esther Dweck<\/a>&nbsp;em Bras\u00edlia-DF.<\/p>\n\n\n\n<p>Fundamental e urgente, a luta pela reestrutura\u00e7\u00e3o das carreiras de t\u00e9cnico-administrativos(as) e de docentes, j\u00e1 envolve, h\u00e1 meses, milhares de trabalhadores(as) de todo Brasil. No \u00e2mbito do SINASEFE \u2013 e das se\u00e7\u00f5es sindicais que o comp\u00f5em \u2013 o debate e a mobiliza\u00e7\u00e3o se ampliaram cada dia mais. Antes de&nbsp;<a href=\"https:\/\/sinasefe.org.br\/site\/greve-2024\/\" target=\"_blank\" rel=\"noreferrer noopener\">deflagrar a greve atual<\/a>, foram realizadas numerosas atividades, tanto nacionalmente quanto localmente: grupos de trabalho, plen\u00e1rias, paralisa\u00e7\u00f5es, jornadas de luta, panfletagens, lives, semin\u00e1rios, rodas de conversa e reuni\u00f5es.&nbsp;<a href=\"https:\/\/sinasefe.org.br\/site\/reestruturacao-de-carreira-relembre-a-cronologia-desta-luta-fundamental\/\" target=\"_blank\" rel=\"noreferrer noopener\">Relembre aqui as a\u00e7\u00f5es desde fevereiro de 2023<\/a>.<\/p>\n\n\n\n<p>Fonte e imagem: Sinasefe<br>Edi\u00e7\u00e3o: Fritz Rivail<\/p>\n","protected":false},"excerpt":{"rendered":"<p>O governo federal agendou para sexta-feira (19\/04) duas reuni\u00f5es da Mesa Espec\u00edfica Tempor\u00e1ria, que trata da reestrutura\u00e7\u00e3o das carreiras. Recebidos pelo Sinasefe na tarde da \u00faltima sexta (12\/04), os convites da quarta rodada de reuni\u00f5es desta inst\u00e2ncia negocial agendam a mesa de t\u00e9cnico-administrativos(as) para 10h e de docentes para 14h30. Diferente das reuni\u00f5es anteriores,&nbsp;quando o<\/p>\n","protected":false},"author":7,"featured_media":6539,"comment_status":"closed","ping_status":"closed","sticky":true,"template":"","format":"standard","meta":{"footnotes":""},"categories":[42,45],"tags":[],"class_list":{"0":"post-6538","1":"post","2":"type-post","3":"status-publish","4":"format-standard","5":"has-post-thumbnail","7":"category-noticia","8":"category-sindicato"},"_links":{"self":[{"href":"https:\/\/sinasefesm.com\/index.php\/wp-json\/wp\/v2\/posts\/6538","targetHints":{"allow":["GET"]}}],"collection":[{"href":"https:\/\/sinasefesm.com\/index.php\/wp-json\/wp\/v2\/posts"}],"about":[{"href":"https:\/\/sinasefesm.com\/index.php\/wp-json\/wp\/v2\/types\/post"}],"author":[{"embeddable":true,"href":"https:\/\/sinasefesm.com\/index.php\/wp-json\/wp\/v2\/users\/7"}],"replies":[{"embeddable":true,"href":"https:\/\/sinasefesm.com\/index.php\/wp-json\/wp\/v2\/comments?post=6538"}],"version-history":[{"count":0,"href":"https:\/\/sinasefesm.com\/index.php\/wp-json\/wp\/v2\/posts\/6538\/revisions"}],"wp:featuredmedia":[{"embeddable":true,"href":"https:\/\/sinasefesm.com\/index.php\/wp-json\/wp\/v2\/media\/6539"}],"wp:attachment":[{"href":"https:\/\/sinasefesm.com\/index.php\/wp-json\/wp\/v2\/media?parent=6538"}],"wp:term":[{"taxonomy":"category","embeddable":true,"href":"https:\/\/sinasefesm.com\/index.php\/wp-json\/wp\/v2\/categories?post=6538"},{"taxonomy":"post_tag","embeddable":true,"href":"https:\/\/sinasefesm.com\/index.php\/wp-json\/wp\/v2\/tags?post=6538"}],"curies":[{"name":"wp","href":"https:\/\/api.w.org\/{rel}","templated":true}]}}