{"id":6543,"date":"2024-04-16T19:32:46","date_gmt":"2024-04-16T19:32:46","guid":{"rendered":"https:\/\/sinasefesm.com\/?p=6543"},"modified":"2024-04-16T19:32:46","modified_gmt":"2024-04-16T19:32:46","slug":"ponto-eletronico-sinasefe-sm-discute-com-reitor-decisao-que-afeta-ebtts","status":"publish","type":"post","link":"https:\/\/sinasefesm.com\/index.php\/2024\/04\/16\/ponto-eletronico-sinasefe-sm-discute-com-reitor-decisao-que-afeta-ebtts\/","title":{"rendered":"Ponto: Sinasefe SM discute com Reitor decis\u00e3o que afeta EBTTs"},"content":{"rendered":"\n<p>Ponto eletr\u00f4nico para docentes EBTTs. Esse foi o tema que pautou na tarde desta segunda, 15 de abril, a agenda entre integrantes da coordena\u00e7\u00e3o do Sinasefe Santa Maria e integrantes da reitoria. A reuni\u00e3o, da qual participaram tamb\u00e9m integrantes da Se\u00e7\u00e3o Sindical dos Docentes da UFSM (Sedufsm), ocorreu a convite da Administra\u00e7\u00e3o. O ponto principal tratou de uma decis\u00e3o judicial que quer obrigar a UFSM a implantar o ponto eletr\u00f4nico para professoras e professores EBTT.<\/p>\n\n\n\n<p>Conforme o coordenador-geral do Sinasefe SM, professor Jos\u00e9 Ab\u00edlio Lima de Freitas, que esteve acompanhado no encontro do professor Cl\u00e1udio Renato Schlessner Kelling, tesoureiro-geral, o sindicato est\u00e1 atento para tomar as medidas cab\u00edveis em defesa da categoria. A entidade planeja, ainda, a\u00e7\u00f5es pol\u00edticas conjuntas com a Sedufsm. Nos pr\u00f3ximos dias, ressalta Ab\u00edlio, a Reitoria ir\u00e1 explicitar as iniciativas que tomar\u00e1 diante do que foi colocado pelo Judici\u00e1rio.<\/p>\n\n\n\n<p>Participaram da reuni\u00e3o desta segunda-feira: professor e reitor Luciano Schuch; professora e vice-reitora, Martha Adaime; professor Marcelo Freitas, representante da \u00e1rea EBTT no Conselho Universit\u00e1rio; professores Asc\u00edsio Pereira e Leonardo Botega, diretores da Sedufsm.<\/p>\n\n\n\n<p><br><em>Texto: Fritz Rivail<br>Foto: Arquivo pessoal<\/em><em><\/em><\/p>\n","protected":false},"excerpt":{"rendered":"<p>Ponto eletr\u00f4nico para docentes EBTTs. Esse foi o tema que pautou na tarde desta segunda, 15 de abril, a agenda entre integrantes da coordena\u00e7\u00e3o do Sinasefe Santa Maria e integrantes da reitoria. A reuni\u00e3o, da qual participaram tamb\u00e9m integrantes da Se\u00e7\u00e3o Sindical dos Docentes da UFSM (Sedufsm), ocorreu a convite da Administra\u00e7\u00e3o. O ponto principal<\/p>\n","protected":false},"author":7,"featured_media":6550,"comment_status":"closed","ping_status":"closed","sticky":true,"template":"","format":"standard","meta":{"footnotes":""},"categories":[42,45],"tags":[],"class_list":{"0":"post-6543","1":"post","2":"type-post","3":"status-publish","4":"format-standard","5":"has-post-thumbnail","7":"category-noticia","8":"category-sindicato"},"_links":{"self":[{"href":"https:\/\/sinasefesm.com\/index.php\/wp-json\/wp\/v2\/posts\/6543","targetHints":{"allow":["GET"]}}],"collection":[{"href":"https:\/\/sinasefesm.com\/index.php\/wp-json\/wp\/v2\/posts"}],"about":[{"href":"https:\/\/sinasefesm.com\/index.php\/wp-json\/wp\/v2\/types\/post"}],"author":[{"embeddable":true,"href":"https:\/\/sinasefesm.com\/index.php\/wp-json\/wp\/v2\/users\/7"}],"replies":[{"embeddable":true,"href":"https:\/\/sinasefesm.com\/index.php\/wp-json\/wp\/v2\/comments?post=6543"}],"version-history":[{"count":0,"href":"https:\/\/sinasefesm.com\/index.php\/wp-json\/wp\/v2\/posts\/6543\/revisions"}],"wp:featuredmedia":[{"embeddable":true,"href":"https:\/\/sinasefesm.com\/index.php\/wp-json\/wp\/v2\/media\/6550"}],"wp:attachment":[{"href":"https:\/\/sinasefesm.com\/index.php\/wp-json\/wp\/v2\/media?parent=6543"}],"wp:term":[{"taxonomy":"category","embeddable":true,"href":"https:\/\/sinasefesm.com\/index.php\/wp-json\/wp\/v2\/categories?post=6543"},{"taxonomy":"post_tag","embeddable":true,"href":"https:\/\/sinasefesm.com\/index.php\/wp-json\/wp\/v2\/tags?post=6543"}],"curies":[{"name":"wp","href":"https:\/\/api.w.org\/{rel}","templated":true}]}}