{"id":6552,"date":"2024-04-18T19:20:14","date_gmt":"2024-04-18T19:20:14","guid":{"rendered":"https:\/\/sinasefesm.com\/?p=6552"},"modified":"2024-04-18T19:20:14","modified_gmt":"2024-04-18T19:20:14","slug":"marcha-em-brasilia-cobra-recomposicao-salarial-e-reestruturacao-das-carreiras","status":"publish","type":"post","link":"https:\/\/sinasefesm.com\/index.php\/2024\/04\/18\/marcha-em-brasilia-cobra-recomposicao-salarial-e-reestruturacao-das-carreiras\/","title":{"rendered":"Marcha em Bras\u00edlia cobra recomposi\u00e7\u00e3o salarial e reestrutura\u00e7\u00e3o das carreiras"},"content":{"rendered":"\n<p>Nesta quarta-feira, 17 de abril, milhares de servidores e servidoras do funcionalismo p\u00fablico se mobilizaram em caravanas em dire\u00e7\u00e3o \u00e0 Bras\u00edlia-DF, para realizar uma marcha na Esplanada dos Minist\u00e9rios. A iniciativa, promovida pelo Comando Nacional de Greve (CNG) e pelo Fonasefe, teve como objetivo pressionar o governo federal a conceder a recomposi\u00e7\u00e3o salarial e fazer a reestrutura\u00e7\u00e3o das carreiras.<\/p>\n\n\n\n<p>A concentra\u00e7\u00e3o para a marcha come\u00e7ou \u00e0s 9 horas, na Catedral Metropolitana, desdobrando-se, no decorrer da manh\u00e3, pelas principais vias da cidade e encerrando a marcha por volta das 13 horas, em frente ao Minist\u00e9rio da Gest\u00e3o e da Inova\u00e7\u00e3o em Servi\u00e7os P\u00fablicos (MGI).<\/p>\n\n\n\n<p>O Sinasefe e suas bases refor\u00e7am que n\u00e3o aceitar\u00e3o 0% de reajuste em 2024, conforme prev\u00ea a proposta apresentada na <a href=\"https:\/\/sinasefe.org.br\/site\/governo-modifica-proposta-para-spfs-em-reuniao-da-mnnp\/\">Mesa Nacional de Negocia\u00e7\u00e3o Permanente (MNNP)<\/a>, em 10\/04. Por isso, nesta quinta-feira, 18 de abril, est\u00e1 acontecendo a <a href=\"https:\/\/sinasefe.org.br\/site\/189a-plena-18-de-abril-quinta-formato-hibrido\/\">189\u00aa Plen\u00e1ria Nacional<\/a>, em formato h\u00edbrido, para discutir sobre o Regimento do CNG, o Fundo de Greve, o calend\u00e1rio de lutas e a prorroga\u00e7\u00e3o do mandato a atual gest\u00e3o da Dire\u00e7\u00e3o Nacional. Em breve mais informa\u00e7\u00f5es sobre a Plen\u00e1ria em nosso site e nossas redes sociais.<\/p>\n\n\n\n<p>Confira imagens da Marcha realizada ontem em Bras\u00edlia-DF (17\/04):<\/p>\n\n\n\n<figure class=\"wp-block-gallery has-nested-images columns-default is-cropped wp-block-gallery-1 is-layout-flex wp-block-gallery-is-layout-flex\">\n<figure class=\"wp-block-image size-large\"><img decoding=\"async\" data-id=\"6553\" src=\"https:\/\/sinasefesm.com\/wp-content\/uploads\/2024\/04\/IMG_1773.jpg\" alt=\"\" class=\"wp-image-6553\"\/><\/figure>\n\n\n\n<figure class=\"wp-block-image size-large\"><img decoding=\"async\" data-id=\"6554\" src=\"https:\/\/sinasefesm.com\/wp-content\/uploads\/2024\/04\/IMG_1782.jpg\" alt=\"\" class=\"wp-image-6554\"\/><\/figure>\n\n\n\n<figure class=\"wp-block-image size-large\"><img decoding=\"async\" data-id=\"6555\" src=\"https:\/\/sinasefesm.com\/wp-content\/uploads\/2024\/04\/IMG_1771.jpg\" alt=\"\" class=\"wp-image-6555\"\/><\/figure>\n\n\n\n<figure class=\"wp-block-image size-large\"><img decoding=\"async\" data-id=\"6556\" src=\"https:\/\/sinasefesm.com\/wp-content\/uploads\/2024\/04\/IMG_1754.jpg\" alt=\"\" class=\"wp-image-6556\"\/><\/figure>\n\n\n\n<figure class=\"wp-block-image size-large\"><img decoding=\"async\" data-id=\"6557\" src=\"https:\/\/sinasefesm.com\/wp-content\/uploads\/2024\/04\/04_17_marcha_spfs12.jpg\" alt=\"\" class=\"wp-image-6557\"\/><\/figure>\n\n\n\n<figure class=\"wp-block-image size-large\"><img decoding=\"async\" data-id=\"6558\" src=\"https:\/\/sinasefesm.com\/wp-content\/uploads\/2024\/04\/04_17_marcha_spfs09.jpg\" alt=\"\" class=\"wp-image-6558\"\/><\/figure>\n\n\n\n<figure class=\"wp-block-image size-large\"><img decoding=\"async\" data-id=\"6559\" src=\"https:\/\/sinasefesm.com\/wp-content\/uploads\/2024\/04\/04_17_marcha_spfs06.jpg\" alt=\"\" class=\"wp-image-6559\"\/><\/figure>\n\n\n\n<figure class=\"wp-block-image size-large\"><img decoding=\"async\" data-id=\"6560\" src=\"https:\/\/sinasefesm.com\/wp-content\/uploads\/2024\/04\/04_17_marcha_spfs08.jpg\" alt=\"\" class=\"wp-image-6560\"\/><\/figure>\n\n\n\n<figure class=\"wp-block-image size-large\"><img decoding=\"async\" data-id=\"6561\" src=\"https:\/\/sinasefesm.com\/wp-content\/uploads\/2024\/04\/04_17_marcha_spfs10.jpg\" alt=\"\" class=\"wp-image-6561\"\/><\/figure>\n\n\n\n<figure class=\"wp-block-image size-large\"><img decoding=\"async\" data-id=\"6562\" src=\"https:\/\/sinasefesm.com\/wp-content\/uploads\/2024\/04\/04_17_marcha_spfs07.jpg\" alt=\"\" class=\"wp-image-6562\"\/><\/figure>\n\n\n\n<figure class=\"wp-block-image size-large\"><img decoding=\"async\" data-id=\"6563\" src=\"https:\/\/sinasefesm.com\/wp-content\/uploads\/2024\/04\/04_17_marcha_spfs05.jpeg\" alt=\"\" class=\"wp-image-6563\"\/><\/figure>\n<\/figure>\n\n\n\n<p><em>Texto: Laurent Keller<\/em><\/p>\n\n\n\n<p><em>Imagens: Sinasefe Nacional<\/em><\/p>\n\n\n\n<p><em>Edi\u00e7\u00e3o: Fritz Rivail<\/em><\/p>\n\n\n\n<p><em>*Com informa\u00e7\u00f5es do Sinasefe Nacional<\/em><\/p>\n","protected":false},"excerpt":{"rendered":"<p>Nesta quarta-feira, 17 de abril, milhares de servidores e servidoras do funcionalismo p\u00fablico se mobilizaram em caravanas em dire\u00e7\u00e3o \u00e0 Bras\u00edlia-DF, para realizar uma marcha na Esplanada dos Minist\u00e9rios. A iniciativa, promovida pelo Comando Nacional de Greve (CNG) e pelo Fonasefe, teve como objetivo pressionar o governo federal a conceder a recomposi\u00e7\u00e3o salarial e fazer<\/p>\n","protected":false},"author":5,"featured_media":6564,"comment_status":"closed","ping_status":"closed","sticky":false,"template":"","format":"standard","meta":{"footnotes":""},"categories":[37,41,42],"tags":[260,266,201,276],"class_list":{"0":"post-6552","1":"post","2":"type-post","3":"status-publish","4":"format-standard","5":"has-post-thumbnail","7":"category-destaque","8":"category-movimento","9":"category-noticia","10":"tag-greve","11":"tag-marcha-em-brasilia","12":"tag-reajuste-salarial","13":"tag-reestruturacao-de-carreiras"},"_links":{"self":[{"href":"https:\/\/sinasefesm.com\/index.php\/wp-json\/wp\/v2\/posts\/6552","targetHints":{"allow":["GET"]}}],"collection":[{"href":"https:\/\/sinasefesm.com\/index.php\/wp-json\/wp\/v2\/posts"}],"about":[{"href":"https:\/\/sinasefesm.com\/index.php\/wp-json\/wp\/v2\/types\/post"}],"author":[{"embeddable":true,"href":"https:\/\/sinasefesm.com\/index.php\/wp-json\/wp\/v2\/users\/5"}],"replies":[{"embeddable":true,"href":"https:\/\/sinasefesm.com\/index.php\/wp-json\/wp\/v2\/comments?post=6552"}],"version-history":[{"count":0,"href":"https:\/\/sinasefesm.com\/index.php\/wp-json\/wp\/v2\/posts\/6552\/revisions"}],"wp:featuredmedia":[{"embeddable":true,"href":"https:\/\/sinasefesm.com\/index.php\/wp-json\/wp\/v2\/media\/6564"}],"wp:attachment":[{"href":"https:\/\/sinasefesm.com\/index.php\/wp-json\/wp\/v2\/media?parent=6552"}],"wp:term":[{"taxonomy":"category","embeddable":true,"href":"https:\/\/sinasefesm.com\/index.php\/wp-json\/wp\/v2\/categories?post=6552"},{"taxonomy":"post_tag","embeddable":true,"href":"https:\/\/sinasefesm.com\/index.php\/wp-json\/wp\/v2\/tags?post=6552"}],"curies":[{"name":"wp","href":"https:\/\/api.w.org\/{rel}","templated":true}]}}