{"id":6566,"date":"2024-04-18T22:59:07","date_gmt":"2024-04-18T22:59:07","guid":{"rendered":"https:\/\/sinasefesm.com\/?p=6566"},"modified":"2024-04-18T22:59:07","modified_gmt":"2024-04-18T22:59:07","slug":"gt-do-sinasefe-sm-debate-politicas-educacionais-quinzenalmente","status":"publish","type":"post","link":"https:\/\/sinasefesm.com\/index.php\/2024\/04\/18\/gt-do-sinasefe-sm-debate-politicas-educacionais-quinzenalmente\/","title":{"rendered":"GT do Sinasefe SM debate pol\u00edticas educacionais quinzenalmente"},"content":{"rendered":"\n<p>O Grupo de Trabalho (GT) de Pol\u00edticas Educacionais e Culturais do Sinasefe SM fez mais uma reuni\u00e3o na ter\u00e7a, 16 de abril, que ocorreu atrav\u00e9s do Google Meet. No encontro, as participantes debateram o <em>Cap\u00edtulo 1 (Ensino M\u00e9dio Integrado)<\/em>, que comp\u00f5e o caderno intitulado \u201cSinasefe. GT Pol\u00edticas Educacionais: Caderno de Textos Preliminares, junho, 2023.\u201d<\/p>\n\n\n\n<p>Conforme a professora Mariglei Severo Maraschin, o objetivo da atual discuss\u00e3o \u00e9 estudar a cartilha do GT nacional a fim de que os\/as integrantes possam se instrumentalizar para, na sequ\u00eancia, propor debates com sindicalizados\/as e demais servidores\/as da carreira EBTT.<\/p>\n\n\n\n<p>Mariglei explica que fazem parte dessa discuss\u00e3o, servidores(as) que t\u00eam estudos nas diferentes tem\u00e1ticas que comp\u00f5em a cartilha. Entretanto, destaca ela, ainda faltam pessoas para algumas tem\u00e1ticas.<\/p>\n\n\n\n<p>O GT, que em \u00e2mbito local, foi criado ainda no ano passado, re\u00fane-se quinzenalmente e est\u00e1 aberto a participa\u00e7\u00e3o de novos integrantes. Interessados(as) podem encaminhar mensagem para <a href=\"mailto:gt.politicas.sm@gmail\">gt.politicas.sm@gmail<\/a> ou falar diretamente com professora Mariglei (CTISM) ou Jane (Col\u00e9gio Militar). Da reuni\u00e3o de ter\u00e7a, dia 16, participaram Jane Flor\u00eancio, Andreia Vedoin, Cassiana Marques e Mariglei Maraschin.<\/p>\n\n\n\n<p><em>Texto: Fritz Rivail<br>Imagem: Reprodu\u00e7\u00e3o<\/em><\/p>\n","protected":false},"excerpt":{"rendered":"<p>O Grupo de Trabalho (GT) de Pol\u00edticas Educacionais e Culturais do Sinasefe SM fez mais uma reuni\u00e3o na ter\u00e7a, 16 de abril, que ocorreu atrav\u00e9s do Google Meet. No encontro, as participantes debateram o Cap\u00edtulo 1 (Ensino M\u00e9dio Integrado), que comp\u00f5e o caderno intitulado \u201cSinasefe. GT Pol\u00edticas Educacionais: Caderno de Textos Preliminares, junho, 2023.\u201d Conforme<\/p>\n","protected":false},"author":7,"featured_media":6567,"comment_status":"closed","ping_status":"closed","sticky":true,"template":"","format":"standard","meta":{"footnotes":""},"categories":[37,42,45],"tags":[],"class_list":{"0":"post-6566","1":"post","2":"type-post","3":"status-publish","4":"format-standard","5":"has-post-thumbnail","7":"category-destaque","8":"category-noticia","9":"category-sindicato"},"_links":{"self":[{"href":"https:\/\/sinasefesm.com\/index.php\/wp-json\/wp\/v2\/posts\/6566","targetHints":{"allow":["GET"]}}],"collection":[{"href":"https:\/\/sinasefesm.com\/index.php\/wp-json\/wp\/v2\/posts"}],"about":[{"href":"https:\/\/sinasefesm.com\/index.php\/wp-json\/wp\/v2\/types\/post"}],"author":[{"embeddable":true,"href":"https:\/\/sinasefesm.com\/index.php\/wp-json\/wp\/v2\/users\/7"}],"replies":[{"embeddable":true,"href":"https:\/\/sinasefesm.com\/index.php\/wp-json\/wp\/v2\/comments?post=6566"}],"version-history":[{"count":0,"href":"https:\/\/sinasefesm.com\/index.php\/wp-json\/wp\/v2\/posts\/6566\/revisions"}],"wp:featuredmedia":[{"embeddable":true,"href":"https:\/\/sinasefesm.com\/index.php\/wp-json\/wp\/v2\/media\/6567"}],"wp:attachment":[{"href":"https:\/\/sinasefesm.com\/index.php\/wp-json\/wp\/v2\/media?parent=6566"}],"wp:term":[{"taxonomy":"category","embeddable":true,"href":"https:\/\/sinasefesm.com\/index.php\/wp-json\/wp\/v2\/categories?post=6566"},{"taxonomy":"post_tag","embeddable":true,"href":"https:\/\/sinasefesm.com\/index.php\/wp-json\/wp\/v2\/tags?post=6566"}],"curies":[{"name":"wp","href":"https:\/\/api.w.org\/{rel}","templated":true}]}}