{"id":6570,"date":"2024-04-23T23:20:17","date_gmt":"2024-04-23T23:20:17","guid":{"rendered":"https:\/\/sinasefesm.com\/?p=6570"},"modified":"2024-04-23T23:20:17","modified_gmt":"2024-04-23T23:20:17","slug":"governo-apresenta-renova-proposta-a-servidores","status":"publish","type":"post","link":"https:\/\/sinasefesm.com\/index.php\/2024\/04\/23\/governo-apresenta-renova-proposta-a-servidores\/","title":{"rendered":"Governo renova proposta a servidores"},"content":{"rendered":"\n<p>Na \u00faltima sexta, 19 de abril, em reuni\u00e3o da Mesa Espec\u00edfica e Tempor\u00e1ria, na sede do Minist\u00e9rio da Gest\u00e3o e Inova\u00e7\u00e3o, o governo federal apresentou nova proposta a servidores\/as da \u00e1rea da Educa\u00e7\u00e3o, que abrange a quest\u00e3o salarial, carreira e alguns outros itens.<\/p>\n\n\n\n<p>Na ocasi\u00e3o, o Governo apresentou proposta de reajuste para os docentes de 9 % em 2025 e 3,5% em 2026 e altera\u00e7\u00e3o dos steps nas classes C\/DIII e D\/DIV de 4% para 4,5% em janeiro de 2025.<\/p>\n\n\n\n<p>Al\u00e9m disso, o Governo, anunciou a dispensa do controle de frequ\u00eancia dos docentes do Ensino B\u00e1sico, T\u00e9cnico e Tecnol\u00f3gico (EBTT).<\/p>\n\n\n\n<p>O Secret\u00e1rio de Rela\u00e7\u00f5es de Trabalho, Jos\u00e9 Lopez Feijo\u00f3, ainda anunciou a revoga\u00e7\u00e3o da Portaria 983\/2020 que estabelece diretrizes complementares \u00e0 Portaria n\u00ba 554, de 20 de junho de 2013, para a regulamenta\u00e7\u00e3o das atividades docentes, no \u00e2mbito da Rede Federal de Educa\u00e7\u00e3o Profissional, Cient\u00edfica e Tecnol\u00f3gica.<\/p>\n\n\n\n<p>O que ainda gera resist\u00eancia \u00e9 a aus\u00eancia de reajuste salarial em 2024, por alegada falta de folga or\u00e7ament\u00e1ria para essa medida. Em troca, o governo oferece reajuste em diversos aux\u00edlios.<\/p>\n\n\n\n<p>Os valores dos aux\u00edlios passariam de R$ 658,00 para R$ 1.000,00 (Aux\u00edlio Alimenta\u00e7\u00e3o), R$ 321,00 para R$ 484,90 (Assist\u00eancia Pr\u00e9-escolar) e o Aux\u00edlio Sa\u00fade Suplementar teria uma rela\u00e7\u00e3o direta de valores tabelado com a idade e sal\u00e1rios, que podem alcan\u00e7ar um reajuste percentual de at\u00e9 51,1%.<br><br>Desde 3 de abril o SINASEFE est\u00e1 em greve nacional \u2013 que&nbsp;<a href=\"https:\/\/sinasefe.org.br\/site\/greve-do-sinasefe-cng-atualiza-adesoes-nesta-terca-16-04\/\" target=\"_blank\" rel=\"noreferrer noopener\">j\u00e1 paralisa<\/a>, por tempo indeterminado, mais de 485 unidades de ensino em 23 estados e tamb\u00e9m no Distrito Federal. E uma das principais pautas da nossa greve \u00e9 justamente a reestrutura\u00e7\u00e3o das carreiras do EBTT e do PCCTAE, al\u00e9m da recomposi\u00e7\u00e3o salarial das perdas financeiras dos governos Temer e Bolsonaro.<\/p>\n\n\n\n<p>Confira <a href=\"https:\/\/sinasefe.org.br\/site\/carreira-docente-governo-repete-proposta-feita-aos-taes-greve-continua\/\" data-type=\"link\" data-id=\"https:\/\/sinasefe.org.br\/site\/carreira-docente-governo-repete-proposta-feita-aos-taes-greve-continua\/\">aqui <\/a>a avalia\u00e7\u00e3o do Sinasefe nacional sobre a proposta apresentada pelo governo federal.<\/p>\n\n\n\n<p><em>Texto: Fritz Rivail com informa\u00e7\u00f5es do Sinasefe nacional e <a href=\"http:\/\/www.gov.br\">www.gov.br<\/a><\/em><\/p>\n\n\n\n<p><em>Foto: Sinasefe nacional<\/em><\/p>\n","protected":false},"excerpt":{"rendered":"<p>Na \u00faltima sexta, 19 de abril, em reuni\u00e3o da Mesa Espec\u00edfica e Tempor\u00e1ria, na sede do Minist\u00e9rio da Gest\u00e3o e Inova\u00e7\u00e3o, o governo federal apresentou nova proposta a servidores\/as da \u00e1rea da Educa\u00e7\u00e3o, que abrange a quest\u00e3o salarial, carreira e alguns outros itens. Na ocasi\u00e3o, o Governo apresentou proposta de reajuste para os docentes de<\/p>\n","protected":false},"author":7,"featured_media":6571,"comment_status":"closed","ping_status":"closed","sticky":true,"template":"","format":"standard","meta":{"footnotes":""},"categories":[42,45],"tags":[92,143,201],"class_list":{"0":"post-6570","1":"post","2":"type-post","3":"status-publish","4":"format-standard","5":"has-post-thumbnail","7":"category-noticia","8":"category-sindicato","9":"tag-cortes-orcamentarios","10":"tag-greve-nacional","11":"tag-reajuste-salarial"},"_links":{"self":[{"href":"https:\/\/sinasefesm.com\/index.php\/wp-json\/wp\/v2\/posts\/6570","targetHints":{"allow":["GET"]}}],"collection":[{"href":"https:\/\/sinasefesm.com\/index.php\/wp-json\/wp\/v2\/posts"}],"about":[{"href":"https:\/\/sinasefesm.com\/index.php\/wp-json\/wp\/v2\/types\/post"}],"author":[{"embeddable":true,"href":"https:\/\/sinasefesm.com\/index.php\/wp-json\/wp\/v2\/users\/7"}],"replies":[{"embeddable":true,"href":"https:\/\/sinasefesm.com\/index.php\/wp-json\/wp\/v2\/comments?post=6570"}],"version-history":[{"count":0,"href":"https:\/\/sinasefesm.com\/index.php\/wp-json\/wp\/v2\/posts\/6570\/revisions"}],"wp:featuredmedia":[{"embeddable":true,"href":"https:\/\/sinasefesm.com\/index.php\/wp-json\/wp\/v2\/media\/6571"}],"wp:attachment":[{"href":"https:\/\/sinasefesm.com\/index.php\/wp-json\/wp\/v2\/media?parent=6570"}],"wp:term":[{"taxonomy":"category","embeddable":true,"href":"https:\/\/sinasefesm.com\/index.php\/wp-json\/wp\/v2\/categories?post=6570"},{"taxonomy":"post_tag","embeddable":true,"href":"https:\/\/sinasefesm.com\/index.php\/wp-json\/wp\/v2\/tags?post=6570"}],"curies":[{"name":"wp","href":"https:\/\/api.w.org\/{rel}","templated":true}]}}