{"id":6577,"date":"2024-04-24T15:58:12","date_gmt":"2024-04-24T15:58:12","guid":{"rendered":"https:\/\/sinasefesm.com\/?p=6577"},"modified":"2024-04-24T15:58:12","modified_gmt":"2024-04-24T15:58:12","slug":"segue-dialogo-na-ufsm-para-evitar-ponto-eletronico-a-docente-ebtt","status":"publish","type":"post","link":"https:\/\/sinasefesm.com\/index.php\/2024\/04\/24\/segue-dialogo-na-ufsm-para-evitar-ponto-eletronico-a-docente-ebtt\/","title":{"rendered":"Mobiliza\u00e7\u00e3o na UFSM para evitar ponto eletr\u00f4nico a docentes EBTT"},"content":{"rendered":"\n<p>Na \u00faltima segunda-feira, 22 de abril, a reitoria da UFSM chamou uma reuni\u00e3o com docentes da carreira EBTT, da qual participaram tamb\u00e9m o Sinasefe Santa Maria e a Sedufsm. No encontro, o reitor Luciano Schuch, e representantes de outros \u00f3rg\u00e3os da gest\u00e3o, explicaram o andamento da discuss\u00e3o com o Judici\u00e1rio pra evitar a obrigatoriedade de implanta\u00e7\u00e3o de ponto eletr\u00f4nico para professoras e professoras dessa carreira.<\/p>\n\n\n\n<p>Esse di\u00e1logo est\u00e1 colocado pelo fato de que o Poder Judici\u00e1rio decidiu que a UFSM deveria implantar de forma imediata o ponto para EBTTs. Nos esclarecimentos que a institui\u00e7\u00e3o tem feito, destaque para o of\u00edcio encaminhado pelo reitor \u00e0 Procuradoria Federal, no \u00faltimo dia 16 de abril, em que ressalta que a universidade, desde 2012, defende o argumento que o tratamento \u00e0s carreiras deve ser ison\u00f4mico. Isso porque a carreira EBTT e a do magist\u00e9rio superior formam uma \u00fanica carreira, a do magist\u00e9rio federal.<\/p>\n\n\n\n<p>Esse argumento tamb\u00e9m foi assinalado pela reitoria junto ao Judici\u00e1rio. O professor Luciano Schuch tem refor\u00e7ado que o desempenho das escolas t\u00e9cnicas tem sido muito bem avaliado e que a n\u00e3o implanta\u00e7\u00e3o do ponto em nada prejudica estudantes ou o trabalho de excel\u00eancia que vem sendo realizado.<\/p>\n\n\n\n<figure class=\"wp-block-gallery has-nested-images columns-default is-cropped wp-block-gallery-1 is-layout-flex wp-block-gallery-is-layout-flex\">\n<figure class=\"wp-block-image size-large\"><img decoding=\"async\" data-id=\"6582\" src=\"https:\/\/sinasefesm.com\/wp-content\/uploads\/2024\/04\/fba2d840-8b2f-4ac0-8bdb-df5f528f1b10.jpg\" alt=\"\" class=\"wp-image-6582\"\/><\/figure>\n\n\n\n<figure class=\"wp-block-image size-large\"><img decoding=\"async\" data-id=\"6583\" src=\"https:\/\/sinasefesm.com\/wp-content\/uploads\/2024\/04\/c1989aad-517a-4e3a-bcca-82503ddb7ec7.jpg\" alt=\"\" class=\"wp-image-6583\"\/><\/figure>\n<\/figure>\n\n\n\n<p>Um dos \u00f3bices para que seja superada essa quest\u00e3o \u00e9 um decreto federal de 1995 que previa a implanta\u00e7\u00e3o do ponto eletr\u00f4nico. Entretanto, conforme analisa o documento elaborado pela gest\u00e3o, quando foi redigido o decreto 1.590\/95, a realidade era outra, pois sequer existia a carreira EBTT.<\/p>\n\n\n\n<p>Afora estabelecer uma concilia\u00e7\u00e3o com o Judici\u00e1rio para tentar evitar a implanta\u00e7\u00e3o do ponto, uma outra possibilidade surgiu no atual cen\u00e1rio. Na sexta, dia 19 de abril, em reuni\u00e3o com sindicatos de trabalhadores ligados \u00e0 educa\u00e7\u00e3o, o governo federal acenou com a ideia de dispensa do controle de frequ\u00eancia para docentes EBTT.<\/p>\n\n\n\n<p><em>Texto: Fritz Rivail<br>Fotos: Karoline Rosa\/Sedufsm<\/em><\/p>\n","protected":false},"excerpt":{"rendered":"<p>Na \u00faltima segunda-feira, 22 de abril, a reitoria da UFSM chamou uma reuni\u00e3o com docentes da carreira EBTT, da qual participaram tamb\u00e9m o Sinasefe Santa Maria e a Sedufsm. No encontro, o reitor Luciano Schuch, e representantes de outros \u00f3rg\u00e3os da gest\u00e3o, explicaram o andamento da discuss\u00e3o com o Judici\u00e1rio pra evitar a obrigatoriedade de<\/p>\n","protected":false},"author":7,"featured_media":6578,"comment_status":"closed","ping_status":"closed","sticky":true,"template":"","format":"standard","meta":{"footnotes":""},"categories":[42,45],"tags":[213,225],"class_list":{"0":"post-6577","1":"post","2":"type-post","3":"status-publish","4":"format-standard","5":"has-post-thumbnail","7":"category-noticia","8":"category-sindicato","9":"tag-servico-publico","10":"tag-ufsm"},"_links":{"self":[{"href":"https:\/\/sinasefesm.com\/index.php\/wp-json\/wp\/v2\/posts\/6577","targetHints":{"allow":["GET"]}}],"collection":[{"href":"https:\/\/sinasefesm.com\/index.php\/wp-json\/wp\/v2\/posts"}],"about":[{"href":"https:\/\/sinasefesm.com\/index.php\/wp-json\/wp\/v2\/types\/post"}],"author":[{"embeddable":true,"href":"https:\/\/sinasefesm.com\/index.php\/wp-json\/wp\/v2\/users\/7"}],"replies":[{"embeddable":true,"href":"https:\/\/sinasefesm.com\/index.php\/wp-json\/wp\/v2\/comments?post=6577"}],"version-history":[{"count":0,"href":"https:\/\/sinasefesm.com\/index.php\/wp-json\/wp\/v2\/posts\/6577\/revisions"}],"wp:featuredmedia":[{"embeddable":true,"href":"https:\/\/sinasefesm.com\/index.php\/wp-json\/wp\/v2\/media\/6578"}],"wp:attachment":[{"href":"https:\/\/sinasefesm.com\/index.php\/wp-json\/wp\/v2\/media?parent=6577"}],"wp:term":[{"taxonomy":"category","embeddable":true,"href":"https:\/\/sinasefesm.com\/index.php\/wp-json\/wp\/v2\/categories?post=6577"},{"taxonomy":"post_tag","embeddable":true,"href":"https:\/\/sinasefesm.com\/index.php\/wp-json\/wp\/v2\/tags?post=6577"}],"curies":[{"name":"wp","href":"https:\/\/api.w.org\/{rel}","templated":true}]}}