{"id":6585,"date":"2024-04-24T17:53:17","date_gmt":"2024-04-24T17:53:17","guid":{"rendered":"https:\/\/sinasefesm.com\/?p=6585"},"modified":"2024-04-24T17:53:17","modified_gmt":"2024-04-24T17:53:17","slug":"sinasefe-assina-acordo-sobre-reajuste-de-beneficios-nesta-quinta-25","status":"publish","type":"post","link":"https:\/\/sinasefesm.com\/index.php\/2024\/04\/24\/sinasefe-assina-acordo-sobre-reajuste-de-beneficios-nesta-quinta-25\/","title":{"rendered":"Sinasefe assina acordo sobre reajuste de benef\u00edcios nesta quinta, 25"},"content":{"rendered":"\n<p>Nesta quinta-feira, 25 de abril, o Sinasefe participar\u00e1 de um encontro com o Departamento de Rela\u00e7\u00f5es de Trabalho (Deret) do Minist\u00e9rio da Gest\u00e3o e da Inova\u00e7\u00e3o em Servi\u00e7os P\u00fablicos (MGI), para assinar o Termo de Compromisso n\u00ba 1\/2024, que diz respeito ao reajuste de benef\u00edcios. A reuni\u00e3o ocorrer\u00e1 \u00e0s 16 horas, no bloco C da Esplanada dos Minist\u00e9rios.<\/p>\n\n\n\n<p>O documento a ser assinado passou por adapta\u00e7\u00f5es sugeridas pelo sindicato na <a href=\"https:\/\/sinasefe.org.br\/site\/189a-plena-confira-o-resumo-do-forum\/\">189\u00aa Plen\u00e1ria Nacional<\/a>, realizada dia 18 de abril, e estabelece que haja reajuste do Aux\u00edlio Alimenta\u00e7\u00e3o, de R$ 658,00 para R$ 1.000,00; reajuste de 51% no montante destinado ao valor do per capita da Sa\u00fade Suplementar (considerando a faixa de idade e de renda do servidor); e reajuste no valor da Assist\u00eancia Pr\u00e9-escolar, de R$ 321,00 para R$ 484,90.<\/p>\n\n\n\n<p>Esta etapa de negocia\u00e7\u00e3o, no contexto da Mesa Central da Mesa Nacional de Negocia\u00e7\u00e3o Permanente (MNNP), diz respeito ao conjunto de Servidores P\u00fablicos Federais (SPFs). O Sinasefe integra a bancada sindical deste espa\u00e7o, via Fonasefe.<\/p>\n\n\n\n<p><strong>Demais negocia\u00e7\u00f5es<\/strong><\/p>\n\n\n\n<p>Em suas assembleias de se\u00e7\u00f5es sindicais ao redor do pa\u00eds, o Sinasefe ainda est\u00e1 avaliando as propostas apresentadas pelo MGI no \u00e2mbito da Mesa Espec\u00edfica e Tempor\u00e1ria, que trata da reestrutura\u00e7\u00e3o das carreiras (tanto PCCTAE quanto EBTT\/MS). O tema ser\u00e1 debatido tamb\u00e9m na 190\u00aa PLENA, <a href=\"https:\/\/sinasefe.org.br\/site\/190a-plena-26-de-abril-sexta-formato-hibrido\/\">agendada para a pr\u00f3xima sexta (26\/04)<\/a>.<\/p>\n\n\n\n<hr class=\"wp-block-separator has-alpha-channel-opacity\"\/>\n\n\n\n<p><strong><em>Texto: Laurent Keller<\/em><\/strong><\/p>\n\n\n\n<p><strong><em>Imagem: Sinasefe Nacional<\/em><\/strong><\/p>\n\n\n\n<p><strong><em>Edi\u00e7\u00e3o: Fritz Rivail<\/em><\/strong><\/p>\n\n\n\n<p><strong><em>*com informa\u00e7\u00f5es do Sinasefe Nacional<\/em><\/strong><\/p>\n","protected":false},"excerpt":{"rendered":"<p>Nesta quinta-feira, 25 de abril, o Sinasefe participar\u00e1 de um encontro com o Departamento de Rela\u00e7\u00f5es de Trabalho (Deret) do Minist\u00e9rio da Gest\u00e3o e da Inova\u00e7\u00e3o em Servi\u00e7os P\u00fablicos (MGI), para assinar o Termo de Compromisso n\u00ba 1\/2024, que diz respeito ao reajuste de benef\u00edcios. A reuni\u00e3o ocorrer\u00e1 \u00e0s 16 horas, no bloco C da<\/p>\n","protected":false},"author":5,"featured_media":6586,"comment_status":"closed","ping_status":"closed","sticky":false,"template":"","format":"standard","meta":{"footnotes":""},"categories":[37,39,41],"tags":[170,274],"class_list":{"0":"post-6585","1":"post","2":"type-post","3":"status-publish","4":"format-standard","5":"has-post-thumbnail","7":"category-destaque","8":"category-eventos","9":"category-movimento","10":"tag-mgi","11":"tag-reajuste-de-beneficios"},"_links":{"self":[{"href":"https:\/\/sinasefesm.com\/index.php\/wp-json\/wp\/v2\/posts\/6585","targetHints":{"allow":["GET"]}}],"collection":[{"href":"https:\/\/sinasefesm.com\/index.php\/wp-json\/wp\/v2\/posts"}],"about":[{"href":"https:\/\/sinasefesm.com\/index.php\/wp-json\/wp\/v2\/types\/post"}],"author":[{"embeddable":true,"href":"https:\/\/sinasefesm.com\/index.php\/wp-json\/wp\/v2\/users\/5"}],"replies":[{"embeddable":true,"href":"https:\/\/sinasefesm.com\/index.php\/wp-json\/wp\/v2\/comments?post=6585"}],"version-history":[{"count":0,"href":"https:\/\/sinasefesm.com\/index.php\/wp-json\/wp\/v2\/posts\/6585\/revisions"}],"wp:featuredmedia":[{"embeddable":true,"href":"https:\/\/sinasefesm.com\/index.php\/wp-json\/wp\/v2\/media\/6586"}],"wp:attachment":[{"href":"https:\/\/sinasefesm.com\/index.php\/wp-json\/wp\/v2\/media?parent=6585"}],"wp:term":[{"taxonomy":"category","embeddable":true,"href":"https:\/\/sinasefesm.com\/index.php\/wp-json\/wp\/v2\/categories?post=6585"},{"taxonomy":"post_tag","embeddable":true,"href":"https:\/\/sinasefesm.com\/index.php\/wp-json\/wp\/v2\/tags?post=6585"}],"curies":[{"name":"wp","href":"https:\/\/api.w.org\/{rel}","templated":true}]}}