{"id":6589,"date":"2024-04-27T00:26:47","date_gmt":"2024-04-27T00:26:47","guid":{"rendered":"https:\/\/sinasefesm.com\/?p=6589"},"modified":"2024-04-27T00:26:47","modified_gmt":"2024-04-27T00:26:47","slug":"sinasefe-assina-termo-que-reajusta-beneficios-mas-greve-prossegue","status":"publish","type":"post","link":"https:\/\/sinasefesm.com\/index.php\/2024\/04\/27\/sinasefe-assina-termo-que-reajusta-beneficios-mas-greve-prossegue\/","title":{"rendered":"Sinasefe assina termo que reajusta benef\u00edcios, mas greve prossegue"},"content":{"rendered":"\n<p>Ainda que contenha limita\u00e7\u00f5es, nesta quinta-feira, 25 de abril, foi assinado pelo Sinasefe o <a href=\"https:\/\/sinasefe.org.br\/site\/veja-o-termo-de-compromisso-apresentado-pelo-governo-federal-na-reuniao-da-mnnp-de-10-04\/\">Termo de Compromisso n\u00ba01\/24<\/a>, que reajusta benef\u00edcios relacionados \u00e0 sa\u00fade, alimenta\u00e7\u00e3o e creche dos servidores p\u00fablicos federais. A cerim\u00f4nia de assinatura ocorreu na Esplanada dos Minist\u00e9rios, junto ao Departamento de Trabalho (Deret) do Minist\u00e9rio da Gest\u00e3o e da Inova\u00e7\u00e3o em Servi\u00e7os (MGI).&nbsp;<\/p>\n\n\n\n<figure class=\"wp-block-gallery has-nested-images columns-default is-cropped wp-block-gallery-1 is-layout-flex wp-block-gallery-is-layout-flex\">\n<figure class=\"wp-block-image size-large\"><img decoding=\"async\" data-id=\"6591\" src=\"https:\/\/sinasefesm.com\/wp-content\/uploads\/2024\/04\/20240425_171202.jpg\" alt=\"\" class=\"wp-image-6591\"\/><\/figure>\n\n\n\n<figure class=\"wp-block-image size-large\"><img decoding=\"async\" data-id=\"6592\" src=\"https:\/\/sinasefesm.com\/wp-content\/uploads\/2024\/04\/20240425_163340.jpg\" alt=\"\" class=\"wp-image-6592\"\/><\/figure>\n<\/figure>\n\n\n\n<p>O secret\u00e1rio de Rela\u00e7\u00f5es de Trabalho do MGI, Jos\u00e9 Lopez Feij\u00f3o, informou que a vig\u00eancia do reajuste ser\u00e1 o m\u00eas de maio, com pagamento em junho de 2024. Dentre os principais pontos do documento, est\u00e3o: reajuste do Aux\u00edlio Alimenta\u00e7\u00e3o, de R$ 658,00 para R$ 1.000,00; reajuste de 51% no montante destinado ao valor do per capita da Sa\u00fade Suplementar (considerando a faixa de idade e de renda do servidor); e reajuste no valor da Assist\u00eancia Pr\u00e9-escolar, de R$ 321,00 para R$ 484,90.<\/p>\n\n\n\n<p>A assinatura do documento foi aprovada pela categoria durante a <a href=\"https:\/\/sinasefe.org.br\/site\/189a-plena-confira-o-resumo-do-forum\/\">189\u00aa Plen\u00e1ria Nacional.<\/a> Veja detalhes no informe feito pela coordenadora geral do SINASEFE, Artemis Martins:<\/p>\n\n\n\n<figure class=\"wp-block-embed is-type-video is-provider-youtube wp-block-embed-youtube wp-embed-aspect-16-9 wp-has-aspect-ratio\"><div class=\"wp-block-embed__wrapper\">\n<iframe title=\"SINASEFE assina termo que reajusta benef\u00edcios e segue fortalecendo greve nacional\" width=\"768\" height=\"432\" src=\"https:\/\/www.youtube.com\/embed\/RYV9d0kWSaM?feature=oembed\" frameborder=\"0\" allow=\"accelerometer; autoplay; clipboard-write; encrypted-media; gyroscope; picture-in-picture; web-share\" referrerpolicy=\"strict-origin-when-cross-origin\" allowfullscreen><\/iframe>\n<\/div><\/figure>\n\n\n\n<hr class=\"wp-block-separator has-alpha-channel-opacity\"\/>\n\n\n\n<p><em>Texto: Laurent Keller<\/em><\/p>\n\n\n\n<p><em>Imagens e v\u00eddeo: Sinasefe Nacional<\/em><\/p>\n\n\n\n<p><em>Edi\u00e7\u00e3o: Fritz Rivail<\/em><\/p>\n\n\n\n<p><em>*com informa\u00e7\u00f5es do Sinasefe Nacional<\/em><\/p>\n","protected":false},"excerpt":{"rendered":"<p>Ainda que contenha limita\u00e7\u00f5es, nesta quinta-feira, 25 de abril, foi assinado pelo Sinasefe o Termo de Compromisso n\u00ba01\/24, que reajusta benef\u00edcios relacionados \u00e0 sa\u00fade, alimenta\u00e7\u00e3o e creche dos servidores p\u00fablicos federais. A cerim\u00f4nia de assinatura ocorreu na Esplanada dos Minist\u00e9rios, junto ao Departamento de Trabalho (Deret) do Minist\u00e9rio da Gest\u00e3o e da Inova\u00e7\u00e3o em Servi\u00e7os<\/p>\n","protected":false},"author":5,"featured_media":6590,"comment_status":"closed","ping_status":"closed","sticky":true,"template":"","format":"standard","meta":{"footnotes":""},"categories":[37,41,42],"tags":[274],"class_list":{"0":"post-6589","1":"post","2":"type-post","3":"status-publish","4":"format-standard","5":"has-post-thumbnail","7":"category-destaque","8":"category-movimento","9":"category-noticia","10":"tag-reajuste-de-beneficios"},"_links":{"self":[{"href":"https:\/\/sinasefesm.com\/index.php\/wp-json\/wp\/v2\/posts\/6589","targetHints":{"allow":["GET"]}}],"collection":[{"href":"https:\/\/sinasefesm.com\/index.php\/wp-json\/wp\/v2\/posts"}],"about":[{"href":"https:\/\/sinasefesm.com\/index.php\/wp-json\/wp\/v2\/types\/post"}],"author":[{"embeddable":true,"href":"https:\/\/sinasefesm.com\/index.php\/wp-json\/wp\/v2\/users\/5"}],"replies":[{"embeddable":true,"href":"https:\/\/sinasefesm.com\/index.php\/wp-json\/wp\/v2\/comments?post=6589"}],"version-history":[{"count":0,"href":"https:\/\/sinasefesm.com\/index.php\/wp-json\/wp\/v2\/posts\/6589\/revisions"}],"wp:featuredmedia":[{"embeddable":true,"href":"https:\/\/sinasefesm.com\/index.php\/wp-json\/wp\/v2\/media\/6590"}],"wp:attachment":[{"href":"https:\/\/sinasefesm.com\/index.php\/wp-json\/wp\/v2\/media?parent=6589"}],"wp:term":[{"taxonomy":"category","embeddable":true,"href":"https:\/\/sinasefesm.com\/index.php\/wp-json\/wp\/v2\/categories?post=6589"},{"taxonomy":"post_tag","embeddable":true,"href":"https:\/\/sinasefesm.com\/index.php\/wp-json\/wp\/v2\/tags?post=6589"}],"curies":[{"name":"wp","href":"https:\/\/api.w.org\/{rel}","templated":true}]}}