{"id":6595,"date":"2024-04-27T14:28:27","date_gmt":"2024-04-27T14:28:27","guid":{"rendered":"https:\/\/sinasefesm.com\/?p=6595"},"modified":"2024-04-27T14:28:27","modified_gmt":"2024-04-27T14:28:27","slug":"sinasefe-sm-assembleia-decide-deflagracao-de-greve","status":"publish","type":"post","link":"https:\/\/sinasefesm.com\/index.php\/2024\/04\/27\/sinasefe-sm-assembleia-decide-deflagracao-de-greve\/","title":{"rendered":"Sinasefe SM: assembleia avalia deflagra\u00e7\u00e3o de greve"},"content":{"rendered":"\n<p>Na ter\u00e7a, 30 de abril, \u00e0s 10h, em primeira chamada, e \u00e0s 10h15 em segunda chamada, acontece uma assembleia extraordin\u00e1ria da base do Sinasefe Santa Maria, em formato presencial, para avaliar a deflagra\u00e7\u00e3o de greve.<\/p>\n\n\n\n<p>A plen\u00e1ria foi convocada pela Coordena\u00e7\u00e3o Geral da Se\u00e7\u00e3o Sindical do Sinasefe Santa Maria. O local da reuni\u00e3o \u00e9 o audit\u00f3rio do CTISM na UFSM.<\/p>\n\n\n\n<p><strong>Resumo das informa\u00e7\u00f5es<\/strong><\/p>\n\n\n\n<p><em>O qu\u00ea?<\/em> Assembleia extraordin\u00e1ria<\/p>\n\n\n\n<p><em>Quando?<\/em> Ter\u00e7a, 30 de abril<\/p>\n\n\n\n<p><em>Hor\u00e1rio?<\/em> 10h em primeira chamada e 10h15 em segunda chamada<\/p>\n\n\n\n<p>Local? Audit\u00f3rio do CTISM\/UFSM<\/p>\n\n\n\n<p><em>Pauta?<\/em> Deflagra\u00e7\u00e3o de Greve.<\/p>\n\n\n\n<p>Texto: Fritz Rivail<br>Arte: Xain\u00e3 Pitaguary<\/p>\n","protected":false},"excerpt":{"rendered":"<p>Na ter\u00e7a, 30 de abril, \u00e0s 10h, em primeira chamada, e \u00e0s 10h15 em segunda chamada, acontece uma assembleia extraordin\u00e1ria da base do Sinasefe Santa Maria, em formato presencial, para avaliar a deflagra\u00e7\u00e3o de greve. A plen\u00e1ria foi convocada pela Coordena\u00e7\u00e3o Geral da Se\u00e7\u00e3o Sindical do Sinasefe Santa Maria. O local da reuni\u00e3o \u00e9 o<\/p>\n","protected":false},"author":7,"featured_media":6596,"comment_status":"closed","ping_status":"closed","sticky":true,"template":"","format":"standard","meta":{"footnotes":""},"categories":[37,42],"tags":[201,213,225],"class_list":{"0":"post-6595","1":"post","2":"type-post","3":"status-publish","4":"format-standard","5":"has-post-thumbnail","7":"category-destaque","8":"category-noticia","9":"tag-reajuste-salarial","10":"tag-servico-publico","11":"tag-ufsm"},"_links":{"self":[{"href":"https:\/\/sinasefesm.com\/index.php\/wp-json\/wp\/v2\/posts\/6595","targetHints":{"allow":["GET"]}}],"collection":[{"href":"https:\/\/sinasefesm.com\/index.php\/wp-json\/wp\/v2\/posts"}],"about":[{"href":"https:\/\/sinasefesm.com\/index.php\/wp-json\/wp\/v2\/types\/post"}],"author":[{"embeddable":true,"href":"https:\/\/sinasefesm.com\/index.php\/wp-json\/wp\/v2\/users\/7"}],"replies":[{"embeddable":true,"href":"https:\/\/sinasefesm.com\/index.php\/wp-json\/wp\/v2\/comments?post=6595"}],"version-history":[{"count":0,"href":"https:\/\/sinasefesm.com\/index.php\/wp-json\/wp\/v2\/posts\/6595\/revisions"}],"wp:featuredmedia":[{"embeddable":true,"href":"https:\/\/sinasefesm.com\/index.php\/wp-json\/wp\/v2\/media\/6596"}],"wp:attachment":[{"href":"https:\/\/sinasefesm.com\/index.php\/wp-json\/wp\/v2\/media?parent=6595"}],"wp:term":[{"taxonomy":"category","embeddable":true,"href":"https:\/\/sinasefesm.com\/index.php\/wp-json\/wp\/v2\/categories?post=6595"},{"taxonomy":"post_tag","embeddable":true,"href":"https:\/\/sinasefesm.com\/index.php\/wp-json\/wp\/v2\/tags?post=6595"}],"curies":[{"name":"wp","href":"https:\/\/api.w.org\/{rel}","templated":true}]}}