{"id":6606,"date":"2024-05-04T00:20:31","date_gmt":"2024-05-04T00:20:31","guid":{"rendered":"https:\/\/sinasefesm.com\/?p=6606"},"modified":"2024-05-04T00:20:31","modified_gmt":"2024-05-04T00:20:31","slug":"governo-oficializa-reajustes-de-beneficios-aos-servidores","status":"publish","type":"post","link":"https:\/\/sinasefesm.com\/index.php\/2024\/05\/04\/governo-oficializa-reajustes-de-beneficios-aos-servidores\/","title":{"rendered":"Governo oficializa reajustes de benef\u00edcios aos servidores"},"content":{"rendered":"\n<p>Nesta ter\u00e7a-feira, 30 de abril, o Governo Federal oficializou a altera\u00e7\u00e3o dos valores de benef\u00edcios concedidos aos servidores federais do Executivo, ap\u00f3s <a href=\"https:\/\/sinasefesm.com\/sinasefe-assina-termo-que-reajusta-beneficios-mas-greve-prossegue\/\">assinatura do termo de reajuste<\/a> feita no dia 25 em conjunto com o Sinasefe. Foram publicadas no Di\u00e1rio Oficial da Uni\u00e3o (DOU) duas portarias: uma relativa ao <a href=\"https:\/\/www.in.gov.br\/en\/web\/dou\/-\/portaria-mgi-n-2.797-de-29-de-abril-de-2024-557081648\">aux\u00edlio-alimenta\u00e7\u00e3o<\/a> e outra relativa <a href=\"https:\/\/www.in.gov.br\/en\/web\/dou\/-\/portaria-mgi-n-2.829-de-29-de-abril-de-2024-557063029\">ao aux\u00edlio-sa\u00fade<\/a>.<\/p>\n\n\n\n<p>O Sindicato aguarda ainda a publica\u00e7\u00e3o da portaria relativa ao aux\u00edlio-creche e refor\u00e7a que seguir\u00e1 na luta e em greve na defesa da equipara\u00e7\u00e3o de benef\u00edcios e do pagamento dos benef\u00edcios aos aposentados.<\/p>\n\n\n\n<p>Os reajustes t\u00eam vig\u00eancia a partir de 1\u00ba de maio, mas s\u00f3 come\u00e7ar\u00e3o a ser pagos nos sal\u00e1rios de junho, retroativos ao m\u00eas de maio.<\/p>\n\n\n\n<h3 class=\"wp-block-heading\"><strong>Portarias com valores<\/strong><\/h3>\n\n\n\n<p>Confira os novos valores de benef\u00edcios nas portarias abaixo:<\/p>\n\n\n\n<div data-wp-interactive=\"core\/file\" class=\"wp-block-file\"><object data-wp-bind--hidden=\"!state.hasPdfPreview\" hidden class=\"wp-block-file__embed\" data=\"https:\/\/sinasefesm.com\/wp-content\/uploads\/2024\/05\/portarias_beneficios.pdf\" type=\"application\/pdf\" style=\"width:100%;height:600px\" aria-label=\"Incorporado de portarias_beneficios.\"><\/object><a id=\"wp-block-file--media-5de71bdf-4671-4afd-be08-f983e48ea6fb\" href=\"https:\/\/sinasefesm.com\/wp-content\/uploads\/2024\/05\/portarias_beneficios.pdf\">portarias_beneficios<\/a><a href=\"https:\/\/sinasefesm.com\/wp-content\/uploads\/2024\/05\/portarias_beneficios.pdf\" class=\"wp-block-file__button wp-element-button\" download aria-describedby=\"wp-block-file--media-5de71bdf-4671-4afd-be08-f983e48ea6fb\">Baixar<\/a><\/div>\n\n\n\n<p><em>Texto: Laurent Keller<\/em><\/p>\n\n\n\n<p><em>Imagem: Sinasefe Nacional<br>Edi\u00e7\u00e3o: Fritz Rivai<\/em>l<\/p>\n\n\n\n<p><em>*Com informa\u00e7\u00f5es do Sinasefe Nacional<\/em><\/p>\n","protected":false},"excerpt":{"rendered":"<p>Nesta ter\u00e7a-feira, 30 de abril, o Governo Federal oficializou a altera\u00e7\u00e3o dos valores de benef\u00edcios concedidos aos servidores federais do Executivo, ap\u00f3s assinatura do termo de reajuste feita no dia 25 em conjunto com o Sinasefe. Foram publicadas no Di\u00e1rio Oficial da Uni\u00e3o (DOU) duas portarias: uma relativa ao aux\u00edlio-alimenta\u00e7\u00e3o e outra relativa ao aux\u00edlio-sa\u00fade.<\/p>\n","protected":false},"author":5,"featured_media":6608,"comment_status":"closed","ping_status":"closed","sticky":true,"template":"","format":"standard","meta":{"footnotes":""},"categories":[37,41,42],"tags":[274],"class_list":{"0":"post-6606","1":"post","2":"type-post","3":"status-publish","4":"format-standard","5":"has-post-thumbnail","7":"category-destaque","8":"category-movimento","9":"category-noticia","10":"tag-reajuste-de-beneficios"},"_links":{"self":[{"href":"https:\/\/sinasefesm.com\/index.php\/wp-json\/wp\/v2\/posts\/6606","targetHints":{"allow":["GET"]}}],"collection":[{"href":"https:\/\/sinasefesm.com\/index.php\/wp-json\/wp\/v2\/posts"}],"about":[{"href":"https:\/\/sinasefesm.com\/index.php\/wp-json\/wp\/v2\/types\/post"}],"author":[{"embeddable":true,"href":"https:\/\/sinasefesm.com\/index.php\/wp-json\/wp\/v2\/users\/5"}],"replies":[{"embeddable":true,"href":"https:\/\/sinasefesm.com\/index.php\/wp-json\/wp\/v2\/comments?post=6606"}],"version-history":[{"count":0,"href":"https:\/\/sinasefesm.com\/index.php\/wp-json\/wp\/v2\/posts\/6606\/revisions"}],"wp:featuredmedia":[{"embeddable":true,"href":"https:\/\/sinasefesm.com\/index.php\/wp-json\/wp\/v2\/media\/6608"}],"wp:attachment":[{"href":"https:\/\/sinasefesm.com\/index.php\/wp-json\/wp\/v2\/media?parent=6606"}],"wp:term":[{"taxonomy":"category","embeddable":true,"href":"https:\/\/sinasefesm.com\/index.php\/wp-json\/wp\/v2\/categories?post=6606"},{"taxonomy":"post_tag","embeddable":true,"href":"https:\/\/sinasefesm.com\/index.php\/wp-json\/wp\/v2\/tags?post=6606"}],"curies":[{"name":"wp","href":"https:\/\/api.w.org\/{rel}","templated":true}]}}