{"id":6618,"date":"2024-05-10T13:35:46","date_gmt":"2024-05-10T13:35:46","guid":{"rendered":"https:\/\/sinasefesm.com\/?p=6618"},"modified":"2024-05-10T13:35:46","modified_gmt":"2024-05-10T13:35:46","slug":"mec-marca-reuniao-da-mesa-setorial-de-negociacao-para-13-05","status":"publish","type":"post","link":"https:\/\/sinasefesm.com\/index.php\/2024\/05\/10\/mec-marca-reuniao-da-mesa-setorial-de-negociacao-para-13-05\/","title":{"rendered":"MEC marca reuni\u00e3o da Mesa Setorial de Negocia\u00e7\u00e3o para 13\/05"},"content":{"rendered":"\n<p>O Minist\u00e9rio da Educa\u00e7\u00e3o (MEC) marcou para o pr\u00f3ximo dia 13\/05 (segunda-feira), \u00e0s 10h, a segunda rodada da Mesa Setorial Permanente de Negocia\u00e7\u00e3o. O espa\u00e7o tem como objetivo debater quest\u00f5es espec\u00edficas de servidora(es) da Educa\u00e7\u00e3o e que n\u00e3o possuam impacto or\u00e7ament\u00e1rio para o governo.<\/p>\n\n\n\n<p>O espa\u00e7o, previsto pelo&nbsp;<a rel=\"noreferrer noopener\" href=\"https:\/\/sinasefe.org.br\/site\/negociacoes-sindicato-assina-protocolo-de-funcionamento-de-negociacoes-com-governo-federal\/\" target=\"_blank\">protocolo de funcionamento<\/a>&nbsp;da Mesa Nacional de Negocia\u00e7\u00e3o Permanente (MNNP), tem previs\u00e3o de presen\u00e7a do MEC (Setec, Corregedoria, Secretaria Executiva e Conjur), do SINASEFE e do Proifes.<\/p>\n\n\n\n<p>O SINASEFE ser\u00e1 representado na reuni\u00e3o pela Coordena\u00e7\u00e3o Geral e pela Coordena\u00e7\u00e3o de Pol\u00edticas Educacionais (David Lob\u00e3o, Artemis Martins, Felipe Oliver, Jo\u00e3o Carlos Cichaczewski e Manoel Jos\u00e9 Porto J\u00fanior).<\/p>\n\n\n\n<p>Fonte e imagem: Sinasefe Nacional<br>Edi\u00e7\u00e3o: Fritz Rivail<\/p>\n\n\n\n<p><\/p>\n","protected":false},"excerpt":{"rendered":"<p>O Minist\u00e9rio da Educa\u00e7\u00e3o (MEC) marcou para o pr\u00f3ximo dia 13\/05 (segunda-feira), \u00e0s 10h, a segunda rodada da Mesa Setorial Permanente de Negocia\u00e7\u00e3o. O espa\u00e7o tem como objetivo debater quest\u00f5es espec\u00edficas de servidora(es) da Educa\u00e7\u00e3o e que n\u00e3o possuam impacto or\u00e7ament\u00e1rio para o governo. O espa\u00e7o, previsto pelo&nbsp;protocolo de funcionamento&nbsp;da Mesa Nacional de Negocia\u00e7\u00e3o Permanente<\/p>\n","protected":false},"author":7,"featured_media":6619,"comment_status":"closed","ping_status":"closed","sticky":true,"template":"","format":"standard","meta":{"footnotes":""},"categories":[42,45],"tags":[167],"class_list":{"0":"post-6618","1":"post","2":"type-post","3":"status-publish","4":"format-standard","5":"has-post-thumbnail","7":"category-noticia","8":"category-sindicato","9":"tag-mec"},"_links":{"self":[{"href":"https:\/\/sinasefesm.com\/index.php\/wp-json\/wp\/v2\/posts\/6618","targetHints":{"allow":["GET"]}}],"collection":[{"href":"https:\/\/sinasefesm.com\/index.php\/wp-json\/wp\/v2\/posts"}],"about":[{"href":"https:\/\/sinasefesm.com\/index.php\/wp-json\/wp\/v2\/types\/post"}],"author":[{"embeddable":true,"href":"https:\/\/sinasefesm.com\/index.php\/wp-json\/wp\/v2\/users\/7"}],"replies":[{"embeddable":true,"href":"https:\/\/sinasefesm.com\/index.php\/wp-json\/wp\/v2\/comments?post=6618"}],"version-history":[{"count":0,"href":"https:\/\/sinasefesm.com\/index.php\/wp-json\/wp\/v2\/posts\/6618\/revisions"}],"wp:featuredmedia":[{"embeddable":true,"href":"https:\/\/sinasefesm.com\/index.php\/wp-json\/wp\/v2\/media\/6619"}],"wp:attachment":[{"href":"https:\/\/sinasefesm.com\/index.php\/wp-json\/wp\/v2\/media?parent=6618"}],"wp:term":[{"taxonomy":"category","embeddable":true,"href":"https:\/\/sinasefesm.com\/index.php\/wp-json\/wp\/v2\/categories?post=6618"},{"taxonomy":"post_tag","embeddable":true,"href":"https:\/\/sinasefesm.com\/index.php\/wp-json\/wp\/v2\/tags?post=6618"}],"curies":[{"name":"wp","href":"https:\/\/api.w.org\/{rel}","templated":true}]}}