{"id":6621,"date":"2024-05-11T14:33:53","date_gmt":"2024-05-11T14:33:53","guid":{"rendered":"https:\/\/sinasefesm.com\/?p=6621"},"modified":"2024-05-11T14:33:53","modified_gmt":"2024-05-11T14:33:53","slug":"sindicatos-definem-pontos-de-arrecadacao-de-doacoes-aos-atingidos-pelas-enchentes","status":"publish","type":"post","link":"https:\/\/sinasefesm.com\/index.php\/2024\/05\/11\/sindicatos-definem-pontos-de-arrecadacao-de-doacoes-aos-atingidos-pelas-enchentes\/","title":{"rendered":"Sindicatos definem pontos de arrecada\u00e7\u00e3o de doa\u00e7\u00f5es"},"content":{"rendered":"\n<p>Com o apoio do Sinasefe de Santa Maria e outras entidades sindicais, 8 localidades est\u00e3o sendo pontos de coleta e distribui\u00e7\u00e3o de doa\u00e7\u00f5es a fam\u00edlias atingidas pelas enchentes que assolam o Rio Grande do Sul, desde 30 de abril. A iniciativa surgiu a partir de reuni\u00f5es feitas entre organiza\u00e7\u00f5es sindicais nesta semana, nos dias 8 e 10 de maio.&nbsp;<\/p>\n\n\n\n<figure class=\"wp-block-gallery has-nested-images columns-default is-cropped wp-block-gallery-1 is-layout-flex wp-block-gallery-is-layout-flex\">\n<figure class=\"wp-block-image size-large\"><img decoding=\"async\" data-id=\"6624\" src=\"https:\/\/sinasefesm.com\/wp-content\/uploads\/2024\/05\/WhatsApp-Image-2024-05-08-at-14.06.03-1-edited.jpeg\" alt=\"\" class=\"wp-image-6624\"\/><\/figure>\n\n\n\n<figure class=\"wp-block-image size-large\"><img decoding=\"async\" data-id=\"6627\" src=\"https:\/\/sinasefesm.com\/wp-content\/uploads\/2024\/05\/WhatsApp-Image-2024-05-10-at-16.53.44-1-edited.jpeg\" alt=\"\" class=\"wp-image-6627\"\/><\/figure>\n<\/figure>\n\n\n\n<p>Dentre os itens de maior necessidade no momento, est\u00e3o: Equipamentos de Prote\u00e7\u00e3o Individual (EPIs), para realizar a limpeza dos espa\u00e7os atingidos; produtos de higiene, como absorventes, escovas e pasta de dente, len\u00e7os umedecidos e sabonetes, roupas de cama e banho, fraldas, cobertores e \u00e1gua; e materiais como panos, vassouras e rodos para limpeza de escolas que foram afetadas.&nbsp;<\/p>\n\n\n\n<p>Por enquanto, doa\u00e7\u00f5es de roupas n\u00e3o s\u00e3o mais necess\u00e1rias. Caso sejam doadas, elas ser\u00e3o vendidas em brech\u00f3s solid\u00e1rios.<\/p>\n\n\n\n<p><strong>Confira os pontos de arrecada\u00e7\u00e3o:&nbsp;<\/strong><\/p>\n\n\n\n<ul class=\"wp-block-list\">\n<li>Projeto esperan\u00e7a, localizado no Centro de Refer\u00eancia em Economia Solid\u00e1ria Dom Ivo Lorscheiter, na rua Heitor Campos, atr\u00e1s da Bas\u00edlica Nossa Senhora Medianeira. <strong>Hor\u00e1rio<\/strong>: das 8h \u00e0s 21h.<\/li>\n\n\n\n<li>Farm\u00e1cias de manipula\u00e7\u00e3o Framatrat, localizadas na rua Acampamento, n.112, t\u00e9rreo, na rua Astrogildo, n. 39 e na rua Astrogildo, n. 354. <strong>Hor\u00e1rio<\/strong>: das 9h \u00e0s 18h;<\/li>\n\n\n\n<li>Hall da Reitoria da UFSM, localizada na av. Roraima, n. 1000, pr\u00e9dio 47, no <em>campus <\/em>sede da UFSM, em Camobi. <strong>Hor\u00e1rio<\/strong>: das 7h \u00e0s 17h;<br>Eurobike, localizada na av. Evandro Behr, n. 7185, em Camobi. <strong>Hor\u00e1rio<\/strong>: das 9h \u00e0s 18h;<\/li>\n\n\n\n<li>ONG M\u00e3os Unidas, localizado no bairro Parque Pinheiro Machado. <strong>Hor\u00e1rio<\/strong>: 9h \u00e0s 18h;<\/li>\n\n\n\n<li>CPERS, localizado na rua Bar\u00e3o do Triunfo, n. 760. <strong>Hor\u00e1rio<\/strong>: das 8h30 \u00e0s 11h;<\/li>\n\n\n\n<li>Hall do bloco F do Col\u00e9gio Polit\u00e9cnico da UFSM, localizado na av. Roraima, n. 1000, pr\u00e9dio 70, no <em>campus <\/em>sede da UFSM, em Camobi. <strong>Hor\u00e1rio<\/strong>: das 7h30 \u00e0s 23h.<\/li>\n<\/ul>\n\n\n\n<p>Todos os hor\u00e1rios de doa\u00e7\u00e3o acima s\u00e3o de segunda a sexta-feira.<\/p>\n\n\n\n<p><strong>A import\u00e2ncia de ajudar<\/strong><\/p>\n\n\n\n<p>A colabora\u00e7\u00e3o de todos \u00e9 importante para que consigamos garantir a dignidade e o retorno da normalidade na vida das pessoas o mais r\u00e1pido poss\u00edvel, conforme destaca a Secret\u00e1ria de Pessoal do Sinasefe, Cl\u00e1udia do Amaral: \u2018<em>\u2019nesta hora de dificuldades, ap\u00f3s eventos clim\u00e1ticos extremos, as nossas energias devem ser canalizadas para aqueles e aquelas que mais precisam. Essa tamb\u00e9m \u00e9 uma miss\u00e3o sindical, ou seja, ela n\u00e3o se restringe a defender os direitos classistas de uma categoria, mas tamb\u00e9m ter um olhar de empatia para todos trabalhadores\/as e popula\u00e7\u00e3o em geral que foram duramente castigados pelos eventos clim\u00e1ticos recentes.<\/em>\u201d<\/p>\n\n\n\n<p>Tamb\u00e9m \u00e9 poss\u00edvel colaborar com doa\u00e7\u00f5es financeiras, via pix:&nbsp;<\/p>\n\n\n\n<p>&#8211; para Liga Yand\u00ea, via e-mail yande@ufsm.br&nbsp;<\/p>\n\n\n\n<p>&#8211; para ONG M\u00e3os Unidas, via telefone (55) 984348385&nbsp;<\/p>\n\n\n\n<p>Posteriormente \u00e0s arrecada\u00e7\u00f5es, ser\u00e1 necess\u00e1ria a colabora\u00e7\u00e3o de volunt\u00e1rios para distribuir os itens doados \u00e0 popula\u00e7\u00e3o.<\/p>\n\n\n\n<hr class=\"wp-block-separator has-alpha-channel-opacity\"\/>\n\n\n\n<p><em>Texto: Laurent Keller<\/em><\/p>\n\n\n\n<p><em>Imagens: arquivo pessoal<\/em><\/p>\n\n\n\n<p><em>Edi\u00e7\u00e3o: Fritz Rivail<\/em><\/p>\n","protected":false},"excerpt":{"rendered":"<p>Com o apoio do Sinasefe de Santa Maria e outras entidades sindicais, 8 localidades est\u00e3o sendo pontos de coleta e distribui\u00e7\u00e3o de doa\u00e7\u00f5es a fam\u00edlias atingidas pelas enchentes que assolam o Rio Grande do Sul, desde 30 de abril. A iniciativa surgiu a partir de reuni\u00f5es feitas entre organiza\u00e7\u00f5es sindicais nesta semana, nos dias 8<\/p>\n","protected":false},"author":5,"featured_media":6625,"comment_status":"closed","ping_status":"closed","sticky":true,"template":"","format":"standard","meta":{"footnotes":""},"categories":[37,41,42],"tags":[109,256],"class_list":{"0":"post-6621","1":"post","2":"type-post","3":"status-publish","4":"format-standard","5":"has-post-thumbnail","7":"category-destaque","8":"category-movimento","9":"category-noticia","10":"tag-doacao","11":"tag-enchentes"},"_links":{"self":[{"href":"https:\/\/sinasefesm.com\/index.php\/wp-json\/wp\/v2\/posts\/6621","targetHints":{"allow":["GET"]}}],"collection":[{"href":"https:\/\/sinasefesm.com\/index.php\/wp-json\/wp\/v2\/posts"}],"about":[{"href":"https:\/\/sinasefesm.com\/index.php\/wp-json\/wp\/v2\/types\/post"}],"author":[{"embeddable":true,"href":"https:\/\/sinasefesm.com\/index.php\/wp-json\/wp\/v2\/users\/5"}],"replies":[{"embeddable":true,"href":"https:\/\/sinasefesm.com\/index.php\/wp-json\/wp\/v2\/comments?post=6621"}],"version-history":[{"count":0,"href":"https:\/\/sinasefesm.com\/index.php\/wp-json\/wp\/v2\/posts\/6621\/revisions"}],"wp:featuredmedia":[{"embeddable":true,"href":"https:\/\/sinasefesm.com\/index.php\/wp-json\/wp\/v2\/media\/6625"}],"wp:attachment":[{"href":"https:\/\/sinasefesm.com\/index.php\/wp-json\/wp\/v2\/media?parent=6621"}],"wp:term":[{"taxonomy":"category","embeddable":true,"href":"https:\/\/sinasefesm.com\/index.php\/wp-json\/wp\/v2\/categories?post=6621"},{"taxonomy":"post_tag","embeddable":true,"href":"https:\/\/sinasefesm.com\/index.php\/wp-json\/wp\/v2\/tags?post=6621"}],"curies":[{"name":"wp","href":"https:\/\/api.w.org\/{rel}","templated":true}]}}