{"id":6639,"date":"2024-05-14T15:00:20","date_gmt":"2024-05-14T15:00:20","guid":{"rendered":"https:\/\/sinasefesm.com\/?p=6639"},"modified":"2024-05-14T15:00:20","modified_gmt":"2024-05-14T15:00:20","slug":"governo-chamou-reuniao-da-carreira-docente-para-quarta-15-05","status":"publish","type":"post","link":"https:\/\/sinasefesm.com\/index.php\/2024\/05\/14\/governo-chamou-reuniao-da-carreira-docente-para-quarta-15-05\/","title":{"rendered":"Governo chamou reuni\u00e3o da carreira docente para quarta, 15\/05"},"content":{"rendered":"\n<p>O Governo Federal agendou para esta quarta-feira (15\/05) a reuni\u00e3o da Mesa Espec\u00edfica Tempor\u00e1ria que trata da reestrutura\u00e7\u00e3o da Carreira Docente.<\/p>\n\n\n\n<p>Recebido pelo SINASEFE na manh\u00e3 de sexta-feira (10\/05), o convite da 5\u00aa rodada de reuni\u00e3o desta inst\u00e2ncia negocial agenda a mesa para 10h30.<\/p>\n\n\n\n<p>O&nbsp;<a rel=\"noreferrer noopener\" href=\"https:\/\/sinasefe.org.br\/site\/conheca-o-cng-desta-semana-4\/\" target=\"_blank\">Comando Nacional de Greve<\/a>&nbsp;(CNG)&nbsp;<a rel=\"noreferrer noopener\" href=\"https:\/\/sinasefe.org.br\/site\/nota-do-comando-nacional-de-greve-do-sinasefe\/\" target=\"_blank\">recebeu com estranheza<\/a>&nbsp;o convite unicamente para tratar das propostas para a Carreira Docente, sem citar nada sobre a Mesa Espec\u00edfica Tempor\u00e1ria que trata da reestrutura\u00e7\u00e3o da Carreira dos T\u00e9cnico-Administrativos.<\/p>\n\n\n\n<p>O SINASEFE ir\u00e1 \u00e0 reuni\u00e3o de 15\/05, mas sustentar\u00e1 que n\u00e3o haver\u00e1 nenhuma sa\u00edda para a\u00a0<a href=\"https:\/\/sinasefe.org.br\/site\/greve-2024\/\" target=\"_blank\" rel=\"noreferrer noopener\">greve<\/a>\u00a0sem receber uma proposta coerente do Governo para atender o segmento dos TAEs.\u00a0<strong><a href=\"https:\/\/sinasefe.org.br\/site\/sem-taes-nao-ha-acordo\/\" target=\"_blank\" rel=\"noreferrer noopener\">Sem TAEs, n\u00e3o h\u00e1 acordo!<\/a><\/strong><\/p>\n\n\n\n<h3 class=\"wp-block-heading\">Hist\u00f3rico<\/h3>\n\n\n\n<p>O SINASEFE&nbsp;<a rel=\"noreferrer noopener\" href=\"https:\/\/sinasefe.org.br\/site\/carreira-propostas-de-reestruturacao-ja-foram-entregues-ao-governo\/\" target=\"_blank\">protocolou, em 02\/08\/2023,<\/a>&nbsp;junto ao Minist\u00e9rio da Gest\u00e3o e da Inova\u00e7\u00e3o em Servi\u00e7os P\u00fablicos (MGI), suas propostas de reestrutura\u00e7\u00e3o de carreira . Os documentos, atualizados em&nbsp;<a rel=\"noreferrer noopener\" href=\"https:\/\/sinasefe.org.br\/site\/181a-plena-encaminhamentos-aprovados\/\" target=\"_blank\">f\u00f3runs do sindicato nacional<\/a>, tratam do&nbsp;<a rel=\"noreferrer noopener\" href=\"http:\/\/www.planalto.gov.br\/ccivil_03\/_ato2004-2006\/2005\/lei\/l11091.htm\" target=\"_blank\">Plano de Carreira dos Cargos T\u00e9cnico-Administrativos em Educa\u00e7\u00e3o (PCCTAE)<\/a>&nbsp;e do&nbsp;<a rel=\"noreferrer noopener\" href=\"http:\/\/www.planalto.gov.br\/ccivil_03\/_ato2011-2014\/2012\/lei\/l12772.htm\" target=\"_blank\">Plano de Carreiras e Cargos de Magist\u00e9rio Federal do Ensino B\u00e1sico, T\u00e9cnico e Tecnol\u00f3gico (PCCMF\/EBTT)<\/a>.<\/p>\n\n\n\n<p>O MGI instalou, a partir do m\u00eas de setembro de 2023, mesas Espec\u00edficas e Tempor\u00e1rias com diferentes categorias, sendo duas delas vinculadas ao SINASEFE: uma da&nbsp;<a rel=\"noreferrer noopener\" href=\"https:\/\/sinasefe.org.br\/site\/mesa-especifica-e-temporaria-para-reestruturacao-do-pcctae-e-instalada-oficialmente-pelo-mgi\/\" target=\"_blank\">Carreira TAE<\/a>&nbsp;e outra da&nbsp;<a rel=\"noreferrer noopener\" href=\"https:\/\/sinasefe.org.br\/site\/governo-instala-mesa-especifica-e-temporaria-para-tratar-da-carreira-docente\/\" target=\"_blank\">Carreira Docente<\/a>. No dia&nbsp;<a href=\"https:\/\/sinasefe.org.br\/site\/carreira-docente-sinasefe-apresenta-proposta-de-reestruturacao-em-mesa-especifica-e-temporaria\/\" target=\"_blank\" rel=\"noreferrer noopener\">3 de outubro de 2023<\/a>, as entidades sindicais apresentaram ao Governo suas propostas de reestrutura\u00e7\u00e3o de carreiras. Al\u00e9m de apresentar as propostas (<a rel=\"noreferrer noopener\" href=\"https:\/\/sinasefe.org.br\/site\/carreira-propostas-de-reestruturacao-ja-foram-entregues-ao-governo\/\" target=\"_blank\">protocoladas desde o in\u00edcio de agosto de 2023<\/a>), o SINASEFE refor\u00e7ou a cobran\u00e7a pela revoga\u00e7\u00e3o urgente da&nbsp;<a rel=\"noreferrer noopener\" href=\"https:\/\/www.in.gov.br\/en\/web\/dou\/-\/instrucao-normativa-sgp\/sedgg\/me-n-66-de-16-de-setembro-de-2022-430411828\" target=\"_blank\">Instru\u00e7\u00e3o Normativa SGP\/ME n\u00ba 66\/2022<\/a>.<\/p>\n\n\n\n<p>Em 22 de fevereiro deste ano, na&nbsp;<a rel=\"noreferrer noopener\" href=\"https:\/\/sinasefe.org.br\/site\/governo-nao-responde-propostas-de-docentes-e-repete-percentual-oferecido-aos-spfs-para-2025-e-2026\/\" target=\"_blank\">3\u00aa reuni\u00e3o da Mesa Espec\u00edfica e Tempor\u00e1ria<\/a>&nbsp;da \u00e1rea da Educa\u00e7\u00e3o, apesar do intervalo de&nbsp;<a rel=\"noreferrer noopener\" href=\"https:\/\/sinasefe.org.br\/site\/carreira-docente-sinasefe-apresenta-proposta-de-reestruturacao-em-mesa-especifica-e-temporaria\/\" target=\"_blank\">142 dias entre as reuni\u00f5es<\/a>, o Governo n\u00e3o apresentou resposta concreta \u00e0s propostas apresentas pelas entidades sindicais. Sem apresentar avan\u00e7os concretos no processo de reestrutura\u00e7\u00e3o, o Governo apenas acenou com o mesmo percentual de reajuste oferecido&nbsp;<a rel=\"noreferrer noopener\" href=\"https:\/\/sinasefe.org.br\/site\/spfs-respondem-contraproposta-governamental-e-preparam-mobilizacao-para-22-02\/\" target=\"_blank\">aos servidores p\u00fablicos federais de forma geral<\/a>&nbsp;(4,5% para 2025 e 4,5% para 2026).<\/p>\n\n\n\n<p>Ainda no \u00e2mbito da reestrutura\u00e7\u00e3o, no caso do PCCTAE, o Minist\u00e9rio da Educa\u00e7\u00e3o (MEC) divulgou no dia 01\/04&nbsp;<a rel=\"noreferrer noopener\" href=\"https:\/\/sinasefe.org.br\/site\/carreira-tae-confira-o-relatorio-final-do-gt-reestruturacao\/\" target=\"_blank\">o relat\u00f3rio final do Grupo de Trabalho (GT) criado no \u00e2mbito da Comiss\u00e3o Nacional de Supervis\u00e3o<\/a>&nbsp;da Carreira dos Cargos T\u00e9cnico-Administrativos em Educa\u00e7\u00e3o (CNSCCTAE). Constru\u00eddo com a participa\u00e7\u00e3o do SINASEFE,&nbsp;<a rel=\"noreferrer noopener\" href=\"https:\/\/sinasefe.org.br\/site\/carreira-tae-informe-da-reuniao-de-27-03-2024\/\" target=\"_blank\">o documento foi entregue em 27\/03 ao ministro da Educa\u00e7\u00e3o, Camilo Santana, e \u00e0 ministra da Gest\u00e3o e da Inova\u00e7\u00e3o em Servi\u00e7os P\u00fablicos, Esther Dweck<\/a>, em Bras\u00edlia-DF.<\/p>\n\n\n\n<p>Por fim, em 19\/04, tivemos a&nbsp;<a rel=\"noreferrer noopener\" href=\"https:\/\/sinasefe.org.br\/site\/carreira-docente-governo-repete-proposta-feita-aos-taes-greve-continua\/\" target=\"_blank\">4\u00aa rodada de negocia\u00e7\u00e3o da Mesa Espec\u00edfica e Tempor\u00e1ria<\/a>, na qual o Governo avan\u00e7ou um pouco na proposta (oferecendo 9% para janeiro de 2025 e 3,5% em maio de 2026), mas ainda sendo incompat\u00edvel com as&nbsp;<a rel=\"noreferrer noopener\" href=\"https:\/\/sinasefe.org.br\/site\/greve-2024-pauta-de-reivindicacoes\/\" target=\"_blank\">reivindica\u00e7\u00f5es da categoria<\/a>&nbsp;\u2013 que est\u00e1 em greve nacional, por tempo indeterminado, desde 03\/04. Por isso que a&nbsp;<a rel=\"noreferrer noopener\" href=\"https:\/\/sinasefe.org.br\/site\/190a-plena-rejeita-propostas-do-governo-e-indica-fortalecimento-da-greve\/\" target=\"_blank\">190\u00aa Plen\u00e1ria Nacional<\/a>&nbsp;<a rel=\"noreferrer noopener\" href=\"https:\/\/sinasefe.org.br\/site\/190a-plena-deliberacoes-aprovadas\/\" target=\"_blank\">rejeitou a proposta<\/a>&nbsp;de 19\/04 por maioria absoluta de votos: 94 x 3, com uma absten\u00e7\u00e3o.<\/p>\n\n\n\n<p>Fundamental e urgente, a luta pela reestrutura\u00e7\u00e3o das carreiras j\u00e1 envolve, h\u00e1 v\u00e1rios meses, milhares de trabalhadores(as) de todo Brasil. No \u00e2mbito do SINASEFE \u2013 e das\u00a0<a href=\"https:\/\/sinasefe.org.br\/site\/secoes-sindicais\/\" target=\"_blank\" rel=\"noreferrer noopener\">se\u00e7\u00f5es sindicais<\/a>\u00a0que o comp\u00f5em \u2013 o debate e a mobiliza\u00e7\u00e3o se ampliaram cada dia mais. Antes de deflagrar a greve atual, foram realizadas numerosas atividades, tanto nacionalmente quanto localmente: grupos de trabalho, plen\u00e1rias, paralisa\u00e7\u00f5es, jornadas de luta, panfletagens, lives, semin\u00e1rios, rodas de conversa e reuni\u00f5es \u2013\u00a0<a href=\"https:\/\/sinasefe.org.br\/site\/reestruturacao-de-carreira-relembre-a-cronologia-desta-luta-fundamental\/\" target=\"_blank\" rel=\"noreferrer noopener\">relembre aqui as principais a\u00e7\u00f5es<\/a>!<\/p>\n\n\n\n<p>Fonte e imagem: Sinasefe Nacional<\/p>\n","protected":false},"excerpt":{"rendered":"<p>O Governo Federal agendou para esta quarta-feira (15\/05) a reuni\u00e3o da Mesa Espec\u00edfica Tempor\u00e1ria que trata da reestrutura\u00e7\u00e3o da Carreira Docente. Recebido pelo SINASEFE na manh\u00e3 de sexta-feira (10\/05), o convite da 5\u00aa rodada de reuni\u00e3o desta inst\u00e2ncia negocial agenda a mesa para 10h30. O&nbsp;Comando Nacional de Greve&nbsp;(CNG)&nbsp;recebeu com estranheza&nbsp;o convite unicamente para tratar das<\/p>\n","protected":false},"author":7,"featured_media":6640,"comment_status":"closed","ping_status":"closed","sticky":true,"template":"","format":"standard","meta":{"footnotes":""},"categories":[42,45],"tags":[],"class_list":{"0":"post-6639","1":"post","2":"type-post","3":"status-publish","4":"format-standard","5":"has-post-thumbnail","7":"category-noticia","8":"category-sindicato"},"_links":{"self":[{"href":"https:\/\/sinasefesm.com\/index.php\/wp-json\/wp\/v2\/posts\/6639","targetHints":{"allow":["GET"]}}],"collection":[{"href":"https:\/\/sinasefesm.com\/index.php\/wp-json\/wp\/v2\/posts"}],"about":[{"href":"https:\/\/sinasefesm.com\/index.php\/wp-json\/wp\/v2\/types\/post"}],"author":[{"embeddable":true,"href":"https:\/\/sinasefesm.com\/index.php\/wp-json\/wp\/v2\/users\/7"}],"replies":[{"embeddable":true,"href":"https:\/\/sinasefesm.com\/index.php\/wp-json\/wp\/v2\/comments?post=6639"}],"version-history":[{"count":0,"href":"https:\/\/sinasefesm.com\/index.php\/wp-json\/wp\/v2\/posts\/6639\/revisions"}],"wp:featuredmedia":[{"embeddable":true,"href":"https:\/\/sinasefesm.com\/index.php\/wp-json\/wp\/v2\/media\/6640"}],"wp:attachment":[{"href":"https:\/\/sinasefesm.com\/index.php\/wp-json\/wp\/v2\/media?parent=6639"}],"wp:term":[{"taxonomy":"category","embeddable":true,"href":"https:\/\/sinasefesm.com\/index.php\/wp-json\/wp\/v2\/categories?post=6639"},{"taxonomy":"post_tag","embeddable":true,"href":"https:\/\/sinasefesm.com\/index.php\/wp-json\/wp\/v2\/tags?post=6639"}],"curies":[{"name":"wp","href":"https:\/\/api.w.org\/{rel}","templated":true}]}}