{"id":6645,"date":"2024-05-16T11:45:05","date_gmt":"2024-05-16T11:45:05","guid":{"rendered":"https:\/\/sinasefesm.com\/?p=6645"},"modified":"2024-05-16T11:45:05","modified_gmt":"2024-05-16T11:45:05","slug":"carreira-docente-governo-traz-novas-nuances-para-debate-nas-bases","status":"publish","type":"post","link":"https:\/\/sinasefesm.com\/index.php\/2024\/05\/16\/carreira-docente-governo-traz-novas-nuances-para-debate-nas-bases\/","title":{"rendered":"Carreira Docente: governo traz novas nuances para debate nas bases"},"content":{"rendered":"\n<p>A&nbsp;<a href=\"https:\/\/sinasefe.org.br\/site\/reuniao-da-mesa-especifica-e-temporaria-carreira-docente-3\/\" target=\"_blank\" rel=\"noreferrer noopener\">5\u00aa reuni\u00e3o da Mesa Espec\u00edfica e Tempor\u00e1ria<\/a>&nbsp;que debate a reestrutura\u00e7\u00e3o da carreira dos docentes&nbsp;<a href=\"https:\/\/sinasefe.org.br\/site\/reestruturacao-reuniao-da-mesa-especifica-temporaria-da-carreira-docente-em-15-05\/\" target=\"_blank\" rel=\"noreferrer noopener\">foi realizada nesta quarta-feira<\/a>&nbsp;(15\/05) e apresentou nuances diferentes da&nbsp;<a href=\"https:\/\/sinasefe.org.br\/site\/carreira-docente-governo-repete-proposta-feita-aos-taes-greve-continua\/\" target=\"_blank\" rel=\"noreferrer noopener\">proposta de 19\/04<\/a>&nbsp;(<a href=\"https:\/\/www.instagram.com\/p\/C6_yXX1LFRD\/\" target=\"_blank\" rel=\"noreferrer noopener\">assista aqui<\/a>&nbsp;a&nbsp;<em>live<\/em>&nbsp;p\u00f3s-reuni\u00e3o).<\/p>\n\n\n\n<p>A reuni\u00e3o da 5\u00aa Mesa da Carreira Docente aconteceu na sede do Minist\u00e9rio da Gest\u00e3o e da Inova\u00e7\u00e3o em Servi\u00e7os P\u00fablicos (MGI), em Bras\u00edlia-DF. Do lado de fora do pr\u00e9dio, os Comandos Nacionais de Greve (CNG)&nbsp;<a href=\"https:\/\/sinasefe.org.br\/site\/conheca-o-cng-desta-semana-5\/\" target=\"_blank\" rel=\"noreferrer noopener\">do SINASEFE<\/a>, do&nbsp;<a href=\"https:\/\/www.andes.org.br\/\" target=\"_blank\" rel=\"noreferrer noopener\">Andes-SN<\/a>&nbsp;e da&nbsp;<a href=\"https:\/\/fasubra.org.br\/\" target=\"_blank\" rel=\"noreferrer noopener\">Fasubra<\/a>&nbsp;<a href=\"https:\/\/sinasefe.org.br\/site\/ato-pela-reestruturacao-do-ebtt\/\" target=\"_blank\" rel=\"noreferrer noopener\">realizaram um ato<\/a>, cobrando o atendimento das&nbsp;<a href=\"https:\/\/sinasefe.org.br\/site\/greve-2024-pauta-de-reivindicacoes\/\" target=\"_blank\" rel=\"noreferrer noopener\">pautas<\/a>&nbsp;da&nbsp;<a href=\"https:\/\/sinasefe.org.br\/site\/greve-2024\/\" target=\"_blank\" rel=\"noreferrer noopener\">greve 2024<\/a>.<\/p>\n\n\n\n<p>A expectativa do sindicato \u00e9 de que as bases discutam o que foi apresentado pelo Governo e,&nbsp;<a href=\"https:\/\/sinasefe.org.br\/site\/mettae\/\" target=\"_blank\" rel=\"noreferrer noopener\">ap\u00f3s a reuni\u00e3o da Mesa que trata da carreira dos t\u00e9cnico-administrativos<\/a>&nbsp;(em 21\/05), tragam um posicionamento concreto sobre aceitar ou recusar a proposta na 191\u00aa Plen\u00e1ria Nacional \u2013 a ser convocada pelo Comando Nacional de Greve (CNG).<\/p>\n\n\n\n<p>Desde 3 de abril o SINASEFE est\u00e1 em greve nacional \u2013 que&nbsp;<a href=\"https:\/\/sinasefe.org.br\/site\/adesao-a-greve-em-09-05-2024\/\" target=\"_blank\" rel=\"noreferrer noopener\">paralisa<\/a>, por tempo indeterminado, mais de 550 unidades de ensino em 25 estados e tamb\u00e9m no Distrito Federal. E uma das principais pautas da nossa greve \u00e9 justamente a reestrutura\u00e7\u00e3o das carreiras do EBTT e do PCCTAE, al\u00e9m da recomposi\u00e7\u00e3o salarial das perdas financeiras dos governos Temer e Bolsonaro.<\/p>\n\n\n\n<h3 class=\"wp-block-heading\"><br><strong>Proposta<\/strong><br><br><strong>Na&nbsp;<a href=\"https:\/\/sinasefe.org.br\/site\/download\/5a-mesa-temporaria-e-especifica-da-carreira-docente-proposta-do-governo\/\" target=\"_blank\" rel=\"noreferrer noopener\">proposta<\/a>&nbsp;apresentada nesta quarta (15\/05), o Governo Federal apresentou:<\/strong><\/h3>\n\n\n\n<ul class=\"wp-block-list\">\n<li>Proposta de reajuste de 9% para janeiro de 2025 e 3,5% para maio de 2026 \u2013&nbsp;<strong>manuten\u00e7\u00e3o da aus\u00eancia de reajuste para 2024<\/strong>;<\/li>\n\n\n\n<li>Achatamento dos n\u00edveis da tabela, reduzindo de 13 para 10, com&nbsp;<em>step<\/em>&nbsp;de 6% no n\u00edvel inicial;<\/li>\n\n\n\n<li>Onde o&nbsp;<em>step<\/em>&nbsp;estava previsto em 4% para 2025, ele passaria para 4,5% (acelera o reajuste);<\/li>\n\n\n\n<li>Onde o&nbsp;<em>step<\/em>&nbsp;estava previsto em 4,5% para 2026, ele passaria para 5% (acelera o reajuste);<\/li>\n\n\n\n<li>Os docentes do EBTT ficariam dispensados do controle eletr\u00f4nico de frequ\u00eancia, conforme norma prevista pelo&nbsp;<a href=\"https:\/\/www2.camara.leg.br\/legin\/fed\/decret\/1995\/decreto-1590-10-agosto-1995-431688-norma-pe.html\">Decreto 1590\/1995<\/a>;<\/li>\n\n\n\n<li>Debate sobre a revoga\u00e7\u00e3o da&nbsp;<a href=\"https:\/\/sinasefe.org.br\/site\/atividade-docente-cnd-divulga-analise-comparativa-de-portarias\/\" target=\"_blank\" rel=\"noreferrer noopener\">Portaria 983\/2020<\/a>&nbsp;passaria para di\u00e1logo entre o sindicato e o Minist\u00e9rio da Educa\u00e7\u00e3o (MEC), nas Mesas Setoriais j\u00e1 existentes com a&nbsp;<a href=\"https:\/\/sinasefe.org.br\/site\/reuniao-da-mesa-setorial-com-a-setec\/\" target=\"_blank\" rel=\"noreferrer noopener\">Secretaria de Educa\u00e7\u00e3o Profissional e Tecnol\u00f3gica<\/a>&nbsp;(Setec) e com a&nbsp;<a href=\"https:\/\/sinasefe.org.br\/site\/reuniao-da-mesa-setorial-com-a-sesu\/\" target=\"_blank\" rel=\"noreferrer noopener\">Secretaria de Educa\u00e7\u00e3o Superior<\/a>&nbsp;(Sesu).<\/li>\n<\/ul>\n\n\n\n<p>Veja o&nbsp;<a href=\"https:\/\/sinasefe.org.br\/site\/download\/5a-mesa-temporaria-e-especifica-da-carreira-docente-proposta-do-governo\/\" target=\"_blank\" rel=\"noreferrer noopener\">documento<\/a>&nbsp;do Governo Federal com a nova proposta para a carreira docente na \u00edntegra&nbsp;.<\/p>\n\n\n\n<p><strong>Prazo do MGI: 27 de maio<\/strong><\/p>\n\n\n\n<p>Jos\u00e9 Lopez Feij\u00f3o, Secret\u00e1rio de Gest\u00e3o de Pessoas e Rela\u00e7\u00e3o do Trabalho do MGI, afirmou que aguarda as entidades classistas da Educa\u00e7\u00e3o Federal para uma resposta e, se positiva, tamb\u00e9m para a assinatura do Termo de Acordo na data de 27 de maio, enfatizando que essa seria uma&nbsp;<em>\u201cproposta final\u201d<\/em>&nbsp;do Governo para dos docentes federais.<\/p>\n\n\n\n<p>Nosso sindicato reafirma que para encerramento da greve ser\u00e1 necess\u00e1rio n\u00e3o apenas termos uma aceita\u00e7\u00e3o da parte dos docentes, mas tamb\u00e9m uma aceita\u00e7\u00e3o dos t\u00e9cnico-administrativos para uma proposta que seja condizente com os anseios da categoria.<\/p>\n\n\n\n<p><strong>Reuni\u00e3o do PCCTAE na ter\u00e7a, 21\/05<\/strong><\/p>\n\n\n\n<p>O governo federal agendou para o dia 21\/05 (ter\u00e7a-feira) a reuni\u00e3o da Mesa Espec\u00edfica Tempor\u00e1ria relativa \u00e0 carreira de trabalhadoras(es) t\u00e9cnico-administrativas(os) em educa\u00e7\u00e3o (TAEs). A inst\u00e2ncia de negocia\u00e7\u00e3o trata da reestrutura\u00e7\u00e3o das carreiras, que est\u00e1 entre as\u00a0<a href=\"https:\/\/sinasefe.org.br\/site\/greve-2024-pauta-de-reivindicacoes\/\" target=\"_blank\" rel=\"noreferrer noopener\">principais reivindica\u00e7\u00f5es da greve do SINASEFE<\/a><\/p>\n\n\n\n<h3 class=\"wp-block-heading\"><strong>Primeiras avalia\u00e7\u00f5es do SINASEFE<\/strong><strong><\/strong><\/h3>\n\n\n\n<p>Houve, preliminarmente, uma&nbsp;<a href=\"https:\/\/www.youtube.com\/live\/RJai7I1skGA\" target=\"_blank\" rel=\"noreferrer noopener\">Super&nbsp;<em>Live<\/em><\/a>&nbsp;que fez a cobertura integral da reuni\u00e3o enquanto a mesma era realizada no MGI.<br><br><em>Fonte e imagem: Sinasefe Nacional<br>Edi\u00e7\u00e3o: Fritz Rivail<\/em><\/p>\n","protected":false},"excerpt":{"rendered":"<p>A&nbsp;5\u00aa reuni\u00e3o da Mesa Espec\u00edfica e Tempor\u00e1ria&nbsp;que debate a reestrutura\u00e7\u00e3o da carreira dos docentes&nbsp;foi realizada nesta quarta-feira&nbsp;(15\/05) e apresentou nuances diferentes da&nbsp;proposta de 19\/04&nbsp;(assista aqui&nbsp;a&nbsp;live&nbsp;p\u00f3s-reuni\u00e3o). A reuni\u00e3o da 5\u00aa Mesa da Carreira Docente aconteceu na sede do Minist\u00e9rio da Gest\u00e3o e da Inova\u00e7\u00e3o em Servi\u00e7os P\u00fablicos (MGI), em Bras\u00edlia-DF. Do lado de fora do pr\u00e9dio,<\/p>\n","protected":false},"author":7,"featured_media":6646,"comment_status":"closed","ping_status":"closed","sticky":true,"template":"","format":"standard","meta":{"footnotes":""},"categories":[41,42,45],"tags":[170,201],"class_list":{"0":"post-6645","1":"post","2":"type-post","3":"status-publish","4":"format-standard","5":"has-post-thumbnail","7":"category-movimento","8":"category-noticia","9":"category-sindicato","10":"tag-mgi","11":"tag-reajuste-salarial"},"_links":{"self":[{"href":"https:\/\/sinasefesm.com\/index.php\/wp-json\/wp\/v2\/posts\/6645","targetHints":{"allow":["GET"]}}],"collection":[{"href":"https:\/\/sinasefesm.com\/index.php\/wp-json\/wp\/v2\/posts"}],"about":[{"href":"https:\/\/sinasefesm.com\/index.php\/wp-json\/wp\/v2\/types\/post"}],"author":[{"embeddable":true,"href":"https:\/\/sinasefesm.com\/index.php\/wp-json\/wp\/v2\/users\/7"}],"replies":[{"embeddable":true,"href":"https:\/\/sinasefesm.com\/index.php\/wp-json\/wp\/v2\/comments?post=6645"}],"version-history":[{"count":0,"href":"https:\/\/sinasefesm.com\/index.php\/wp-json\/wp\/v2\/posts\/6645\/revisions"}],"wp:featuredmedia":[{"embeddable":true,"href":"https:\/\/sinasefesm.com\/index.php\/wp-json\/wp\/v2\/media\/6646"}],"wp:attachment":[{"href":"https:\/\/sinasefesm.com\/index.php\/wp-json\/wp\/v2\/media?parent=6645"}],"wp:term":[{"taxonomy":"category","embeddable":true,"href":"https:\/\/sinasefesm.com\/index.php\/wp-json\/wp\/v2\/categories?post=6645"},{"taxonomy":"post_tag","embeddable":true,"href":"https:\/\/sinasefesm.com\/index.php\/wp-json\/wp\/v2\/tags?post=6645"}],"curies":[{"name":"wp","href":"https:\/\/api.w.org\/{rel}","templated":true}]}}