{"id":6652,"date":"2024-05-22T18:22:57","date_gmt":"2024-05-22T18:22:57","guid":{"rendered":"https:\/\/sinasefesm.com\/?p=6652"},"modified":"2024-05-22T18:22:57","modified_gmt":"2024-05-22T18:22:57","slug":"carreira-tae-nova-rodada-de-negociacao-nao-apresenta-avancos-significativos","status":"publish","type":"post","link":"https:\/\/sinasefesm.com\/index.php\/2024\/05\/22\/carreira-tae-nova-rodada-de-negociacao-nao-apresenta-avancos-significativos\/","title":{"rendered":"Carreira TAE: nova rodada de negocia\u00e7\u00e3o n\u00e3o apresenta avan\u00e7os significativos"},"content":{"rendered":"\n<p>Passados 32 dias da \u00faltima reuni\u00e3o negocial com o segmento, o governo realizou nesta ter\u00e7a (21\/05) a 5\u00aa Reuni\u00e3o da Mesa Espec\u00edfica e Tempor\u00e1ria da Carreira de T\u00e9cnico-Administrativos em Educa\u00e7\u00e3o (TAEs). Ignorando as&nbsp;<a rel=\"noreferrer noopener\" href=\"https:\/\/sinasefe.org.br\/site\/carreira-tae-confira-o-relatorio-final-do-gt-reestruturacao\/\" target=\"_blank\">indica\u00e7\u00f5es do GT que contou com a participa\u00e7\u00e3o dos sindicatos, do MEC e do MGI<\/a>, a nova proposta apresentada segue desrespeitado as(os) trabalhadoras(es).<\/p>\n\n\n\n<p>Esse espa\u00e7o de negocia\u00e7\u00e3o trata de uma das principais reivindica\u00e7\u00f5es da greve deflagrada pelo SINASEFE h\u00e1 49 dias: a&nbsp;<strong>reestrutura\u00e7\u00e3o da carreira<\/strong>&nbsp;TAE. A proposta do sindicato nacional para reestrutura\u00e7\u00e3o do PCCTAE foi&nbsp;<a rel=\"noreferrer noopener\" href=\"https:\/\/sinasefe.org.br\/site\/carreira-propostas-de-reestruturacao-ja-foram-entregues-ao-governo\/\" target=\"_blank\">protocolada ainda em 2023, h\u00e1 295 dias<\/a>. A reuni\u00e3o relativa \u00e0&nbsp;<a rel=\"noreferrer noopener\" href=\"https:\/\/sinasefe.org.br\/site\/carreira-docente-proposta-do-governo-traz-novas-nuances-para-debate-nas-bases\/\" target=\"_blank\">carreira docente aconteceu em 15\/05<\/a>, tamb\u00e9m sem avan\u00e7os significativos.<\/p>\n\n\n\n<p>A greve continua e o teor das propostas (tanto de TAEs quanto de docentes) ser\u00e1 debatido pelas assembleias das se\u00e7\u00f5es sindicais. A decis\u00e3o do SINASEFE sobre aceite, ou n\u00e3o,&nbsp;<a href=\"https:\/\/sinasefe.org.br\/site\/191a-plena-26-de-maio-domingo-formato-hibrido\/\" target=\"_blank\" rel=\"noreferrer noopener\">acontecer\u00e1 na 191\u00aa PLENA, marcada para domingo (26\/05)<\/a>.<\/p>\n\n\n\n<h3 class=\"wp-block-heading\">Proposta aos TAEs<\/h3>\n\n\n\n<p>Na&nbsp;<a rel=\"noreferrer noopener\" href=\"https:\/\/sinasefe.org.br\/site\/download\/5a-mesa-temporaria-e-especifica-da-carreira-docente-proposta-do-governo\/\" target=\"_blank\">proposta<\/a>&nbsp;apresentada hoje (21\/05), o Governo Federal apresentou (em resumo):<\/p>\n\n\n\n<ul class=\"wp-block-list\">\n<li>Lateraliza\u00e7\u00e3o da malha salarial\/tabela;<\/li>\n\n\n\n<li>Proposta de reajuste de 9% para janeiro de 2025 e 5% em maio de 2026 \u2013\u00a0<strong>manuten\u00e7\u00e3o da aus\u00eancia de reajuste para 2024<\/strong>;<\/li>\n\n\n\n<li>Manuten\u00e7\u00e3o das 5 classes, com porcentagens de remunera\u00e7\u00e3o referenciadas no n\u00edvel E1, da seguinte forma: n\u00edvel A 35%; n\u00edvel B 40%; n\u00edvel C 50%, n\u00edvel D 61%;<\/li>\n\n\n\n<li>Discuss\u00e3o com MEC da concess\u00e3o do Reconhecimento de Saberes e Compet\u00eancias (RSC) aos TAEs.<\/li>\n\n\n\n<li>Manuten\u00e7\u00e3o dos\u00a0<em>steps<\/em>\u00a0em 3,9%;<\/li>\n<\/ul>\n\n\n\n<h3 class=\"wp-block-heading\">Ato pela reestrutura\u00e7\u00e3o do PCCTAE<\/h3>\n\n\n\n<p>Durante a realiza\u00e7\u00e3o da Mesa, milhares de trabalhadoras(es) vindos de todo pa\u00eds fizeram uma forte manifesta\u00e7\u00e3o na frente do Minist\u00e9rio da Gest\u00e3o e da Inova\u00e7\u00e3o em Servi\u00e7os P\u00fablicos (MGI),&nbsp;em&nbsp;Bras\u00edlia-DF. A atividade foi um dos eventos da Jornada de Lutas que reuniu participantes de mais de 40 se\u00e7\u00f5es sindicais de todo Brasil, que realizaram tamb\u00e9m um&nbsp;<a href=\"https:\/\/sinasefe.org.br\/site\/ato-da-educacao-federal-milhares-de-servidores-em-greve-tomaram-a-esplanada-dos-ministerios\/\" target=\"_blank\" rel=\"noreferrer noopener\">ato da Educa\u00e7\u00e3o Federal em Greve no per\u00edodo matutino.<\/a><\/p>\n\n\n\n<h3 class=\"wp-block-heading\">Superlive e live de balan\u00e7o<\/h3>\n\n\n\n<p>O CNG-SINASEFE realizou hoje uma&nbsp;<a rel=\"noreferrer noopener\" href=\"https:\/\/www.youtube.com\/live\/RJai7I1skGA\" target=\"_blank\">Super&nbsp;<em>Live<\/em><\/a>&nbsp;que fez a cobertura da reuni\u00e3o e da manifesta\u00e7\u00e3o:<\/p>\n\n\n\n<p>Reveja:<\/p>\n\n\n\n<figure class=\"wp-block-embed is-type-video is-provider-youtube wp-block-embed-youtube wp-embed-aspect-16-9 wp-has-aspect-ratio\"><div class=\"wp-block-embed__wrapper\">\n<iframe title=\"Negocia\u00e7\u00e3o ao vivo: 5\u00aa Mesa Espec\u00edfica e Tempor\u00e1ria da Carreira TAE\" width=\"768\" height=\"432\" src=\"https:\/\/www.youtube.com\/embed\/rgVlnng0bYo?feature=oembed\" frameborder=\"0\" allow=\"accelerometer; autoplay; clipboard-write; encrypted-media; gyroscope; picture-in-picture; web-share\" referrerpolicy=\"strict-origin-when-cross-origin\" allowfullscreen><\/iframe>\n<\/div><\/figure>\n\n\n\n<h3 class=\"wp-block-heading\">Representa\u00e7\u00e3o do sindicato na reuni\u00e3o<\/h3>\n\n\n\n<p>O SINASEFE foi representado na reuni\u00e3o da tarde de 21\/05 por Lucr\u00e9cia Iacovino (coordenadora de pessoal TAE e CNS), David Lob\u00e3o (<a href=\"https:\/\/sinasefe.org.br\/site\/documentos\/direcao-nacional\/coordenacao-geral\/\" target=\"_blank\" rel=\"noreferrer noopener\">coordenador geral<\/a>) e pelos membros da\u00a0<a href=\"https:\/\/sinasefe.org.br\/site\/comissoes\/cns\/\" target=\"_blank\" rel=\"noreferrer noopener\">Comiss\u00e3o Nacional de Supervis\u00e3o<\/a>\u00a0(CNS): Grazielle Fel\u00edcio, Leewertton Marreiro e Wiliiam Carvalho.<\/p>\n\n\n\n<p><em>*com informa\u00e7\u00f5es replicadas do Sinasefe Nacional.<\/em><\/p>\n","protected":false},"excerpt":{"rendered":"<p>Passados 32 dias da \u00faltima reuni\u00e3o negocial com o segmento, o governo realizou nesta ter\u00e7a (21\/05) a 5\u00aa Reuni\u00e3o da Mesa Espec\u00edfica e Tempor\u00e1ria da Carreira de T\u00e9cnico-Administrativos em Educa\u00e7\u00e3o (TAEs). Ignorando as&nbsp;indica\u00e7\u00f5es do GT que contou com a participa\u00e7\u00e3o dos sindicatos, do MEC e do MGI, a nova proposta apresentada segue desrespeitado as(os) trabalhadoras(es).<\/p>\n","protected":false},"author":5,"featured_media":6653,"comment_status":"closed","ping_status":"closed","sticky":true,"template":"","format":"standard","meta":{"footnotes":""},"categories":[37,42],"tags":[76,259],"class_list":{"0":"post-6652","1":"post","2":"type-post","3":"status-publish","4":"format-standard","5":"has-post-thumbnail","7":"category-destaque","8":"category-noticia","9":"tag-carreira-pcctae","10":"tag-governo-federal"},"_links":{"self":[{"href":"https:\/\/sinasefesm.com\/index.php\/wp-json\/wp\/v2\/posts\/6652","targetHints":{"allow":["GET"]}}],"collection":[{"href":"https:\/\/sinasefesm.com\/index.php\/wp-json\/wp\/v2\/posts"}],"about":[{"href":"https:\/\/sinasefesm.com\/index.php\/wp-json\/wp\/v2\/types\/post"}],"author":[{"embeddable":true,"href":"https:\/\/sinasefesm.com\/index.php\/wp-json\/wp\/v2\/users\/5"}],"replies":[{"embeddable":true,"href":"https:\/\/sinasefesm.com\/index.php\/wp-json\/wp\/v2\/comments?post=6652"}],"version-history":[{"count":0,"href":"https:\/\/sinasefesm.com\/index.php\/wp-json\/wp\/v2\/posts\/6652\/revisions"}],"wp:featuredmedia":[{"embeddable":true,"href":"https:\/\/sinasefesm.com\/index.php\/wp-json\/wp\/v2\/media\/6653"}],"wp:attachment":[{"href":"https:\/\/sinasefesm.com\/index.php\/wp-json\/wp\/v2\/media?parent=6652"}],"wp:term":[{"taxonomy":"category","embeddable":true,"href":"https:\/\/sinasefesm.com\/index.php\/wp-json\/wp\/v2\/categories?post=6652"},{"taxonomy":"post_tag","embeddable":true,"href":"https:\/\/sinasefesm.com\/index.php\/wp-json\/wp\/v2\/tags?post=6652"}],"curies":[{"name":"wp","href":"https:\/\/api.w.org\/{rel}","templated":true}]}}