{"id":6656,"date":"2024-05-27T16:43:42","date_gmt":"2024-05-27T16:43:42","guid":{"rendered":"https:\/\/sinasefesm.com\/?p=6656"},"modified":"2024-05-27T16:43:42","modified_gmt":"2024-05-27T16:43:42","slug":"sinasefe-de-santa-maria-faz-assembleia-para-debater-negociacoes-com-o-governo","status":"publish","type":"post","link":"https:\/\/sinasefesm.com\/index.php\/2024\/05\/27\/sinasefe-de-santa-maria-faz-assembleia-para-debater-negociacoes-com-o-governo\/","title":{"rendered":"Sinasefe SM faz assembleia para debater negocia\u00e7\u00e3o com o governo"},"content":{"rendered":"\n<p>O Sinasefe de Santa Maria realiza assembleia nesta ter\u00e7a-feira, 28 de maio, \u00e0s 10h, em primeira chamada, e \u00e0s 10h15, em segunda chamada. O encontro, que acontece de forma presencial, no audit\u00f3rio do Col\u00e9gio T\u00e9cnico Industrial de Santa Maria(CTISM) da UFSM, vai analisar a conjuntura do movimento de greve e as negocia\u00e7\u00f5es relativas \u00e0 recomposi\u00e7\u00e3o salarial de servidores\/as federais da educa\u00e7\u00e3o.<br><\/p>\n\n\n\n<p class=\"has-medium-font-size\"><strong>Servi\u00e7o<\/strong><br><strong>O qu\u00ea? <\/strong>Assembleia docente<br><strong>Quando? <\/strong>Ter\u00e7a, 28 de maio<br><strong>Hora? <\/strong>10h (1\u00aa chamada) e 10h15 (2\u00aa chamada)<br><strong>Pauta?<\/strong> An\u00e1lise da conjuntura do movimento grevista- negocia\u00e7\u00f5es relativas \u00e0 recomposi\u00e7\u00e3o salarial dos servidores federais em educa\u00e7\u00e3o.<\/p>\n\n\n\n<p><em>Texto: Fritz Rivail<\/em><\/p>\n\n\n\n<p><em>Card: Xain\u00e3 Pitaguary<\/em><\/p>\n","protected":false},"excerpt":{"rendered":"<p>O Sinasefe de Santa Maria realiza assembleia nesta ter\u00e7a-feira, 28 de maio, \u00e0s 10h, em primeira chamada, e \u00e0s 10h15, em segunda chamada. O encontro, que acontece de forma presencial, no audit\u00f3rio do Col\u00e9gio T\u00e9cnico Industrial de Santa Maria(CTISM) da UFSM, vai analisar a conjuntura do movimento de greve e as negocia\u00e7\u00f5es relativas \u00e0 recomposi\u00e7\u00e3o<\/p>\n","protected":false},"author":7,"featured_media":6657,"comment_status":"closed","ping_status":"closed","sticky":true,"template":"","format":"standard","meta":{"footnotes":""},"categories":[37,39,42],"tags":[59,260],"class_list":{"0":"post-6656","1":"post","2":"type-post","3":"status-publish","4":"format-standard","5":"has-post-thumbnail","7":"category-destaque","8":"category-eventos","9":"category-noticia","10":"tag-assembleia","11":"tag-greve"},"_links":{"self":[{"href":"https:\/\/sinasefesm.com\/index.php\/wp-json\/wp\/v2\/posts\/6656","targetHints":{"allow":["GET"]}}],"collection":[{"href":"https:\/\/sinasefesm.com\/index.php\/wp-json\/wp\/v2\/posts"}],"about":[{"href":"https:\/\/sinasefesm.com\/index.php\/wp-json\/wp\/v2\/types\/post"}],"author":[{"embeddable":true,"href":"https:\/\/sinasefesm.com\/index.php\/wp-json\/wp\/v2\/users\/7"}],"replies":[{"embeddable":true,"href":"https:\/\/sinasefesm.com\/index.php\/wp-json\/wp\/v2\/comments?post=6656"}],"version-history":[{"count":0,"href":"https:\/\/sinasefesm.com\/index.php\/wp-json\/wp\/v2\/posts\/6656\/revisions"}],"wp:featuredmedia":[{"embeddable":true,"href":"https:\/\/sinasefesm.com\/index.php\/wp-json\/wp\/v2\/media\/6657"}],"wp:attachment":[{"href":"https:\/\/sinasefesm.com\/index.php\/wp-json\/wp\/v2\/media?parent=6656"}],"wp:term":[{"taxonomy":"category","embeddable":true,"href":"https:\/\/sinasefesm.com\/index.php\/wp-json\/wp\/v2\/categories?post=6656"},{"taxonomy":"post_tag","embeddable":true,"href":"https:\/\/sinasefesm.com\/index.php\/wp-json\/wp\/v2\/tags?post=6656"}],"curies":[{"name":"wp","href":"https:\/\/api.w.org\/{rel}","templated":true}]}}