{"id":6663,"date":"2024-05-29T01:58:39","date_gmt":"2024-05-29T01:58:39","guid":{"rendered":"https:\/\/sinasefesm.com\/?p=6663"},"modified":"2024-05-29T01:58:39","modified_gmt":"2024-05-29T01:58:39","slug":"assembleia-do-sinasefe-sm-decide-manter-estado-de-greve","status":"publish","type":"post","link":"https:\/\/sinasefesm.com\/index.php\/2024\/05\/29\/assembleia-do-sinasefe-sm-decide-manter-estado-de-greve\/","title":{"rendered":"Assembleia do Sinasefe SM decide manter \u2018estado de greve\u2019"},"content":{"rendered":"\n<p>Em assembleia ocorrida na manh\u00e3 desta ter\u00e7a, 28 de maio, no Audit\u00f3rio do Col\u00e9gio T\u00e9cnico Industrial da UFSM, a base do Sinasefe Santa Maria decidiu manter o estado de greve. Uma outra plen\u00e1ria ser\u00e1 convocada para quarta, 5 de junho, ap\u00f3s uma nova tentativa de negocia\u00e7\u00e3o com o governo federal, em reuni\u00e3o confirmada para segunda, 3 de junho, \u00e0s 14h.<\/p>\n\n\n\n<figure class=\"wp-block-gallery has-nested-images columns-default is-cropped wp-block-gallery-1 is-layout-flex wp-block-gallery-is-layout-flex\">\n<figure class=\"wp-block-image size-large\"><img decoding=\"async\" data-id=\"6676\" src=\"https:\/\/sinasefesm.com\/wp-content\/uploads\/2024\/05\/WhatsApp-Image-2024-05-28-at-23.10.32-2.jpeg\" alt=\"\" class=\"wp-image-6676\"\/><\/figure>\n<\/figure>\n\n\n\n<p>Conforme a secret\u00e1ria-geral do Sinasefe SM, Cl\u00e1udia do Amaral, uma das dificuldades que tem sido manifestada por filiados\/as \u00e0 entidade para a n\u00e3o ades\u00e3o ao movimento paredista nacional, \u00e9 o atual panorama do Rio Grande do Sul, que enfrenta desde o final de abril os efeitos da crise clim\u00e1tica.<\/p>\n\n\n\n<p>Um outro aspecto levantado durante a reuni\u00e3o desta ter\u00e7a, destaca Cl\u00e1udia, e que tamb\u00e9m coloca entraves \u00e0 greve, \u00e9 o fato de uma das entidades que vinha sentando \u00e0 mesa com o governo, a Proifes Federa\u00e7\u00e3o, ter assinado o acordo com o Executivo \u00e0 revelia do Sinasefe nacional e do ANDES-SN, o que levou o governo a querer fechar as portas para o prosseguimento do di\u00e1logo.<\/p>\n\n\n<div class=\"wp-block-image\">\n<figure class=\"aligncenter size-full\"><img decoding=\"async\" src=\"https:\/\/sinasefesm.com\/wp-content\/uploads\/2024\/05\/WhatsApp-Image-2024-05-28-at-23.10.32-1-2-edited.jpeg\" alt=\"\" class=\"wp-image-6679\"\/><\/figure><\/div>\n\n\n<p>Durante a assembleia desta ter\u00e7a-feira, al\u00e9m dos relatos sobre a situa\u00e7\u00e3o da greve encabe\u00e7ada pelo Sinasefe, e tamb\u00e9m sobre o movimento coordenado pelo ANDES-SN no \u00e2mbito das universidades federais, tamb\u00e9m foi questionado e fez suas manifesta\u00e7\u00f5es, o assessor jur\u00eddico do Sinasefe SM, advogado Heverton Padilha.<\/p>\n\n\n\n<p>Conforme o advogado, h\u00e1 a\u00e7\u00f5es jur\u00eddicas tanto do Sinasefe como do ANDES-SN no sentido de demonstrar que a Proifes, por n\u00e3o ter registro sindical, \u00e9 ileg\u00edtima para assinar o acordo com o governo. No caso da carreira EBTT, ressaltou Padilha, existe decis\u00e3o no Tribunal Superior do Trabalho (TST) que define que a Proifes n\u00e3o representa esse segmento de trabalhadores da educa\u00e7\u00e3o. Dessa forma, o assessor esclareceu que h\u00e1 possibilidade de se tentar anular o acordo assinado por Proifes.<\/p>\n\n\n\n<p><em>Texto: Fritz Rivail<br>Fotos: Matheus S. Leite\/Sinasefe SM<\/em><\/p>\n","protected":false},"excerpt":{"rendered":"<p>Em assembleia ocorrida na manh\u00e3 desta ter\u00e7a, 28 de maio, no Audit\u00f3rio do Col\u00e9gio T\u00e9cnico Industrial da UFSM, a base do Sinasefe Santa Maria decidiu manter o estado de greve. Uma outra plen\u00e1ria ser\u00e1 convocada para quarta, 5 de junho, ap\u00f3s uma nova tentativa de negocia\u00e7\u00e3o com o governo federal, em reuni\u00e3o confirmada para segunda,<\/p>\n","protected":false},"author":7,"featured_media":6665,"comment_status":"closed","ping_status":"closed","sticky":true,"template":"","format":"standard","meta":{"footnotes":""},"categories":[37,41,42,45,46],"tags":[262,273],"class_list":{"0":"post-6663","1":"post","2":"type-post","3":"status-publish","4":"format-standard","5":"has-post-thumbnail","7":"category-destaque","8":"category-movimento","9":"category-noticia","10":"category-sindicato","11":"category-uncategorized","12":"tag-juridico","13":"tag-proifes"},"_links":{"self":[{"href":"https:\/\/sinasefesm.com\/index.php\/wp-json\/wp\/v2\/posts\/6663","targetHints":{"allow":["GET"]}}],"collection":[{"href":"https:\/\/sinasefesm.com\/index.php\/wp-json\/wp\/v2\/posts"}],"about":[{"href":"https:\/\/sinasefesm.com\/index.php\/wp-json\/wp\/v2\/types\/post"}],"author":[{"embeddable":true,"href":"https:\/\/sinasefesm.com\/index.php\/wp-json\/wp\/v2\/users\/7"}],"replies":[{"embeddable":true,"href":"https:\/\/sinasefesm.com\/index.php\/wp-json\/wp\/v2\/comments?post=6663"}],"version-history":[{"count":0,"href":"https:\/\/sinasefesm.com\/index.php\/wp-json\/wp\/v2\/posts\/6663\/revisions"}],"wp:featuredmedia":[{"embeddable":true,"href":"https:\/\/sinasefesm.com\/index.php\/wp-json\/wp\/v2\/media\/6665"}],"wp:attachment":[{"href":"https:\/\/sinasefesm.com\/index.php\/wp-json\/wp\/v2\/media?parent=6663"}],"wp:term":[{"taxonomy":"category","embeddable":true,"href":"https:\/\/sinasefesm.com\/index.php\/wp-json\/wp\/v2\/categories?post=6663"},{"taxonomy":"post_tag","embeddable":true,"href":"https:\/\/sinasefesm.com\/index.php\/wp-json\/wp\/v2\/tags?post=6663"}],"curies":[{"name":"wp","href":"https:\/\/api.w.org\/{rel}","templated":true}]}}