{"id":6690,"date":"2024-06-05T17:14:32","date_gmt":"2024-06-05T17:14:32","guid":{"rendered":"https:\/\/sinasefesm.com\/?p=6690"},"modified":"2024-06-05T17:14:32","modified_gmt":"2024-06-05T17:14:32","slug":"reestruturacao-governo-agenda-reuniao-do-pcctae-para-terca","status":"publish","type":"post","link":"https:\/\/sinasefesm.com\/index.php\/2024\/06\/05\/reestruturacao-governo-agenda-reuniao-do-pcctae-para-terca\/","title":{"rendered":"Reestrutura\u00e7\u00e3o: governo agenda reuni\u00e3o do PCCTAE para 11\/06"},"content":{"rendered":"\n<p>O governo federal agendou para o dia 11\/06 (ter\u00e7a-feira), \u00e0s 16h, a 6\u00aa reuni\u00e3o da Mesa Espec\u00edfica Tempor\u00e1ria relativa \u00e0 carreira de trabalhadoras(es) t\u00e9cnico-administrativas(os) em educa\u00e7\u00e3o (TAEs). A inst\u00e2ncia de negocia\u00e7\u00e3o trata da reestrutura\u00e7\u00e3o das carreiras, que est\u00e1 entre as\u00a0<a href=\"https:\/\/sinasefe.org.br\/site\/greve-2024-pauta-de-reivindicacoes\/\" target=\"_blank\" rel=\"noreferrer noopener\">principais reivindica\u00e7\u00f5es da greve do SINASEFE<\/a>. O encontro ocorrer\u00e1 no Minist\u00e9rio de Gest\u00e3o e Inova\u00e7\u00e3o em Servi\u00e7os P\u00fablicos (MGI), na Esplanada dos Minist\u00e9rios, bloco C e sala 982, em Bras\u00edlia-DF.<\/p>\n\n\n\n<p>Urgente e fundamental, a luta pela reestrutura\u00e7\u00e3o das carreiras j\u00e1 envolve, h\u00e1 v\u00e1rios meses, milhares de trabalhadores(as) de todo Brasil. No \u00e2mbito do SINASEFE \u2013 e das\u00a0<a href=\"https:\/\/sinasefe.org.br\/site\/secoes-sindicais\/\" target=\"_blank\" rel=\"noreferrer noopener\">se\u00e7\u00f5es sindicais<\/a>\u00a0que o comp\u00f5em \u2013\u00a0<strong>o debate e a mobiliza\u00e7\u00e3o se ampliaram cada dia mais<\/strong>. Antes de deflagrar a greve atual,\u00a0<strong>foram realizadas numerosas atividades, tanto nacionalmente quanto localmente: grupos de trabalho, plen\u00e1rias, paralisa\u00e7\u00f5es, jornadas de luta, panfletagens, lives, semin\u00e1rios, rodas de conversa e reuni\u00f5es<\/strong>\u00a0\u2013\u00a0<a href=\"https:\/\/sinasefe.org.br\/site\/reestruturacao-de-carreira-relembre-a-cronologia-desta-luta-fundamental\/\" target=\"_blank\" rel=\"noreferrer noopener\">relembre aqui as principais a\u00e7\u00f5es<\/a>!<\/p>\n\n\n\n<hr class=\"wp-block-separator has-alpha-channel-opacity\"\/>\n\n\n\n<p><em>*Com informa\u00e7\u00f5es do Sinasefe Nacional.<\/em><\/p>\n","protected":false},"excerpt":{"rendered":"<p>O governo federal agendou para o dia 11\/06 (ter\u00e7a-feira), \u00e0s 16h, a 6\u00aa reuni\u00e3o da Mesa Espec\u00edfica Tempor\u00e1ria relativa \u00e0 carreira de trabalhadoras(es) t\u00e9cnico-administrativas(os) em educa\u00e7\u00e3o (TAEs). A inst\u00e2ncia de negocia\u00e7\u00e3o trata da reestrutura\u00e7\u00e3o das carreiras, que est\u00e1 entre as\u00a0principais reivindica\u00e7\u00f5es da greve do SINASEFE. O encontro ocorrer\u00e1 no Minist\u00e9rio de Gest\u00e3o e Inova\u00e7\u00e3o em<\/p>\n","protected":false},"author":5,"featured_media":6691,"comment_status":"closed","ping_status":"closed","sticky":true,"template":"","format":"standard","meta":{"footnotes":""},"categories":[37,39,42],"tags":[183,275,278],"class_list":{"0":"post-6690","1":"post","2":"type-post","3":"status-publish","4":"format-standard","5":"has-post-thumbnail","7":"category-destaque","8":"category-eventos","9":"category-noticia","10":"tag-pcctae","11":"tag-reestruturacao","12":"tag-reuniao"},"_links":{"self":[{"href":"https:\/\/sinasefesm.com\/index.php\/wp-json\/wp\/v2\/posts\/6690","targetHints":{"allow":["GET"]}}],"collection":[{"href":"https:\/\/sinasefesm.com\/index.php\/wp-json\/wp\/v2\/posts"}],"about":[{"href":"https:\/\/sinasefesm.com\/index.php\/wp-json\/wp\/v2\/types\/post"}],"author":[{"embeddable":true,"href":"https:\/\/sinasefesm.com\/index.php\/wp-json\/wp\/v2\/users\/5"}],"replies":[{"embeddable":true,"href":"https:\/\/sinasefesm.com\/index.php\/wp-json\/wp\/v2\/comments?post=6690"}],"version-history":[{"count":0,"href":"https:\/\/sinasefesm.com\/index.php\/wp-json\/wp\/v2\/posts\/6690\/revisions"}],"wp:featuredmedia":[{"embeddable":true,"href":"https:\/\/sinasefesm.com\/index.php\/wp-json\/wp\/v2\/media\/6691"}],"wp:attachment":[{"href":"https:\/\/sinasefesm.com\/index.php\/wp-json\/wp\/v2\/media?parent=6690"}],"wp:term":[{"taxonomy":"category","embeddable":true,"href":"https:\/\/sinasefesm.com\/index.php\/wp-json\/wp\/v2\/categories?post=6690"},{"taxonomy":"post_tag","embeddable":true,"href":"https:\/\/sinasefesm.com\/index.php\/wp-json\/wp\/v2\/tags?post=6690"}],"curies":[{"name":"wp","href":"https:\/\/api.w.org\/{rel}","templated":true}]}}