{"id":6710,"date":"2024-06-06T12:37:26","date_gmt":"2024-06-06T12:37:26","guid":{"rendered":"https:\/\/sinasefesm.com\/?p=6710"},"modified":"2024-06-06T12:37:26","modified_gmt":"2024-06-06T12:37:26","slug":"dia-de-luta-da-educacao-federal-consegue-retomar-negociacoes","status":"publish","type":"post","link":"https:\/\/sinasefesm.com\/index.php\/2024\/06\/06\/dia-de-luta-da-educacao-federal-consegue-retomar-negociacoes\/","title":{"rendered":"Dia de Luta da Educa\u00e7\u00e3o Federal garante retomada de negocia\u00e7\u00f5es"},"content":{"rendered":"\n<p>Ap\u00f3s forte press\u00e3o devido a ocupa\u00e7\u00f5es de grevistas feitas em Bras\u00edlia e tamb\u00e9m em Macei\u00f3 e diante de dezenas de protestos ao redor do Brasil, o Minist\u00e9rio da Gest\u00e3o e Inova\u00e7\u00e3o (MGI) agendou na segunda-feira, 3 de junho, no Dia de Luta da Educa\u00e7\u00e3o, reuni\u00f5es para retomar negocia\u00e7\u00f5es com a Educa\u00e7\u00e3o Federal.<\/p>\n\n\n\n<p>A agenda formalizada prev\u00ea encontros na ter\u00e7a, 11 de junho (carreira dos TAE) e 14 de junho, sexta, da carreira docente. No entendimento do CNG do Sinasefe, a greve continua por tempo indeterminado, at\u00e9 o atendimento digno das reivindica\u00e7\u00f5es&nbsp;da&nbsp;categoria.<\/p>\n\n\n\n<p>Mais informa\u00e7\u00f5es sobre o dia de mobiliza\u00e7\u00f5es <strong><a href=\"https:\/\/sinasefe.org.br\/site\/jornada-de-lutas-envolvera-trabalhadorases-em-brasilia-e-nos-estados-entre-10-e-14-06\/\">aqui<\/a><\/strong>.<\/p>\n\n\n\n<p><strong>Jornada de lutas e assembleia<br><\/strong><br>Entre os dias 10 e 14 de junho, trabalhadoras(es) de todo pa\u00eds realizar\u00e3o uma nova Jornada de Lutas em Bras\u00edlia-DF e nos estados. Al\u00e9m de se deslocarem em caravanas para a capital federal, as se\u00e7\u00f5es sindicais do SINASEFE s\u00e3o convidadas a organizar atividades locais de greve.<\/p>\n\n\n\n<p>O Sinasefe Santa Maria realizar\u00e1 uma assembleia na ter\u00e7a, 11 de junho, \u00e0s 10h, no Audit\u00f3rio do Col\u00e9gio Polit\u00e9cnico da UFSM tendo como pauta a avalia\u00e7\u00e3o do movimento grevista.<\/p>\n\n\n\n<p><em>Texto: Fritz Rivail com informa\u00e7\u00f5es do Sinasefe<br>Foto: Sinasefe nacional<\/em><\/p>\n","protected":false},"excerpt":{"rendered":"<p>Ap\u00f3s forte press\u00e3o devido a ocupa\u00e7\u00f5es de grevistas feitas em Bras\u00edlia e tamb\u00e9m em Macei\u00f3 e diante de dezenas de protestos ao redor do Brasil, o Minist\u00e9rio da Gest\u00e3o e Inova\u00e7\u00e3o (MGI) agendou na segunda-feira, 3 de junho, no Dia de Luta da Educa\u00e7\u00e3o, reuni\u00f5es para retomar negocia\u00e7\u00f5es com a Educa\u00e7\u00e3o Federal. A agenda formalizada<\/p>\n","protected":false},"author":7,"featured_media":6711,"comment_status":"closed","ping_status":"closed","sticky":true,"template":"","format":"standard","meta":{"footnotes":""},"categories":[37,41,42,45],"tags":[],"class_list":{"0":"post-6710","1":"post","2":"type-post","3":"status-publish","4":"format-standard","5":"has-post-thumbnail","7":"category-destaque","8":"category-movimento","9":"category-noticia","10":"category-sindicato"},"_links":{"self":[{"href":"https:\/\/sinasefesm.com\/index.php\/wp-json\/wp\/v2\/posts\/6710","targetHints":{"allow":["GET"]}}],"collection":[{"href":"https:\/\/sinasefesm.com\/index.php\/wp-json\/wp\/v2\/posts"}],"about":[{"href":"https:\/\/sinasefesm.com\/index.php\/wp-json\/wp\/v2\/types\/post"}],"author":[{"embeddable":true,"href":"https:\/\/sinasefesm.com\/index.php\/wp-json\/wp\/v2\/users\/7"}],"replies":[{"embeddable":true,"href":"https:\/\/sinasefesm.com\/index.php\/wp-json\/wp\/v2\/comments?post=6710"}],"version-history":[{"count":0,"href":"https:\/\/sinasefesm.com\/index.php\/wp-json\/wp\/v2\/posts\/6710\/revisions"}],"wp:featuredmedia":[{"embeddable":true,"href":"https:\/\/sinasefesm.com\/index.php\/wp-json\/wp\/v2\/media\/6711"}],"wp:attachment":[{"href":"https:\/\/sinasefesm.com\/index.php\/wp-json\/wp\/v2\/media?parent=6710"}],"wp:term":[{"taxonomy":"category","embeddable":true,"href":"https:\/\/sinasefesm.com\/index.php\/wp-json\/wp\/v2\/categories?post=6710"},{"taxonomy":"post_tag","embeddable":true,"href":"https:\/\/sinasefesm.com\/index.php\/wp-json\/wp\/v2\/tags?post=6710"}],"curies":[{"name":"wp","href":"https:\/\/api.w.org\/{rel}","templated":true}]}}