{"id":6719,"date":"2024-06-10T12:44:18","date_gmt":"2024-06-10T12:44:18","guid":{"rendered":"https:\/\/sinasefesm.com\/?p=6719"},"modified":"2024-06-10T12:44:18","modified_gmt":"2024-06-10T12:44:18","slug":"sinasefe-sm-convida-para-a-marcha-em-defesa-da-educacao","status":"publish","type":"post","link":"https:\/\/sinasefesm.com\/index.php\/2024\/06\/10\/sinasefe-sm-convida-para-a-marcha-em-defesa-da-educacao\/","title":{"rendered":"Sinasefe SM convida para a Marcha em Defesa da Educa\u00e7\u00e3o"},"content":{"rendered":"\n<p>O Sinasefe Santa Maria est\u00e1 convidando sua base, formada tanto por docentes como t\u00e9cnico-administrativos da carreira EBTT, para a <em>Marcha em Defesa da Educa\u00e7\u00e3o<\/em>, que ocorre na tarde desta ter\u00e7a, 11 de junho. \u00a0O evento acontece em uma semana de mobiliza\u00e7\u00f5es dos trabalhadores e das trabalhadoras da educa\u00e7\u00e3o, que est\u00e3o em greve em todo o pa\u00eds, e que t\u00eam reuni\u00f5es com o governo federal.<\/p>\n\n\n\n<p>A concentra\u00e7\u00e3o para a marcha acontece a partir das 13h30 na pra\u00e7a Jo\u00e3o Pedro Menna Barreto, mais conhecida como pra\u00e7a dos Bombeiros, em Santa Maria. A sa\u00edda da Marcha est\u00e1 marcada para iniciar \u00e0s 15h.<\/p>\n\n\n\n<p>A atividade \u00e9 resultado da organiza\u00e7\u00e3o conjunta dos sindicatos e entidades estudantis: Assufsm, Sedufsm, Sinasefe, DCE e Associa\u00e7\u00e3o de P\u00f3s-Graduandos (APG). A pauta das categorias inclui temas como sal\u00e1rio e carreira, mas, al\u00e9m disso, a recomposi\u00e7\u00e3o or\u00e7ament\u00e1ria das Institui\u00e7\u00f5es Federais de Ensino tamb\u00e9m est\u00e1 entre as prioridades.<\/p>\n\n\n\n<p><em>Texto: Fritz Rivail<\/em><em><\/em><\/p>\n\n\n\n<p><em>Arte: Italo de Paula\/Sedufsm<\/em><\/p>\n","protected":false},"excerpt":{"rendered":"<p>O Sinasefe Santa Maria est\u00e1 convidando sua base, formada tanto por docentes como t\u00e9cnico-administrativos da carreira EBTT, para a Marcha em Defesa da Educa\u00e7\u00e3o, que ocorre na tarde desta ter\u00e7a, 11 de junho. \u00a0O evento acontece em uma semana de mobiliza\u00e7\u00f5es dos trabalhadores e das trabalhadoras da educa\u00e7\u00e3o, que est\u00e3o em greve em todo o<\/p>\n","protected":false},"author":7,"featured_media":6720,"comment_status":"closed","ping_status":"closed","sticky":true,"template":"","format":"standard","meta":{"footnotes":""},"categories":[37,41,45],"tags":[259,265,269,225],"class_list":{"0":"post-6719","1":"post","2":"type-post","3":"status-publish","4":"format-standard","5":"has-post-thumbnail","7":"category-destaque","8":"category-movimento","9":"category-sindicato","10":"tag-governo-federal","11":"tag-marcha","12":"tag-orcamento","13":"tag-ufsm"},"_links":{"self":[{"href":"https:\/\/sinasefesm.com\/index.php\/wp-json\/wp\/v2\/posts\/6719","targetHints":{"allow":["GET"]}}],"collection":[{"href":"https:\/\/sinasefesm.com\/index.php\/wp-json\/wp\/v2\/posts"}],"about":[{"href":"https:\/\/sinasefesm.com\/index.php\/wp-json\/wp\/v2\/types\/post"}],"author":[{"embeddable":true,"href":"https:\/\/sinasefesm.com\/index.php\/wp-json\/wp\/v2\/users\/7"}],"replies":[{"embeddable":true,"href":"https:\/\/sinasefesm.com\/index.php\/wp-json\/wp\/v2\/comments?post=6719"}],"version-history":[{"count":0,"href":"https:\/\/sinasefesm.com\/index.php\/wp-json\/wp\/v2\/posts\/6719\/revisions"}],"wp:featuredmedia":[{"embeddable":true,"href":"https:\/\/sinasefesm.com\/index.php\/wp-json\/wp\/v2\/media\/6720"}],"wp:attachment":[{"href":"https:\/\/sinasefesm.com\/index.php\/wp-json\/wp\/v2\/media?parent=6719"}],"wp:term":[{"taxonomy":"category","embeddable":true,"href":"https:\/\/sinasefesm.com\/index.php\/wp-json\/wp\/v2\/categories?post=6719"},{"taxonomy":"post_tag","embeddable":true,"href":"https:\/\/sinasefesm.com\/index.php\/wp-json\/wp\/v2\/tags?post=6719"}],"curies":[{"name":"wp","href":"https:\/\/api.w.org\/{rel}","templated":true}]}}